{"id":223251,"date":"2025-11-07T11:16:13","date_gmt":"2025-11-07T11:16:13","guid":{"rendered":"https:\/\/www.europesays.com\/es\/223251\/"},"modified":"2025-11-07T11:16:13","modified_gmt":"2025-11-07T11:16:13","slug":"el-vitoriano-crossfitero-que-entra-en-gran-hermano-tengo-pinta-de-vasco-rudo-pero-soy-un-cachito-de-pan","status":"publish","type":"post","link":"https:\/\/www.europesays.com\/es\/223251\/","title":{"rendered":"El vitoriano &#8216;crossfitero&#8217; que entra en &#8216;Gran Hermano&#8217;: \u00abTengo pinta de vasco rudo pero soy un cachito de pan\u00bb"},"content":{"rendered":"<p><img fetchpriority=\"high\" class=\"v-a-img\" src=\"https:\/\/www.europesays.com\/es\/wp-content\/uploads\/2025\/11\/inigo-tina.JPG\" loading=\"eager\" decoding=\"async\" alt=\"El vitoriano 'crossfitero' que entra en 'Gran Hermano': \u00abTengo pinta de vasco rudo pero soy un cachito de pan\u00bb\"  width=\"1200\" height=\"840\"\/><\/p>\n<p>I\u00f1igo Tina, de 32 a\u00f1os, dice que est\u00e1 abierto al amor pero que su futura pareja debe respetar a Bruma, su &#8216;mujer perruna&#8217;<\/p>\n<p class=\"v-mdl-ath__p v-mdl-ath__p--6\">\nViernes, 7 de noviembre 2025, 09:59<\/p>\n<p>| Actualizado 10:06h.<\/p>\n<p class=\"v-p\">I\u00f1igo Tina (Vitoria, 32 a\u00f1os) es uno de los veinte concursantes de la vig\u00e9sima edici\u00f3n de &#8216;Gran Hermano&#8217; que se estren\u00f3 ayer en Telecinco. El joven ya duerme entre las paredes de la casa m\u00e1s famosa de la televisi\u00f3n, ahora trasladada desde Guadalix hasta Tres Cantos. El nuevo inmueble es una infraestructura m\u00e1s moderna, de 1.700 metros cuadrados, y m\u00e1s adaptada a las necesidades de los nuevos tiempos&#8230; All\u00ed I\u00f1igo tendr\u00e1 que convivir con 19 rivales, que luchar\u00e1n por hacerse con el ansiado malet\u00edn valorado en 150.000 euros.<\/p>\n<p class=\"v-p\">Este vitoriano es un amante del gimnasio y del mundo del &#8216;crossfit&#8217;, un deporte que practica habitualmente, tal y como presume en su v\u00eddeo de presentaci\u00f3n. Es ingeniero, dice tener mucho car\u00e1cter y asegura que es \u00abmuy estricto conmigo y con los dem\u00e1s\u00bb. Pero tranquiliza a sus compa\u00f1eros: \u00abAunque tengo pinta de vasco rudo en realidad soy un cachito de pan\u00bb.<\/p>\n<p class=\"v-p\">Tambi\u00e9n se define como \u00abnatural y honesto\u00bb porque \u00abdigo las cosas como las siento\u00bb. Es cuesti\u00f3n de hor\u00f3scopos, piensa \u00e9l: \u00abSoy Aries as\u00ed que tengo un car\u00e1cter muy marcado y cuando me tocan las narices se me nota\u00bb.<\/p>\n<p><img decoding=\"async\" loading=\"lazy\" src=\"https:\/\/www.europesays.com\/es\/wp-content\/uploads\/2025\/11\/inigo-gh.JPG\" class=\"v-a-img\" width=\"635\" height=\"768\" alt=\"\" data-voc-vtm-id=\"in-text-traffic\"\/><\/p>\n<p><img loading=\"lazy\" decoding=\"async\" src=\"https:\/\/www.europesays.com\/es\/wp-content\/uploads\/2025\/11\/inigo-gh.JPG\" class=\"v-mdl__img-z\" width=\"635\" height=\"768\" alt=\"\"\/><\/p>\n<p class=\"v-p\">Se da la casualidad que I\u00f1igo conoci\u00f3 a una joven llamada Edurne en el casting de &#8216;GH&#8217; en Barcelona&#8230; y surgi\u00f3 la chispa. Ahora ambos convivir\u00e1n juntos. Anoche se reencontraron en una de las salas externas de la casa, antes de reunirse con sus nuevos compa\u00f1eros, y alucinaron con la sorpresa. \u00abLo sab\u00eda, te lo juro que estaba pensando en ti\u00bb, le dijo ella mientras que \u00e9l confesaba que le hab\u00eda costado reconocerla por \u00abestar desubicado\u00bb. \u00abQu\u00e9 fuerte, parece que fue ayer\u00bb, dijo el vitoriano. La pareja recibi\u00f3 la bendici\u00f3n de Jorge Javier V\u00e1zquez: \u00abTen\u00e9is muchos d\u00edas por delante para conoceros m\u00e1s a fondo, mucha suerte y a la casa\u00bb.<\/p>\n<p class=\"v-p\">Si surge el amor entre I\u00f1igo y Edurne, esta \u00faltima tendr\u00e1 que respetar a la otra &#8216;mujer&#8217; del joven vitoriano. Se llama Bruma, tiene 3 a\u00f1os y seg\u00fan I\u00f1igo es la \u00abmujer de mi vida\u00bb. Su perra lo es todo para \u00e9l. Se la lleva al monte, al campo, a la playa&#8230; cualquier plan con ella es ideal. \u00abAunque estoy casado con ella estoy abierto al amor y poder encontrar a alguien con quien compartir estos momentos&#8230; Si me enamoro me enamoro\u00bb, cuenta entre risas en su v\u00eddeo de presentaci\u00f3n.<\/p>\n<p>Reporta un error<\/p>\n","protected":false},"excerpt":{"rendered":"I\u00f1igo Tina, de 32 a\u00f1os, dice que est\u00e1 abierto al amor pero que su futura pareja debe respetar&hellip;\n","protected":false},"author":2,"featured_media":223252,"comment_status":"","ping_status":"","sticky":false,"template":"","format":"standard","meta":{"footnotes":""},"categories":[171],"tags":[57139,59194,2562,146,7115,147,25,24,3956,37,12961,34548,23,214,7674,40318],"class_list":{"0":"post-223251","1":"post","2":"type-post","3":"status-publish","4":"format-standard","5":"has-post-thumbnail","7":"category-tv","8":"tag-cachito","9":"tag-crossfitero","10":"tag-duro","11":"tag-entertainment","12":"tag-entra","13":"tag-entretenimiento","14":"tag-es","15":"tag-espana","16":"tag-gran","17":"tag-hermano","18":"tag-pan","19":"tag-pinta","20":"tag-spain","21":"tag-tv","22":"tag-vasco","23":"tag-vitoriano"},"share_on_mastodon":{"url":"https:\/\/pubeurope.com\/@es\/115508136327395400","error":""},"_links":{"self":[{"href":"https:\/\/www.europesays.com\/es\/wp-json\/wp\/v2\/posts\/223251","targetHints":{"allow":["GET"]}}],"collection":[{"href":"https:\/\/www.europesays.com\/es\/wp-json\/wp\/v2\/posts"}],"about":[{"href":"https:\/\/www.europesays.com\/es\/wp-json\/wp\/v2\/types\/post"}],"author":[{"embeddable":true,"href":"https:\/\/www.europesays.com\/es\/wp-json\/wp\/v2\/users\/2"}],"replies":[{"embeddable":true,"href":"https:\/\/www.europesays.com\/es\/wp-json\/wp\/v2\/comments?post=223251"}],"version-history":[{"count":0,"href":"https:\/\/www.europesays.com\/es\/wp-json\/wp\/v2\/posts\/223251\/revisions"}],"wp:featuredmedia":[{"embeddable":true,"href":"https:\/\/www.europesays.com\/es\/wp-json\/wp\/v2\/media\/223252"}],"wp:attachment":[{"href":"https:\/\/www.europesays.com\/es\/wp-json\/wp\/v2\/media?parent=223251"}],"wp:term":[{"taxonomy":"category","embeddable":true,"href":"https:\/\/www.europesays.com\/es\/wp-json\/wp\/v2\/categories?post=223251"},{"taxonomy":"post_tag","embeddable":true,"href":"https:\/\/www.europesays.com\/es\/wp-json\/wp\/v2\/tags?post=223251"}],"curies":[{"name":"wp","href":"https:\/\/api.w.org\/{rel}","templated":true}]}}