{"id":223276,"date":"2025-11-07T11:38:10","date_gmt":"2025-11-07T11:38:10","guid":{"rendered":"https:\/\/www.europesays.com\/es\/223276\/"},"modified":"2025-11-07T11:38:10","modified_gmt":"2025-11-07T11:38:10","slug":"senti-por-primera-vez-que-el-miedo-existe","status":"publish","type":"post","link":"https:\/\/www.europesays.com\/es\/223276\/","title":{"rendered":"Sent\u00ed por primera vez que el miedo existe"},"content":{"rendered":"<p id=\"eR891pV5FL\" data-wc=\"111\">Fue el 21 de diciembre de 2023 cuando el mundo de la informaci\u00f3n dio un giro dr\u00e1stico. \u00bfEl motivo? Pedro Piqueras present\u00f3 por \u00faltima vez las noticias del informativo de Telecinco. Fue una noche muy emocionante, <a class=\"hm-link ho-link\" href=\"https:\/\/www.hola.com\/actualidad\/20251016861994\/pedro-piqueras-dando-comer-gallinas\/\" data-mrf-recirculation=\"article-body-link\" rel=\"nofollow noopener\" target=\"_blank\">en la que el periodista, nacido en Albacete en 1955,\u00a0<\/a>dedic\u00f3 unas emotivas palabras a la audiencia y al equipo que durante tantos a\u00f1os lo hab\u00eda acompa\u00f1ado trabajando junto a \u00e9l. A pesar de su jubilaci\u00f3n, el emblem\u00e1tico presentador sigue estrechamente vinculado a los medios de comunicaci\u00f3n; de hecho, ha acudido al programa En primicia de Televisi\u00f3n Espa\u00f1ola, donde record\u00f3 el momento m\u00e1s dif\u00edcil de su carrera profesional, por el que tuvo que pedir ayuda.\u00a0<\/p>\n<p> <img src=\"https:\/\/www.europesays.com\/es\/wp-content\/uploads\/2025\/11\/9ac5c0ca83d4-dlu328910007.jpg\"   width=\"682\" height=\"1024\" loading=\"lazy\" decoding=\"async\" alt=\"Plano medio de Pedro Piqueras en los Premios Antena de Oro 2016\" fetchpriority=\"auto\" class=\"image ho-image\"\/>\u00a9 GtresPedro Piqueras ha acudido al programa En primicia de Televisi\u00f3n Espa\u00f1ola<\/p>\n<p id=\"eh8YLcON9Y\" data-wc=\"89\">Pedro Piqueras se ha sentado junto a la presentadora Lara Siscar para hablar sobre su trayectoria profesional y los momentos m\u00e1s emblem\u00e1ticos que ha vivido como conductor de informativos en distintas cadenas. De hecho, ha confesado que uno de los d\u00edas m\u00e1s dif\u00edciles fue cuando se produjo el atentado contra Irene Villa y su madre, y en el Telediario de Televisi\u00f3n Espa\u00f1ola emitieron las im\u00e1genes: \u00abTen\u00eda miedo de la repercusi\u00f3n que pudieran tener. Fueron un antes y un despu\u00e9s en la lucha contra el terrorismo. Nadie pod\u00eda apoyar eso\u00bb.\u00a0<\/p>\n<p> <img src=\"https:\/\/www.europesays.com\/es\/wp-content\/uploads\/2025\/11\/2d7ca5a9c3d8-tve.jpg\"   width=\"1024\" height=\"576\" loading=\"lazy\" decoding=\"async\" alt=\"Ha rememorado cu\u00e1l ha sido la primera vez que sinti\u00f3 miedo esc\u00e9nico\" fetchpriority=\"auto\" class=\"image ho-image\"\/>\u00a9 TVEHa rememorado cu\u00e1l ha sido la primera vez que sinti\u00f3 miedo esc\u00e9nico<\/p>\n<p id=\"eEcbmlt1Yz\" data-wc=\"75\">Otro de los episodios que ha rememorado ha sido la primera vez que sinti\u00f3 miedo esc\u00e9nico. Tal y como \u00e9l mismo ha contado, a pesar de ya llevar mucho tiempo poni\u00e9ndose al frente de las noticias en ese momento, hubo un d\u00eda que fue especialmente complicado para \u00e9l. Fue la jornada del 14 de diciembre de 1988, cuando se convoc\u00f3 Huelga General en Espa\u00f1a y los trabajadores cortaron la se\u00f1al, dando por iniciaros los parones.\u00a0<\/p>\n<p> <img src=\"https:\/\/www.europesays.com\/es\/wp-content\/uploads\/2025\/11\/7f36fe1ca573-tve2.jpg\"   width=\"1024\" height=\"576\" loading=\"lazy\" decoding=\"async\" alt=\" Fue el 14 de diciembre de 1988, cuando se celebr\u00f3 una huelga general en Espa\u00f1a\" fetchpriority=\"auto\" class=\"image ho-image\"\/>\u00a9 TVE Fue el 14 de diciembre de 1988, cuando se celebr\u00f3 una huelga general en Espa\u00f1a<\/p>\n<p id=\"elypiEHzCG\" data-wc=\"92\">Uno de los episodios que record\u00f3 durante su intervenci\u00f3n en el programa de La 2 fue el d\u00eda en que, por primera vez, sinti\u00f3 miedo esc\u00e9nico. Aunque llevaba a\u00f1os al frente de las noticias, hubo una jornada en la que Piqueras lo pas\u00f3 realmente mal. Fue el 14 de diciembre de 1988, cuando se celebr\u00f3 una huelga general en Espa\u00f1a. En La 1, cadena en la que trabajaba entonces, se produjo un corte de emisi\u00f3n, pero el Telediario que \u00e9l dirig\u00eda s\u00ed sali\u00f3 al aire. Durante aquella retransmisi\u00f3n, se sinti\u00f3 profundamente angustiado.\u00a0<\/p>\n<p id=\"edTPXWnxUL\" data-wc=\"74\">\u201cPor primera vez sent\u00ed que el miedo esc\u00e9nico existe. Si lo llego a tener en cuenta, no habr\u00eda podido respirar\u201d, comenz\u00f3 explicando. Posteriormente, hizo una valoraci\u00f3n sobre lo vivido: \u201cHay momentos en la vida de un periodista en los que dices: \u2018Ah\u00ed es cuando me hice m\u00e1s periodista\u2019\u201d. Cabe recordar que dicha emisi\u00f3n tuvo 25 millones de espectadores, un share hist\u00f3rico que seg\u00fan ha explicado \u00absi lo llego a saber, no habr\u00eda podido respirar\u00bb.<\/p>\n<p> <img src=\"https:\/\/www.europesays.com\/es\/wp-content\/uploads\/2025\/11\/9e534ff67d20-tve3.jpg\"   width=\"1024\" height=\"576\" loading=\"lazy\" decoding=\"async\" alt=\"En el programa de En primicia junto a la presentadora\" fetchpriority=\"auto\" class=\"image ho-image\"\/>\u00a9 TVEEn el programa de En primicia junto a la presentadora<\/p>\n<p id=\"e97q0LyRzcA\" data-wc=\"82\">Pedro Piqueras tambi\u00e9n ha relatado que, desde aquella jornada, comenz\u00f3 a asistir a terapia: \u201cTrabaj\u00e9 con una psic\u00f3loga para crear mecanismos que evitaran que el miedo esc\u00e9nico me afectara. Aprend\u00ed que es bueno relajarse, respirar profundamente antes, pensar que todo va a salir bien y no centrarse en la posibilidad de que salga mal\u201d. Adem\u00e1s, ha asegurado que siempre ha intentado \u00abser una persona natural, hablar como si tuviera cierta confianza con el p\u00fablico porque la clave es enamorarse de la televisi\u00f3n\u00bb.\u00a0<\/p>\n<p> <img src=\"https:\/\/www.europesays.com\/es\/wp-content\/uploads\/2025\/11\/2b3f2cf0bd27-snapinstaapp41387521110472223631650996947119558938438129n1080.jpg\"   width=\"1024\" height=\"576\" loading=\"lazy\" decoding=\"async\" alt=\"Plano medio de Pedro Piqueras posando con una cascada de fondo\" fetchpriority=\"auto\" class=\"image ho-image\"\/>\u00a9 pedropiquerastvPedro Piqueras disfruta del tiempo libre desde su jubilaci\u00f3n<\/p>\n","protected":false},"excerpt":{"rendered":"Fue el 21 de diciembre de 2023 cuando el mundo de la informaci\u00f3n dio un giro dr\u00e1stico. \u00bfEl&hellip;\n","protected":false},"author":2,"featured_media":223277,"comment_status":"","ping_status":"","sticky":false,"template":"","format":"standard","meta":{"footnotes":""},"categories":[174],"tags":[517,255,146,147,25,24,256,4047,23,807],"class_list":{"0":"post-223276","1":"post","2":"type-post","3":"status-publish","4":"format-standard","5":"has-post-thumbnail","7":"category-famosos","8":"tag-actualidad","9":"tag-celebrities","10":"tag-entertainment","11":"tag-entretenimiento","12":"tag-es","13":"tag-espana","14":"tag-famosos","15":"tag-pedro-piqueras","16":"tag-spain","17":"tag-television"},"share_on_mastodon":{"url":"https:\/\/pubeurope.com\/@es\/115508223278469073","error":""},"_links":{"self":[{"href":"https:\/\/www.europesays.com\/es\/wp-json\/wp\/v2\/posts\/223276","targetHints":{"allow":["GET"]}}],"collection":[{"href":"https:\/\/www.europesays.com\/es\/wp-json\/wp\/v2\/posts"}],"about":[{"href":"https:\/\/www.europesays.com\/es\/wp-json\/wp\/v2\/types\/post"}],"author":[{"embeddable":true,"href":"https:\/\/www.europesays.com\/es\/wp-json\/wp\/v2\/users\/2"}],"replies":[{"embeddable":true,"href":"https:\/\/www.europesays.com\/es\/wp-json\/wp\/v2\/comments?post=223276"}],"version-history":[{"count":0,"href":"https:\/\/www.europesays.com\/es\/wp-json\/wp\/v2\/posts\/223276\/revisions"}],"wp:featuredmedia":[{"embeddable":true,"href":"https:\/\/www.europesays.com\/es\/wp-json\/wp\/v2\/media\/223277"}],"wp:attachment":[{"href":"https:\/\/www.europesays.com\/es\/wp-json\/wp\/v2\/media?parent=223276"}],"wp:term":[{"taxonomy":"category","embeddable":true,"href":"https:\/\/www.europesays.com\/es\/wp-json\/wp\/v2\/categories?post=223276"},{"taxonomy":"post_tag","embeddable":true,"href":"https:\/\/www.europesays.com\/es\/wp-json\/wp\/v2\/tags?post=223276"}],"curies":[{"name":"wp","href":"https:\/\/api.w.org\/{rel}","templated":true}]}}