{"id":223332,"date":"2025-11-07T12:14:18","date_gmt":"2025-11-07T12:14:18","guid":{"rendered":"https:\/\/www.europesays.com\/es\/223332\/"},"modified":"2025-11-07T12:14:18","modified_gmt":"2025-11-07T12:14:18","slug":"las-ocho-diputaciones-andaluzas-se-unen-en-la-campana-del-25n-para-incidir-en-la-necesidad-de-educar-en-igualdad-y-de-prevenir-el-machismo-online","status":"publish","type":"post","link":"https:\/\/www.europesays.com\/es\/223332\/","title":{"rendered":"Las ocho diputaciones andaluzas se unen en la campa\u00f1a del 25N para incidir en la necesidad de educar en igualdad y de prevenir el machismo online"},"content":{"rendered":"<p>La delegada de Igualdad en la Diputaci\u00f3n de C\u00f3rdoba, Auxiliadora Moreno, ha asistido en la sede de la instituci\u00f3n provincial granadina a la presentaci\u00f3n de la campa\u00f1a del 25N, una acci\u00f3n que lanzan de manera conjunta las ocho diputaciones andaluzas con motivo del D\u00eda Internacional para la Eliminaci\u00f3n de la Violencia contra las Mujeres y que busca \u201cincidir en la importancia de educar en igualdad a los j\u00f3venes y de prevenir el machismo que se da en el entorno digital\u201d.<\/p>\n<p>\u201cPresenta un enfoque serio, moderno y realista, pero tambi\u00e9n positivo y constructivo con el fin de abrir los ojos a una realidad que est\u00e1 afectando a nuestros hijos e hijas\u201d, ha manifestado Moreno.<\/p>\n<p>Con el lema \u2018No los dejemos solos frente al machismo online de la manosfera\u2019, la campa\u00f1a \u201cpone el acento en la necesidad de acompa\u00f1ar, comprender y educar a los j\u00f3venes ante los mensajes da\u00f1inos que circulan en internet, especialmente en redes sociales, foros o canales donde algunos discursos machistas encuentran espacio para reproducirse y atraer a adolescentes en proceso de formaci\u00f3n personal\u201d, ha apuntado la delegada provincial.<\/p>\n<p>La campa\u00f1a se centra en el papel de las familias, los docentes y la comunidad educativa como agentes fundamentales para prevenir la violencia de g\u00e9nero. La \u201cmanosfera\u201d, t\u00e9rmino que da t\u00edtulo a la campa\u00f1a, hace referencia al conjunto de espacios digitales donde se difunden mensajes que distorsionan la igualdad y las relaciones entre hombres y mujeres. Estas comunidades, cada vez m\u00e1s presentes en redes, canales de v\u00eddeo o podcasts, banalizan la violencia o presentan a los hombres como v\u00edctimas del avance de la igualdad.<\/p>\n","protected":false},"excerpt":{"rendered":"La delegada de Igualdad en la Diputaci\u00f3n de C\u00f3rdoba, Auxiliadora Moreno, ha asistido en la sede de la&hellip;\n","protected":false},"author":2,"featured_media":223333,"comment_status":"","ping_status":"","sticky":false,"template":"","format":"standard","meta":{"footnotes":""},"categories":[5],"tags":[17,18,25,24,13,14,11,19,20,9,10,15,16,23,12,21,22],"class_list":{"0":"post-223332","1":"post","2":"type-post","3":"status-publish","4":"format-standard","5":"has-post-thumbnail","7":"category-titulares","8":"tag-breaking-news","9":"tag-breakingnews","10":"tag-es","11":"tag-espana","12":"tag-featured-news","13":"tag-featurednews","14":"tag-headlines","15":"tag-latest-news","16":"tag-latestnews","17":"tag-news","18":"tag-noticias","19":"tag-noticias-destacadas","20":"tag-noticiasdestacadas","21":"tag-spain","22":"tag-titulares","23":"tag-ultimas-noticias","24":"tag-ultimasnoticias"},"share_on_mastodon":{"url":"https:\/\/pubeurope.com\/@es\/115508364120144192","error":""},"_links":{"self":[{"href":"https:\/\/www.europesays.com\/es\/wp-json\/wp\/v2\/posts\/223332","targetHints":{"allow":["GET"]}}],"collection":[{"href":"https:\/\/www.europesays.com\/es\/wp-json\/wp\/v2\/posts"}],"about":[{"href":"https:\/\/www.europesays.com\/es\/wp-json\/wp\/v2\/types\/post"}],"author":[{"embeddable":true,"href":"https:\/\/www.europesays.com\/es\/wp-json\/wp\/v2\/users\/2"}],"replies":[{"embeddable":true,"href":"https:\/\/www.europesays.com\/es\/wp-json\/wp\/v2\/comments?post=223332"}],"version-history":[{"count":0,"href":"https:\/\/www.europesays.com\/es\/wp-json\/wp\/v2\/posts\/223332\/revisions"}],"wp:featuredmedia":[{"embeddable":true,"href":"https:\/\/www.europesays.com\/es\/wp-json\/wp\/v2\/media\/223333"}],"wp:attachment":[{"href":"https:\/\/www.europesays.com\/es\/wp-json\/wp\/v2\/media?parent=223332"}],"wp:term":[{"taxonomy":"category","embeddable":true,"href":"https:\/\/www.europesays.com\/es\/wp-json\/wp\/v2\/categories?post=223332"},{"taxonomy":"post_tag","embeddable":true,"href":"https:\/\/www.europesays.com\/es\/wp-json\/wp\/v2\/tags?post=223332"}],"curies":[{"name":"wp","href":"https:\/\/api.w.org\/{rel}","templated":true}]}}