{"id":223394,"date":"2025-11-07T13:10:23","date_gmt":"2025-11-07T13:10:23","guid":{"rendered":"https:\/\/www.europesays.com\/es\/223394\/"},"modified":"2025-11-07T13:10:23","modified_gmt":"2025-11-07T13:10:23","slug":"asi-esta-la-obra-para-evitar-que-no-haya-tanto-calor-en-la-pista-del-cb-canarias","status":"publish","type":"post","link":"https:\/\/www.europesays.com\/es\/223394\/","title":{"rendered":"as\u00ed est\u00e1 la obra para evitar que no haya tanto calor en la pista del CB Canarias"},"content":{"rendered":"<p class=\"ft-text ft-helper-closenews\">La situaci\u00f3n de sofoco que en ocasiones se vive en La Hamburguesa resulta m\u00e1s que agobiante para no pocos asistentes a los partidos del <a class=\"ft-link ft-link--decoration\" href=\"https:\/\/www.eldia.es\/tags\/cb-canarias\/\" rel=\"nofollow noopener\" target=\"_blank\">CB Canarias<\/a>. <strong>Calor y sudores que son comunes entre los espectadores en el recinto de Los Majuelos cada vez que suben las temperaturas y las gradas se abarrotan<\/strong>. <a class=\"ft-link ft-link--decoration\" href=\"https:\/\/www.eldia.es\/deportes\/cb-canarias\/2021\/09\/13\/hamburguesa-sofocante-57225893.html\" rel=\"nofollow noopener\" target=\"_blank\">Mal end\u00e9mico de la citada instalaci\u00f3n<\/a>, ya en v\u00edas de soluci\u00f3n por parte del Cabildo Insular, aunque tambi\u00e9n con la certeza de que cualquier mejora evidente no se producir\u00e1 de manera inmediata. Por el camino, alg\u00fan susto, como el protagonizado por el desmayo de un aficionado durante el partido de hace dos semanas contra el Unicaja.<\/p>\n<p class=\"ft-text\">La tregua que apunta la previsi\u00f3n climatol\u00f3gica para estos d\u00edas -tras la ola de calor del pasado fin de semana- ayudar\u00e1 a que contra el San Pablo Burgos los improvisados abanicos y los sudores seguramente pasen a un segundo plano. <strong>Ser\u00e1 esa posible ausencia del bochorno la mejor aliada para el propietario de la instalaci\u00f3n<\/strong>, <a class=\"ft-link ft-link--decoration\" href=\"https:\/\/www.deportestenerife.es\/noticias\/el-cabildo-avanza-en-las-obras-de-climatizacion-del-pabellon-santiago-martin\/\" rel=\"nofollow noopener\" target=\"_blank\">un Cabildo Insular que anunci\u00f3 a finales de 2024 una obra, con un montante superior a los 1,5 millones de euros<\/a> -y un periodo de actuaci\u00f3n de unos dos a\u00f1os-, para climatizar La Hamburguesa, pero que a la vez tiene que lidiar con no pocas trabas y condicionantes.<\/p>\n<p>No interrumpir la actividad<\/p>\n<p class=\"ft-text\">Ejecutada ya la primera -y menos complicada- de las dos fases de esta acometida (la que concern\u00eda a vestuarios, gimnasio y pasillos internos perimetrales), <strong>todo aumenta de dificultad ante la necesidad de no interrumpir \u00abla actividad que se desarrolla en el pabell\u00f3n, tanto para el Canarias, nuestro m\u00e1ximo representativo del baloncesto tinerfe\u00f1o, como para otros eventos culturales\u00bb<\/strong>, apunta la consejera de Deportes Yolanda Molin\u00e9. De hecho, a simple vista del aficionado, el avance en esta obra se podr\u00eda considerar nulo. <a class=\"ft-link ft-link--decoration\" href=\"https:\/\/www.eldia.es\/deportes\/cb-canarias\/2023\/09\/15\/cabildo-apuesta-climatizar-santiago-martin-92147691.html\" rel=\"nofollow noopener\" target=\"_blank\">Desde el Cabildo, sin embargo, detallan la situaci\u00f3n exacta sobre \u00abun expediente, muy complejo, que se inici\u00f3 desde finales de 2024\u00bb <\/a>y en el que se ha \u00abtrabajado todo lo posible a otros niveles\u00bb.<\/p>\n<p class=\"ft-text\"><strong>Reconoce Molin\u00e9 que \u00abeste pasado verano no se pudieron cumplir los plazos, administrativamente hablando\u00bb,<\/strong> lo que ha llevado a que, para \u00abno interrumpir\u00bb el d\u00eda a d\u00eda de los usuarios principales, \u00abse modifique el proyecto\u00bb. \u00abEstamos hablando de un recinto cubierto, por lo que una obra lo dificulta todo m\u00e1s, pero ya hemos avanzado, por ejemplo, en la actuaci\u00f3n previa para preparar la cubierta y la certificaci\u00f3n del estado de la celos\u00eda; o se ha instalado tambi\u00e9n la l\u00ednea de vida [sistema de anclaje que garantice la seguridad del trabajador]&#8230;\u00bb, expresa la consejera.<\/p>\n<p>Imposible ir m\u00e1s r\u00e1pido<\/p>\n<p class=\"ft-text\">Sabe Molin\u00e9 que en este escenario<strong> \u00abel m\u00e1s afectado es el espectador\u00bb, pero a la vez espera que esos asistentes \u00abcomprendan que no se puede ir m\u00e1s r\u00e1pido\u00bb.<\/strong> En esta progresi\u00f3n, por ahora casi invisible, el siguiente paso ser\u00e1, en unas semanas, el inicio de las acciones \u00aben la cuarta planta\u00bb, donde se ubican, entre otros, el palco y las cabinas y pupitres de prensa. Ya luego \u00abtocar\u00e1 el turno de meter la maquinaria por sectores\u00bb,<a class=\"ft-link ft-link--decoration\" href=\"https:\/\/www.eldia.es\/sociedad\/2024\/03\/06\/mujer-deporte-binomio-cambiar-vida-99071469.html\" rel=\"nofollow noopener\" target=\"_blank\"> a\u00f1ade la responsable de Deportes del Cabildo<\/a>.<\/p>\n<p class=\"ft-text\">Adecuaci\u00f3n y modificado del proyecto que desde la instituci\u00f3n insular<strong> se espera que esta ausencia de avances significativos \u00abno afecte al plazo de ejecuci\u00f3n previsto inicialmente\u00bb <\/strong>a pesar de haber lidiado con otro inconveniente inherente a este tipo de obra tan compleja: empresas que no se han querido comprometer a ejecutar ciertos trabajos que se deben llevar a cabo de una manera muy espec\u00edfica, con plazos muy limitantes e incluso intermitentes.<\/p>\n<p>Pendientes de la AEMET<\/p>\n<p class=\"ft-text\">Pero mientras trata de cumplir con los plazos administrativos y sus consiguientes trabas, el Cabildo Insular deber\u00e1 tener puesto un ojo en la AEMET antes de cada partido o evento con el que se llene el Santiago Mart\u00edn. <strong>\u00abLa idea b\u00e1sica, en ese caso, es abrir todas las puertas, <\/strong>pero es que hay cosas que no se pueden evitar, porque recuerdo que en la Supercopa de septiembre, en el Mart\u00edn Carpena de M\u00e1laga, s\u00ed hab\u00eda climatizaci\u00f3n y nos est\u00e1bamos asando del calor\u00bb, argumenta Molin\u00e9.<\/p>\n<p><img decoding=\"async\" src=\"https:\/\/www.europesays.com\/es\/wp-content\/uploads\/2025\/11\/6e49c90a-d34a-4ea4-933f-c74e6a68cbd9_alta-libre-aspect-ratio_default_0.jpg\" width=\"1200\" height=\"799\" alt=\"Aficionados del CB Canarias, en el partido ante el Unicaja\" class=\"ft-helper-img-rd\" loading=\"lazy\"\/><\/p>\n<p class=\"ft-helper-fontColor-quaternary ft-helper-fontSize-body-S ft-helper-spacer-t-xxs\">Aficionados del CB Canarias, en el partido ante el Unicaja  \/ Arturo Jim\u00e9nez \/ t<\/p>\n<p class=\"ft-text\">Incluso prev\u00e9 el Cabildo Insular <strong>alguna soluci\u00f3n m\u00e1s compleja en caso de que, en los pr\u00f3ximos meses, se d\u00e9 una nueva ola de calor coincidiendo con alg\u00fan evento en el Santiago Mart\u00edn<\/strong>. \u00abEn ese caso la previsi\u00f3n ser\u00eda instalar algunos ventiladores industriales\u00bb, se\u00f1ala Molin\u00e9, que insiste en ponerse \u00aben la piel de los afectados y de toda la ciudadan\u00eda porque parece que no se hace nada cuando en realidad s\u00ed se ha hecho y se sigue haciendo\u00bb, a la vez que tambi\u00e9n pide <strong>\u00abcomprensi\u00f3n\u00bb para los que \u00abpor una vez han decidido hacer una inversi\u00f3n de este tipo\u00bb en la mejora de la instalaci\u00f3n.<\/strong><\/p>\n<p>\u00bfHasta verano de 2026?<\/p>\n<p class=\"ft-text\">Restricciones y calendario en mano, <strong>todo apunta a que no ser\u00e1 hasta el verano de 2026 <\/strong>(jugando los cuartos de final de la <a class=\"ft-link ft-link--decoration\" href=\"https:\/\/www.eldia.es\/tags\/baloncesto\/\" rel=\"nofollow noopener\" target=\"_blank\">ACB<\/a>, La Laguna Tenerife podr\u00eda seguir en competici\u00f3n hasta la segunda semana de junio) cuando realmente se pueda acometer el grueso de la obra para instalar la climatizaci\u00f3n del Santiago Mart\u00edn. <strong>El otro peque\u00f1o resquicio que queda abierto -al menos para llevar a cabo un tramo de la obra-, el de febrero<\/strong>, cuando el Santiago Mart\u00edn podr\u00eda no albergar partidos durante casi un mes, siempre y cuando el CB Canarias repita presencia en la <a class=\"ft-link ft-link--decoration\" href=\"https:\/\/www.eldia.es\/tags\/futbol\/\" rel=\"nofollow noopener\" target=\"_blank\">Copa del Rey<\/a> -con la ventana FIBA en medio- y la quinta jornada del Round of 16 la dispute como visitante el cuadro aurinegro.<\/p>\n<p class=\"ft-text\">Por ahora, con dos encuentros m\u00e1s a la vuelta de la esquina -Burgos y Tofas-, y<a class=\"ft-link ft-link--decoration\" href=\"https:\/\/www.eldia.es\/deportes-canarias\/2025\/11\/04\/conoce-hora-espana-georgia-jugara-123359705.html\" rel=\"nofollow noopener\" target=\"_blank\"> la visita a la Isla de la selecci\u00f3n espa\u00f1ola masculina absoluta <\/a>programada para el 30 de noviembre, al aficionado solo le queda tener paciencia y cruzar los dedos para que la climatolog\u00eda acompa\u00f1e.<\/p>\n<p>El CB Canarias, beneficiado y perjudicado a la vez <\/p>\n<p class=\"ft-text\">El CB Canarias es, por ahora, y en calidad de principal usuario del recinto de Los Majuelos, el gran beneficiado, pero tambi\u00e9n el mayor afectado, por esta acometida que tiene en marcha el Cabildo Insular. \u00abEsa primera fase ya ejecutada ha permitido que los jugadores tengan<a href=\"https:\/\/www.eldia.es\/deportes\/cb-canarias\/2024\/09\/28\/esfuerzo-optimiza-detalle-108663660.html\" class=\"ft-link ft-link--decoration\" rel=\"nofollow noopener\" target=\"_blank\"> climatizaci\u00f3n en sus vestuarios, en el gimnasio y en los pasillos internos<\/a>. Incluso <strong>Txus [Vidorreta] me ha agradecido que en los descansos de los partidos ya no tengan que estar con un <\/strong><strong>ping\u00fcino <\/strong><strong>en el vestuario para no pasar calor<\/strong>\u00ab, apunta Molin\u00e9.<\/p>\n<p class=\"ft-text\"><strong>Otro episodio bien distinto se da ya en la cancha y las gradas durante los encuentros. <\/strong>Los jugadores y t\u00e9cnicos se conforman con que no aparezca el efecto condensaci\u00f3n que genere humedades y, por extensi\u00f3n, aumente el riesgo de lesiones por resbalones. En los asientos, la soluci\u00f3n es algo rudimentaria: reconvertir los aplaudidores en abanicos.<\/p>\n<p class=\"ft-text\">En la entidad, por su parte, impera la paciencia. \u00abCualquier mejora ser\u00e1 buena para nuestros aficionados y para nosotros mismos como usuarios, pero en este caso la obra del aire acondicionado no depende de nosotros. Estamos a expensas de cu\u00e1ndo y c\u00f3mo puedan hacerla ellos\u00bb, comenta el presidente Aniano Cabrera.<\/p>\n<p data-close=\"closedContent\" class=\"subscribeHideForDisplay\">Suscr\u00edbete para seguir leyendo<\/p>\n","protected":false},"excerpt":{"rendered":"La situaci\u00f3n de sofoco que en ocasiones se vive en La Hamburguesa resulta m\u00e1s que agobiante para no&hellip;\n","protected":false},"author":2,"featured_media":223395,"comment_status":"","ping_status":"","sticky":false,"template":"","format":"standard","meta":{"footnotes":""},"categories":[269],"tags":[2980,59218,299,298,58,20464,40557,23611,168,25,24,1730,5657,2450,23,167,1793],"class_list":{"0":"post-223394","1":"post","2":"type-post","3":"status-publish","4":"format-standard","5":"has-post-thumbnail","7":"category-baloncesto","8":"tag-aemet","9":"tag-aniano-cabrera","10":"tag-baloncesto","11":"tag-basketball","12":"tag-cabildo","13":"tag-cb-canarias","14":"tag-climatizacion","15":"tag-cuestion","16":"tag-deportes","17":"tag-es","18":"tag-espana","19":"tag-martin","20":"tag-paciencia","21":"tag-santiago","22":"tag-spain","23":"tag-sports","24":"tag-verano"},"share_on_mastodon":{"url":"https:\/\/pubeurope.com\/@es\/115508585249380611","error":""},"_links":{"self":[{"href":"https:\/\/www.europesays.com\/es\/wp-json\/wp\/v2\/posts\/223394","targetHints":{"allow":["GET"]}}],"collection":[{"href":"https:\/\/www.europesays.com\/es\/wp-json\/wp\/v2\/posts"}],"about":[{"href":"https:\/\/www.europesays.com\/es\/wp-json\/wp\/v2\/types\/post"}],"author":[{"embeddable":true,"href":"https:\/\/www.europesays.com\/es\/wp-json\/wp\/v2\/users\/2"}],"replies":[{"embeddable":true,"href":"https:\/\/www.europesays.com\/es\/wp-json\/wp\/v2\/comments?post=223394"}],"version-history":[{"count":0,"href":"https:\/\/www.europesays.com\/es\/wp-json\/wp\/v2\/posts\/223394\/revisions"}],"wp:featuredmedia":[{"embeddable":true,"href":"https:\/\/www.europesays.com\/es\/wp-json\/wp\/v2\/media\/223395"}],"wp:attachment":[{"href":"https:\/\/www.europesays.com\/es\/wp-json\/wp\/v2\/media?parent=223394"}],"wp:term":[{"taxonomy":"category","embeddable":true,"href":"https:\/\/www.europesays.com\/es\/wp-json\/wp\/v2\/categories?post=223394"},{"taxonomy":"post_tag","embeddable":true,"href":"https:\/\/www.europesays.com\/es\/wp-json\/wp\/v2\/tags?post=223394"}],"curies":[{"name":"wp","href":"https:\/\/api.w.org\/{rel}","templated":true}]}}