{"id":223452,"date":"2025-11-07T13:49:13","date_gmt":"2025-11-07T13:49:13","guid":{"rendered":"https:\/\/www.europesays.com\/es\/223452\/"},"modified":"2025-11-07T13:49:13","modified_gmt":"2025-11-07T13:49:13","slug":"el-ministerio-de-agricultura-pesca-y-alimentacion-confina-las-aves-de-cria-para-evitar-la-propagacion-de-la-influenza-aviar","status":"publish","type":"post","link":"https:\/\/www.europesays.com\/es\/223452\/","title":{"rendered":"El Ministerio de Agricultura, Pesca y Alimentaci\u00f3n confina las aves de cr\u00eda para evitar la propagaci\u00f3n de la influenza aviar"},"content":{"rendered":"<p>El Ministerio de Agricultura, Pesca y Alimentaci\u00f3n aplicar\u00e1 a partir del lunes d\u00eda 10 de noviembre, medidas adicionales de refuerzo para prevenir la propagaci\u00f3n del virus de la influenza aviar, ante la constataci\u00f3n esta semana de un aumento del riesgo por la proliferaci\u00f3n de casos en Europa -sobre todo en aves silvestres-, los movimientos migratorios y el descenso de las temperaturas.<\/p>\n<p>Entre estas medidas, se incluye el confinamiento de las aves de corral en aquellas zonas consideradas de especial riesgo y de especial vigilancia: 1.199 municipios de Andaluc\u00eda (197), Arag\u00f3n (128), Canarias (1), Cantabria (31) Castilla y Le\u00f3n (250), Castilla-La Mancha (18), Catalu\u00f1a (224), Comunidad de Madrid (16), Comunidad Valenciana (138), Extremadura (99), Galicia (40), Islas Baleares (14), La Rioja (6), Navarra (12) Pa\u00eds Vasco (6), Principado de Asturias (8), Regi\u00f3n de Murcia (11), Ceuta y Melilla.<\/p>\n<p>El ministerio, de acuerdo con las comunidades aut\u00f3nomas, activa la totalidad de las medidas de protecci\u00f3n frente a la influenza aviar que contempla la <a href=\"https:\/\/www.lamoncloa.gob.es\/serviciosdeprensa\/notasprensa\/agricultura\/Documents\/2025\/071125-boe-Orden-APA-2442-2006.pdf\" onclick=\"javascript:GoogleTrackEvent(&#039;True&#039;,&#039;Contenido&#039;,&#039;Download&#039;,&#039;[https:\/\/www.lamoncloa.gob.es\/serviciosdeprensa\/notasprensa\/agricultura\/Paginas\/2025\/071125-virus-aviar.aspx] Orden APA\/2442\/2006, de 27 de julio. [\/serviciosdeprensa\/notasprensa\/agricultura\/Documents\/2025\/071125-boe-Orden-APA-2442-2006.pdf]&#039;);\" rel=\"nofollow noopener\" target=\"_blank\">Orden APA\/2442\/2006, de 27 de julio<\/a>, y que incluye las siguientes prohibiciones y obligaciones en las zonas de especial riesgo y de especial vigilancia:<\/p>\n<ul>\n<li>Queda prohibida la utilizaci\u00f3n de p\u00e1jaros de los \u00f3rdenes anseriformes y charadriformes como se\u00f1uelo. <\/li>\n<li>Queda prohibida la cr\u00eda de patos y gansos con otras aves de corral.<\/li>\n<li>Queda prohibida la cr\u00eda de aves de corral al aire libre. No obstante, cuando esto no sea posible, la autoridad competente podr\u00e1 autorizar el mantenimiento de aves de corral al aire libre mediante la colocaci\u00f3n de telas pajareras o cualquier otro dispositivo que impida la entrada de aves silvestres. En este caso, las aves tendr\u00e1n que alimentarse y abrevarse en el interior de las instalaciones o en un refugio que impida la llegada de aves silvestres y evite el contacto de \u00e9stas con los alimentos y el agua destinados a las de corral.<\/li>\n<li>Queda prohibido dar agua a las aves de corral procedente de dep\u00f3sitos a los que puedan acceder aves silvestres, salvo en caso de que sea tratada a fin de garantizar la inactivaci\u00f3n de posibles virus de influenza aviar.<\/li>\n<\/ul>\n<p>Los dep\u00f3sitos de agua situados en el exterior requeridos por motivos de bienestar animal para determinadas aves de corral quedar\u00e1n protegidos suficientemente contra las aves acu\u00e1ticas silvestres.<\/p>\n<p>Queda prohibida la presencia de aves de corral u otro tipo de aves cautivas en los centros de concentraci\u00f3n de animales, incluidos los cert\u00e1menes los cert\u00e1menes ganaderos, muestras, exhibiciones y celebraciones culturales, as\u00ed como cualquier concentraci\u00f3n de aves de corral u otro tipo de aves cautivas.<\/p>\n<p>En las dem\u00e1s comunidades<\/p>\n<p>Para el resto del territorio, el Ministerio de Agricultura, Pesca y Alimentaci\u00f3n recuerda la necesidad de extremar las medidas de bioseguridad en las explotaciones av\u00edcolas, especialmente aquellas destinadas a evitar el contacto con aves silvestres, as\u00ed como reforzar la vigilancia pasiva, y notificar cuanto antes cualquier sospecha de enfermedad a los servicios veterinarios oficiales.<\/p>\n<p>Las zonas de especial riesgo y de especial vigilancia est\u00e1n determinadas, respectivamente, en los anexos II y III de la mencionada orden. Las comunidades aut\u00f3nomas, que tienen las competencias en sanidad animal, pueden determinar otras medidas complementarias para reforzar la protecci\u00f3n contra esta enfermedad.<\/p>\n","protected":false},"excerpt":{"rendered":"El Ministerio de Agricultura, Pesca y Alimentaci\u00f3n aplicar\u00e1 a partir del lunes d\u00eda 10 de noviembre, medidas adicionales&hellip;\n","protected":false},"author":2,"featured_media":223453,"comment_status":"","ping_status":"","sticky":false,"template":"","format":"standard","meta":{"footnotes":""},"categories":[5],"tags":[517,2077,17,18,25,24,13,14,11,19,20,9,10,15,16,59225,2330,23,12,21,22],"class_list":{"0":"post-223452","1":"post","2":"type-post","3":"status-publish","4":"format-standard","5":"has-post-thumbnail","7":"category-titulares","8":"tag-actualidad","9":"tag-agricultura","10":"tag-breaking-news","11":"tag-breakingnews","12":"tag-es","13":"tag-espana","14":"tag-featured-news","15":"tag-featurednews","16":"tag-headlines","17":"tag-latest-news","18":"tag-latestnews","19":"tag-news","20":"tag-noticias","21":"tag-noticias-destacadas","22":"tag-noticiasdestacadas","23":"tag-pesca-y-alimentacion","24":"tag-prensa","25":"tag-spain","26":"tag-titulares","27":"tag-ultimas-noticias","28":"tag-ultimasnoticias"},"share_on_mastodon":{"url":"https:\/\/pubeurope.com\/@es\/115508737652611873","error":""},"_links":{"self":[{"href":"https:\/\/www.europesays.com\/es\/wp-json\/wp\/v2\/posts\/223452","targetHints":{"allow":["GET"]}}],"collection":[{"href":"https:\/\/www.europesays.com\/es\/wp-json\/wp\/v2\/posts"}],"about":[{"href":"https:\/\/www.europesays.com\/es\/wp-json\/wp\/v2\/types\/post"}],"author":[{"embeddable":true,"href":"https:\/\/www.europesays.com\/es\/wp-json\/wp\/v2\/users\/2"}],"replies":[{"embeddable":true,"href":"https:\/\/www.europesays.com\/es\/wp-json\/wp\/v2\/comments?post=223452"}],"version-history":[{"count":0,"href":"https:\/\/www.europesays.com\/es\/wp-json\/wp\/v2\/posts\/223452\/revisions"}],"wp:featuredmedia":[{"embeddable":true,"href":"https:\/\/www.europesays.com\/es\/wp-json\/wp\/v2\/media\/223453"}],"wp:attachment":[{"href":"https:\/\/www.europesays.com\/es\/wp-json\/wp\/v2\/media?parent=223452"}],"wp:term":[{"taxonomy":"category","embeddable":true,"href":"https:\/\/www.europesays.com\/es\/wp-json\/wp\/v2\/categories?post=223452"},{"taxonomy":"post_tag","embeddable":true,"href":"https:\/\/www.europesays.com\/es\/wp-json\/wp\/v2\/tags?post=223452"}],"curies":[{"name":"wp","href":"https:\/\/api.w.org\/{rel}","templated":true}]}}