{"id":223456,"date":"2025-11-07T13:55:08","date_gmt":"2025-11-07T13:55:08","guid":{"rendered":"https:\/\/www.europesays.com\/es\/223456\/"},"modified":"2025-11-07T13:55:08","modified_gmt":"2025-11-07T13:55:08","slug":"telde-se-prepara-para-la-cronoescalada-memorial-tito-cabrera","status":"publish","type":"post","link":"https:\/\/www.europesays.com\/es\/223456\/","title":{"rendered":"Telde se prepara para la Cronoescalada &#8211; Memorial Tito Cabrera"},"content":{"rendered":"<p style=\"text-align:justify;\">El Club Ciclista Escuela Bicitel, en el marco de las Fiestas de San Gregorio Taumaturgo 2025, organizar\u00e1 este domingo a partir de las 09.00 horas la XXII edici\u00f3n de la Crono Escalada Ciudad de Telde \u2013 Memorial Tito Cabrera que rendir\u00e1 homenaje un a\u00f1o m\u00e1s a la figura del recordado ciclista teldense Tito Cabrera. La prueba contar\u00e1 con la colaboraci\u00f3n de la Concejal\u00eda de Actividad F\u00edsica y Deportes del Ayuntamiento de Telde, que dirige Cristhian Santana Caballero, y de la Federaci\u00f3n Canaria de Ciclismo.<\/p>\n<p style=\"text-align:justify;\">Cristhian Santana manifiesta que \u201ceste memorial no solo celebra el esfuerzo y la pasi\u00f3n por el ciclismo, sino tambi\u00e9n el legado humano y deportivo de Tito Cabrera, un referente que sembr\u00f3 entusiasmo y valores entre generaciones de ciclistas teldenses\u201d. El concejal teldense a\u00f1ade que \u201cdesde el Ayuntamiento de Telde seguimos apoyando este tipo de iniciativas que promueven la actividad f\u00edsica, la convivencia y el reconocimiento a quienes han contribuido al desarrollo del deporte en nuestro municipio\u201d.<\/p>\n<p style=\"text-align:justify;\">El recorrido de la Crono Escalada, de seis kil\u00f3metros, partir\u00e1 desde el Vial Costero de Telde, a la altura de la desviaci\u00f3n de Hoya del Pozo, en direcci\u00f3n a Playa del Hombre. Tras girar en la rotonda, los participantes continuar\u00e1n por las rotondas del Drago y Las Tazas hasta enlazar con la Avenida del Cabildo de Gran Canaria, para tomar luego la Avenida de la Constituci\u00f3n y seguir por las calles Sor Concepci\u00f3n, Mar\u00eda Auxiliadora y Ruiz, finalizando en la calle Poeta Fernando Gonz\u00e1lez, donde estar\u00e1 ubicada la meta. Participar\u00e1n las categor\u00edas sub23, m\u00e1ster 60, m\u00e1ster 50, m\u00e1ster 40, m\u00e1ster 30, j\u00fanior, \u00e9lite, cadete, WB, paraciclismo, MH3, MH4 , MC5, MC3, MB.<\/p>\n<p style=\"text-align:justify;\">Por su parte, la prueba de escuelas comenzar\u00e1 a las 11:00 horas en el entorno de la Plaza de San Gregorio, y reunir\u00e1 a j\u00f3venes ciclistas de las categor\u00edas promesas, principiantes, infantil y alev\u00edn, tanto en masculino como en femenino. El circuito tendr\u00e1 su salida en la calle Ruiz y recorrer\u00e1 las calles Mar\u00eda Auxiliadora, Argentina, Luj\u00e1n P\u00e9rez, Saulo Tor\u00f3n, Viera y Clavijo, para concluir tambi\u00e9n en Poeta Fernando Gonz\u00e1lez, donde estar\u00e1 la meta.<\/p>\n","protected":false},"excerpt":{"rendered":"El Club Ciclista Escuela Bicitel, en el marco de las Fiestas de San Gregorio Taumaturgo 2025, organizar\u00e1 este&hellip;\n","protected":false},"author":2,"featured_media":223457,"comment_status":"","ping_status":"","sticky":false,"template":"","format":"standard","meta":{"footnotes":""},"categories":[273],"tags":[1896,6219,26502,313,209,312,168,7051,1180,2958,25,2586,32619,24,41854,18496,41855,1897,1854,41851,32605,11741,12728,3641,6238,41852,10,1925,2330,41856,41853,492,23,167,29725,41850,1370,159,12,1529,21],"class_list":{"0":"post-223456","1":"post","2":"type-post","3":"status-publish","4":"format-standard","5":"has-post-thumbnail","7":"category-ciclismo","8":"tag-canarias","9":"tag-canary-islands","10":"tag-cartas-al-director","11":"tag-ciclismo","12":"tag-cultura","13":"tag-cycling","14":"tag-deportes","15":"tag-diario-digital","16":"tag-editorial","17":"tag-entrevistas","18":"tag-es","19":"tag-espaa","20":"tag-espagne","21":"tag-espana","22":"tag-fotodenuncia","23":"tag-fuerteventura","24":"tag-gomera","25":"tag-gran-canaria","26":"tag-hierro","27":"tag-informacin","28":"tag-informacion-general","29":"tag-islas-canarias","30":"tag-la-palma","31":"tag-lanzarote","32":"tag-las-palmas","33":"tag-majadero","34":"tag-noticias","35":"tag-opinion","36":"tag-prensa","37":"tag-prensa-espaola","38":"tag-pulsometro","39":"tag-sociedad","40":"tag-spain","41":"tag-sports","42":"tag-telde","43":"tag-teldeactualidad","44":"tag-tenerife","45":"tag-tiempo","46":"tag-titulares","47":"tag-ultima-hora","48":"tag-ultimas-noticias"},"share_on_mastodon":{"url":"","error":"Validation failed: Text character limit of 500 exceeded"},"_links":{"self":[{"href":"https:\/\/www.europesays.com\/es\/wp-json\/wp\/v2\/posts\/223456","targetHints":{"allow":["GET"]}}],"collection":[{"href":"https:\/\/www.europesays.com\/es\/wp-json\/wp\/v2\/posts"}],"about":[{"href":"https:\/\/www.europesays.com\/es\/wp-json\/wp\/v2\/types\/post"}],"author":[{"embeddable":true,"href":"https:\/\/www.europesays.com\/es\/wp-json\/wp\/v2\/users\/2"}],"replies":[{"embeddable":true,"href":"https:\/\/www.europesays.com\/es\/wp-json\/wp\/v2\/comments?post=223456"}],"version-history":[{"count":0,"href":"https:\/\/www.europesays.com\/es\/wp-json\/wp\/v2\/posts\/223456\/revisions"}],"wp:featuredmedia":[{"embeddable":true,"href":"https:\/\/www.europesays.com\/es\/wp-json\/wp\/v2\/media\/223457"}],"wp:attachment":[{"href":"https:\/\/www.europesays.com\/es\/wp-json\/wp\/v2\/media?parent=223456"}],"wp:term":[{"taxonomy":"category","embeddable":true,"href":"https:\/\/www.europesays.com\/es\/wp-json\/wp\/v2\/categories?post=223456"},{"taxonomy":"post_tag","embeddable":true,"href":"https:\/\/www.europesays.com\/es\/wp-json\/wp\/v2\/tags?post=223456"}],"curies":[{"name":"wp","href":"https:\/\/api.w.org\/{rel}","templated":true}]}}