{"id":223468,"date":"2025-11-07T14:03:07","date_gmt":"2025-11-07T14:03:07","guid":{"rendered":"https:\/\/www.europesays.com\/es\/223468\/"},"modified":"2025-11-07T14:03:07","modified_gmt":"2025-11-07T14:03:07","slug":"dial-tal-cual-sergio-dalma-nos-visita-para-estrenar-en-exclusiva-su-disco-ritorno-a-via-dalma","status":"publish","type":"post","link":"https:\/\/www.europesays.com\/es\/223468\/","title":{"rendered":"DIAL TAL CUAL: Sergio Dalma nos visita para estrenar en exclusiva su disco \u00abRitorno a Via Dalma\u00bb"},"content":{"rendered":"<p><strong><a href=\"https:\/\/www.cadenadial.com\/artistas\/sergio-dalma\" rel=\"nofollow noopener\" target=\"_blank\">Sergio Dalma<\/a><\/strong>ser\u00e1 el invitado de<strong> este s\u00e1bado en Dial Tal Cua<\/strong>l<strong> con<a href=\"https:\/\/www.instagram.com\/rafacanooficial\/\" rel=\"nofollow noopener\" target=\"_blank\"> Rafa Cano<\/a> para estrenar \u00abRitorno a Via Dalma\u00bb<\/strong><\/p>\n<p>El disco se pone a la venta el pr\u00f3ximo 14 de noviembre y llega cuando<strong> se cumplen 15 a\u00f1os desde la publicaci\u00f3n de VIA DALMA<\/strong>, el primer \u00e1lbum que hizo homenaje a Italia<\/p>\n<p>En esta ocasi\u00f3n a\u00fana temas cl\u00e1sicos (Franco Battiato, Raffaella Carr\u00e0 o Mina) con canciones de<strong> autores contempor\u00e1neos como Laura Pausini en el m\u00edtico \u00abEntre T\u00fa Y Mil Mares\u00bb<\/strong>, que la propia italiana ha aplaudido emocionada de que Dalma lo haya elegido, adem\u00e1s, como uno de los adelantos\u00a0<\/p>\n<p>Este lanzamiento tendr\u00e1 una <strong>gira muy especial con la que va a recorrer todo el pa\u00eds desde el 14 de marzo cuando comience en Donosti<\/strong>, y hasta llegar al Madrid Arena en febrero de 2027<\/p>\n<p>Hablaremos de todo ello con \u00e9l pero sobre todo <strong>estrenar\u00e1 en aut\u00e9ntica exclusiva las canciones de este nuevo homenaje<\/strong> a la que ya considera su segunda casa, Italia<\/p>\n<p>Diego Torres vuelve con Manuel Carrasco<\/p>\n<p>Y no ser\u00e1 el \u00fanico estreno, porque si escuchas el programa de este s\u00e1bado <strong>podr\u00e1s disfrutar en abosluta primicia de la nueva canci\u00f3n de <a href=\"https:\/\/www.cadenadial.com\/artista_tax\/diego-torres\" rel=\"nofollow noopener\" target=\"_blank\">Diego Torres<\/a><\/strong> en colaboraci\u00f3n, nada m\u00e1s y nada menos, que\u00a0 <strong>con <a href=\"https:\/\/www.cadenadial.com\/artista_tax\/manuel-carrasco\" rel=\"nofollow noopener\" target=\"_blank\">Manuel Carrasco<\/a><\/strong><\/p>\n<p>Forma parte del nuevo disco del argentino y estamos deseando saber c\u00f3mo suena<\/p>\n<p>Adem\u00e1s, las novedades y actualidad del pop en espa\u00f1ol y tus notas de voz en el <strong>whatsapp del programa: 646247711\u00a0<\/strong><\/p>\n<blockquote class=\"instagram-media\" style=\"background: #FFF; border: 0; border-radius: 3px; box-shadow: 0 0 1px 0 rgba(0,0,0,0.5),0 1px 10px 0 rgba(0,0,0,0.15); margin: 1px; max-width: 540px; min-width: 326px; padding: 0; width: calc(100% - 2px);\" data-instgrm-captioned=\"\" data-instgrm-permalink=\"https:\/\/www.instagram.com\/p\/DQtjzdoDNrn\/?utm_source=ig_embed&amp;utm_campaign=loading\" data-instgrm-version=\"14\">\n<\/blockquote>\n<p>                                    <script async src=\"\/\/www.instagram.com\/embed.js\"><\/script><\/p>\n","protected":false},"excerpt":{"rendered":"Sergio Dalmaser\u00e1 el invitado de este s\u00e1bado en Dial Tal Cual con Rafa Cano para estrenar \u00abRitorno a&hellip;\n","protected":false},"author":2,"featured_media":223469,"comment_status":"","ping_status":"","sticky":false,"template":"","format":"standard","meta":{"footnotes":""},"categories":[170],"tags":[59228,146,147,25,24,13988,184,185,46286,23],"class_list":{"0":"post-223468","1":"post","2":"type-post","3":"status-publish","4":"format-standard","5":"has-post-thumbnail","7":"category-musica","8":"tag-diego-torres","9":"tag-entertainment","10":"tag-entretenimiento","11":"tag-es","12":"tag-espana","13":"tag-manuel-carrasco","14":"tag-music","15":"tag-musica","16":"tag-sergio-dalma","17":"tag-spain"},"share_on_mastodon":{"url":"https:\/\/pubeurope.com\/@es\/115508792873165999","error":""},"_links":{"self":[{"href":"https:\/\/www.europesays.com\/es\/wp-json\/wp\/v2\/posts\/223468","targetHints":{"allow":["GET"]}}],"collection":[{"href":"https:\/\/www.europesays.com\/es\/wp-json\/wp\/v2\/posts"}],"about":[{"href":"https:\/\/www.europesays.com\/es\/wp-json\/wp\/v2\/types\/post"}],"author":[{"embeddable":true,"href":"https:\/\/www.europesays.com\/es\/wp-json\/wp\/v2\/users\/2"}],"replies":[{"embeddable":true,"href":"https:\/\/www.europesays.com\/es\/wp-json\/wp\/v2\/comments?post=223468"}],"version-history":[{"count":0,"href":"https:\/\/www.europesays.com\/es\/wp-json\/wp\/v2\/posts\/223468\/revisions"}],"wp:featuredmedia":[{"embeddable":true,"href":"https:\/\/www.europesays.com\/es\/wp-json\/wp\/v2\/media\/223469"}],"wp:attachment":[{"href":"https:\/\/www.europesays.com\/es\/wp-json\/wp\/v2\/media?parent=223468"}],"wp:term":[{"taxonomy":"category","embeddable":true,"href":"https:\/\/www.europesays.com\/es\/wp-json\/wp\/v2\/categories?post=223468"},{"taxonomy":"post_tag","embeddable":true,"href":"https:\/\/www.europesays.com\/es\/wp-json\/wp\/v2\/tags?post=223468"}],"curies":[{"name":"wp","href":"https:\/\/api.w.org\/{rel}","templated":true}]}}