{"id":223470,"date":"2025-11-07T14:04:16","date_gmt":"2025-11-07T14:04:16","guid":{"rendered":"https:\/\/www.europesays.com\/es\/223470\/"},"modified":"2025-11-07T14:04:16","modified_gmt":"2025-11-07T14:04:16","slug":"reese-whitherspoon-vuelve-a-harvard-24-anos-despues-de-una-rubia-muy-legal-y-revive-los-momentazos-de-la-pelicula","status":"publish","type":"post","link":"https:\/\/www.europesays.com\/es\/223470\/","title":{"rendered":"Reese Whitherspoon vuelve a Harvard 24 a\u00f1os despu\u00e9s de &#8216;Una rubia muy legal&#8217; y revive los momentazos de la pel\u00edcula"},"content":{"rendered":"<p id=\"eeMfrfmvTQ\" data-wc=\"95\">Han pasado ya casi 25 a\u00f1os desde que se estren\u00f3 <a class=\"hm-link ho-link\" href=\"https:\/\/www.hola.com\/actualidad\/20240526254229\/reese-witherspoon-una-rubia-muy-legal-vida-dos-decadas-despues\/\" data-mrf-recirculation=\"article-body-link\" rel=\"nofollow noopener\" target=\"_blank\">Una rubia muy legal,<\/a> una de las comedias m\u00e1s recordadas de los a\u00f1os 2000, que se estren\u00f3 en 2001. Ahora su protagonista,<strong> Reese Witherspoon, ha vuelto a Harvard<\/strong>, la universidad que fue escenario de las andanzas de su personaje. En esta ocasi\u00f3n, ha acudido para participar en un evento en el que ha compartido su experiencia como emprendedora y defensora del empoderamiento femenino, pero adem\u00e1s ha revivido algunas escenas ic\u00f3nicas de la pel\u00edcula en un v\u00eddeo que ha compartido y que se ha hecho viral.<\/p>\n","protected":false},"excerpt":{"rendered":"Han pasado ya casi 25 a\u00f1os desde que se estren\u00f3 Una rubia muy legal, una de las comedias&hellip;\n","protected":false},"author":2,"featured_media":223471,"comment_status":"","ping_status":"","sticky":false,"template":"","format":"standard","meta":{"footnotes":""},"categories":[169],"tags":[517,177,146,147,25,24,176,175,29551,23],"class_list":{"0":"post-223470","1":"post","2":"type-post","3":"status-publish","4":"format-standard","5":"has-post-thumbnail","7":"category-cine","8":"tag-actualidad","9":"tag-cine","10":"tag-entertainment","11":"tag-entretenimiento","12":"tag-es","13":"tag-espana","14":"tag-film","15":"tag-movies","16":"tag-reese-witherspoon","17":"tag-spain"},"share_on_mastodon":{"url":"https:\/\/pubeurope.com\/@es\/115508796834044807","error":""},"_links":{"self":[{"href":"https:\/\/www.europesays.com\/es\/wp-json\/wp\/v2\/posts\/223470","targetHints":{"allow":["GET"]}}],"collection":[{"href":"https:\/\/www.europesays.com\/es\/wp-json\/wp\/v2\/posts"}],"about":[{"href":"https:\/\/www.europesays.com\/es\/wp-json\/wp\/v2\/types\/post"}],"author":[{"embeddable":true,"href":"https:\/\/www.europesays.com\/es\/wp-json\/wp\/v2\/users\/2"}],"replies":[{"embeddable":true,"href":"https:\/\/www.europesays.com\/es\/wp-json\/wp\/v2\/comments?post=223470"}],"version-history":[{"count":0,"href":"https:\/\/www.europesays.com\/es\/wp-json\/wp\/v2\/posts\/223470\/revisions"}],"wp:featuredmedia":[{"embeddable":true,"href":"https:\/\/www.europesays.com\/es\/wp-json\/wp\/v2\/media\/223471"}],"wp:attachment":[{"href":"https:\/\/www.europesays.com\/es\/wp-json\/wp\/v2\/media?parent=223470"}],"wp:term":[{"taxonomy":"category","embeddable":true,"href":"https:\/\/www.europesays.com\/es\/wp-json\/wp\/v2\/categories?post=223470"},{"taxonomy":"post_tag","embeddable":true,"href":"https:\/\/www.europesays.com\/es\/wp-json\/wp\/v2\/tags?post=223470"}],"curies":[{"name":"wp","href":"https:\/\/api.w.org\/{rel}","templated":true}]}}