{"id":223490,"date":"2025-11-07T14:18:16","date_gmt":"2025-11-07T14:18:16","guid":{"rendered":"https:\/\/www.europesays.com\/es\/223490\/"},"modified":"2025-11-07T14:18:16","modified_gmt":"2025-11-07T14:18:16","slug":"es-espanola-visita-chile-por-primera-vez-y-sentencia-me-impresiono-desde-el-dia-uno-todo-es-a-lo-grande","status":"publish","type":"post","link":"https:\/\/www.europesays.com\/es\/223490\/","title":{"rendered":"Es espa\u00f1ola, visita Chile por primera vez y sentencia: \u201cMe impresion\u00f3 desde el d\u00eda uno&#8230; Todo es a lo grande\u201d"},"content":{"rendered":"<p class=\"\"><b>Mar\u00eda del Pilar Fern\u00e1ndez es la ciclista m\u00e1s laureada de la Titan Forest Patagonia.<\/b> Cuenta con un Campeonato de Espa\u00f1a de XC de Ultramarat\u00f3n y fue primer lugar en la \u00faltima Titan realizada en Marruecos. Ahora lleg\u00f3 a competir la Patagonia chilena y est\u00e1 maravillada. <\/p>\n<p class=\"\">\u201c<b>Es de los sitios m\u00e1s bonitos en que he andado de bicicleta. Me impresion\u00f3 desde el d\u00eda uno, porque todo me parece s\u00faper salvaje.<\/b> Casi nada est\u00e1 tocado por el hombre. Muy incre\u00edble y muy recomendable venir por aqu\u00ed\u201d, dijo en conversaci\u00f3n con As. <\/p>\n<p class=\"\"><b>&#8211; \u00bfHab\u00eda estado en Chile antes?<\/b><\/p>\n<p class=\"\">&#8211; Nunca hab\u00eda estado aqu\u00ed. Me ha impresionado y me da pena quedarme tan poquito tiempo, porque si lo hubiera hecho con un poquito m\u00e1s de antelaci\u00f3n, seguro que me hubiera quedado m\u00e1s tiempo para poder ver todo lo que hay por aqu\u00ed. <\/p>\n<p class=\"\"><b>&#8211; \u00bfC\u00f3mo han sido estos d\u00edas en Chile?<\/b><\/p>\n<p class=\"\">&#8211; El viaje ha empezado regular, porque se me rompi\u00f3 la bicicleta en el avi\u00f3n y fue dif\u00edcil tenerla lista y tenerla preparada para la carrera. Hubieron un mont\u00f3n de contratiempos, pero al final he llegado bien a la carrera, sana y salva. Le agradezco a Espa\u00f1a, que son los que me han ayudado, y tambi\u00e9n a Chile, que me hicieron llegar el repuesto de Santiago.<\/p>\n<p class=\"\"><b>&#8211; Ha competido en muchos lugares, como en el desierto. Pero, \u00bfqu\u00e9 tiene de especial la Patagonia chilena?<\/b><\/p>\n<p class=\"\">&#8211; Estamos casi en el final del mundo. Lo m\u00e1s incre\u00edble de toda esta zona es que es una naturaleza muy salvaje. Todo es a lo grande. <\/p>\n<p class=\"\"><b>&#8211; \u00bfCu\u00e1l considera el logro m\u00e1s importante de su carrera?<\/b><\/p>\n<p class=\"\">&#8211; Haber ganado la Titan este a\u00f1o, porque hace cuatro a\u00f1os comenc\u00e9 mi carrera como deportista all\u00ed. Para m\u00ed, era cerrar el c\u00edrculo de empezar en la Titan a ganarla. Ha sido lo m\u00e1s importante y emotivo para m\u00ed. <\/p>\n<p class=\"\"><b>&#8211; \u00bfC\u00f3mo logra congeniar la vida personal con la profesional?<\/b><\/p>\n<p class=\"\">&#8211; Es bastante dif\u00edcil, yo trabajo, tal como la mayor\u00eda de todos los que estamos aqu\u00ed. Entrenamientos, actividad personal, laboral es al final hacer un poco encaje de bolillos como se dice en Espa\u00f1a e ir quitando tiempo a cosas. Al final es sacrificarte por algo que te gusta y nada m\u00e1s. <\/p>\n<p>Noticias relacionadas<\/p>\n<p class=\"\"><b>&#8211; \u00bfLa veremos de vuelta?<\/b><\/p>\n<p class=\"\">&#8211; Seguro que s\u00ed. Ojal\u00e1.  <\/p>\n","protected":false},"excerpt":{"rendered":"Mar\u00eda del Pilar Fern\u00e1ndez es la ciclista m\u00e1s laureada de la Titan Forest Patagonia. Cuenta con un Campeonato&hellip;\n","protected":false},"author":2,"featured_media":223491,"comment_status":"","ping_status":"","sticky":false,"template":"","format":"standard","meta":{"footnotes":""},"categories":[273],"tags":[313,312,168,25,24,23,167],"class_list":{"0":"post-223490","1":"post","2":"type-post","3":"status-publish","4":"format-standard","5":"has-post-thumbnail","7":"category-ciclismo","8":"tag-ciclismo","9":"tag-cycling","10":"tag-deportes","11":"tag-es","12":"tag-espana","13":"tag-spain","14":"tag-sports"},"share_on_mastodon":{"url":"https:\/\/pubeurope.com\/@es\/115508851734760762","error":""},"_links":{"self":[{"href":"https:\/\/www.europesays.com\/es\/wp-json\/wp\/v2\/posts\/223490","targetHints":{"allow":["GET"]}}],"collection":[{"href":"https:\/\/www.europesays.com\/es\/wp-json\/wp\/v2\/posts"}],"about":[{"href":"https:\/\/www.europesays.com\/es\/wp-json\/wp\/v2\/types\/post"}],"author":[{"embeddable":true,"href":"https:\/\/www.europesays.com\/es\/wp-json\/wp\/v2\/users\/2"}],"replies":[{"embeddable":true,"href":"https:\/\/www.europesays.com\/es\/wp-json\/wp\/v2\/comments?post=223490"}],"version-history":[{"count":0,"href":"https:\/\/www.europesays.com\/es\/wp-json\/wp\/v2\/posts\/223490\/revisions"}],"wp:featuredmedia":[{"embeddable":true,"href":"https:\/\/www.europesays.com\/es\/wp-json\/wp\/v2\/media\/223491"}],"wp:attachment":[{"href":"https:\/\/www.europesays.com\/es\/wp-json\/wp\/v2\/media?parent=223490"}],"wp:term":[{"taxonomy":"category","embeddable":true,"href":"https:\/\/www.europesays.com\/es\/wp-json\/wp\/v2\/categories?post=223490"},{"taxonomy":"post_tag","embeddable":true,"href":"https:\/\/www.europesays.com\/es\/wp-json\/wp\/v2\/tags?post=223490"}],"curies":[{"name":"wp","href":"https:\/\/api.w.org\/{rel}","templated":true}]}}