{"id":223503,"date":"2025-11-07T14:28:24","date_gmt":"2025-11-07T14:28:24","guid":{"rendered":"https:\/\/www.europesays.com\/es\/223503\/"},"modified":"2025-11-07T14:28:24","modified_gmt":"2025-11-07T14:28:24","slug":"estas-son-las-salas-de-espana-donde-puedes-ver-toda-la-saga","status":"publish","type":"post","link":"https:\/\/www.europesays.com\/es\/223503\/","title":{"rendered":"estas son las salas de Espa\u00f1a donde puedes ver toda la saga"},"content":{"rendered":"<p class=\"c-paragraph\">Where the hell have you been, loca? Pronto har\u00e1n suya la viral l\u00ednea de guion de <b>Crep\u00fasculo: Luna Nueva<\/b> miles de amantes de la saga que, 20 a\u00f1os despu\u00e9s de su estreno en librer\u00edas, podr\u00e1n repetirla ante una gran pantalla. Crep\u00fasculo, la franquicia basada en las novelas <b>Stephenie Meyer<\/b>, regresa dos d\u00e9cadas despu\u00e9s a las salas de Espa\u00f1a y lo hace de golpe: <b>el 7 de noviembre, se reestrenan las cinco entregas de <a href=\"https:\/\/www.20minutos.es\/cinemania\/noticias\/lado-oculto-crepusculo-su-directora-denuncia-trato-que-recibio-tras-exito-pelicula_5729767_0.html\" rel=\"nofollow noopener\" target=\"_blank\">Crep\u00fasculo<\/a><\/b>.<\/p>\n<p class=\"c-paragraph\">Adem\u00e1s de transformarse en un fen\u00f3meno masivo de p\u00fablico y catalizar, en el audiovisual, el fanatismo despertado con los libros de Meyer, Crep\u00fasculo nos present\u00f3 a dos de los actores m\u00e1s destacados de su generaci\u00f3n: <b>Kristen Stewart <\/b>y <b><a href=\"https:\/\/www.20minutos.es\/cinemania\/noticias\/robert-pattinson-filtraciones-batman-2-spoilers_6326729_0.html\" rel=\"nofollow noopener\" target=\"_blank\">Robert Pattinson<\/a><\/b>. Aunque ninguno de los dos (especialmente, Pattinson) se consideran grandes amantes de Crep\u00fasculo, su camino hacia la cima comenz\u00f3 en los bosques de Forks y, volver a verlos cuando eran dos desconocidos, desde luego tiene su encanto.<\/p>\n<p>\u00bfDe qu\u00e9 trat a &#8216;Crep\u00fasculo&#8217;?<\/p>\n<p class=\"c-paragraph\">La joven Bella Swan, interpretada por Kristen Stewart, siempre hab\u00eda sido una chica notablemente diferente desde que apenas levantaba un palmo del suelo y a\u00fan viv\u00eda en la c\u00e1lida y soleada Phoenix. En ese momento, cuando su madre decidi\u00f3 volver a casarse con otro hombre, tom\u00f3 la decisi\u00f3n de enviarla a vivir con su padre en la peque\u00f1a y constantemente lluviosa ciudad de Forks, ubicada en el estado de Washington, una poblaci\u00f3n que carec\u00eda por completo de cualquier tipo de aliciente o atractivo especial para alguien como Bella.<\/p>\n<p class=\"c-paragraph\">Sin embargo, todo cambi\u00f3 cuando, al llegar al instituto local, conoce al misterioso y<a href=\"https:\/\/www.20minutos.es\/cinemania\/noticias\/robert-pattinson-demasiado-feo-edward-cullen-5192498\/\" rel=\"nofollow noopener\" target=\"_blank\"> sumamente atractivo Edward Cullen<\/a>, encarnado por Robert Pattinson, un joven que se distingu\u00eda claramente de todos los dem\u00e1s estudiantes y que, en lo profundo de su ser, ocultaba un secreto de gran magnitud.<\/p>\n<p class=\"c-paragraph\">La primera entrega de la saga de Crep\u00fasculo fue dirigida por Catherine Hardwicke y, a partir de entonces, cada nueva contribuci\u00f3n a esta historia de vampiros y hombres lobo pas\u00f3 por manos de un nuevo director. Bill Condon cerr\u00f3 la saga como en <a href=\"https:\/\/www.20minutos.es\/cinemania\/series\/harry-potter-reparto-estreno-detalles-serie-hbo-max-5716618\/\" rel=\"nofollow noopener\" target=\"_blank\">Harry Potter<\/a>, es decir, descomponiendo el \u00faltimo libro en dos partes, Amanecer: Parte 1 y Amanecer: Parte 2.\u00a0<\/p>\n<p class=\"c-paragraph\">Adem\u00e1s de Kristen Stewart y Robert Pattinson, Crep\u00fasculo tambi\u00e9n present\u00f3 en sociedad a<a href=\"https:\/\/www.20minutos.es\/cinemania\/noticias\/que-fue-taylor-lautner-crepusculo-mejor-pagado-hollywood-5679793\/\" rel=\"nofollow noopener\" target=\"_blank\"> <b>Taylor Lautner<\/b><\/a>, un actor cuya popularidad no ten\u00eda nada que envidiar a sus coprotagonistas pero que ha ido perdiendo fuelle con el paso de los a\u00f1os. Tambi\u00e9n es destacable la presencia, a lo largo de la saga, de <b>Dakota Fanning, Anna Kendrick<\/b>, <b>Michael Sheen<\/b> o el recientemente fallecido <b>Graham Greene<\/b>.\u00a0<\/p>\n<p>Salas donde puede verse:<\/p>\n<p class=\"c-paragraph\"><b>CINES YELMO<\/b><\/p>\n<p class=\"c-paragraph\">CY Vialia M\u00e1laga<\/p>\n<p class=\"c-paragraph\">CY Plaza Mayor<\/p>\n<p class=\"c-paragraph\">CY Lagoh Sevilla<\/p>\n<p class=\"c-paragraph\">CY \u00c1rea Sur<\/p>\n<p class=\"c-paragraph\">CY Roquetas<\/p>\n<p class=\"c-paragraph\">CY Torrec\u00e1rdenas<\/p>\n<p class=\"c-paragraph\">CY Bah\u00eda Sur<\/p>\n<p class=\"c-paragraph\">CY Rinc\u00f3n de la Victoria<\/p>\n<p class=\"c-paragraph\">CY Puerta Europa<\/p>\n<p class=\"c-paragraph\">CY Ja\u00e9n<\/p>\n<p class=\"c-paragraph\">CY Los Prados<\/p>\n<p class=\"c-paragraph\">CY Ocimax<\/p>\n<p class=\"c-paragraph\">CY Meridiano<\/p>\n<p class=\"c-paragraph\">CY Alisios<\/p>\n<p class=\"c-paragraph\">CY Las Arenas<\/p>\n<p class=\"c-paragraph\">CY Vecindario<\/p>\n<p class=\"c-paragraph\">CY La Villa-Orotava<\/p>\n<p class=\"c-paragraph\">CY Fuerteventura<\/p>\n<p class=\"c-paragraph\">CY Pe\u00f1acastillo<\/p>\n<p class=\"c-paragraph\">CY Parc Central<\/p>\n<p class=\"c-paragraph\">CY La Maquinista<\/p>\n<p class=\"c-paragraph\">CY San Cugat<\/p>\n<p class=\"c-paragraph\">CY Baricentro<\/p>\n<p class=\"c-paragraph\">CY Castelldefels<\/p>\n<p class=\"c-paragraph\">CY Abrera YC.<\/p>\n<p class=\"c-paragraph\">CY Campanar Valencia<\/p>\n<p class=\"c-paragraph\">CY Puerta de Alicante<\/p>\n<p class=\"c-paragraph\">CY Vinalopo<\/p>\n<p class=\"c-paragraph\">CY Sagunto Vidanova<\/p>\n<p class=\"c-paragraph\">CY Faro<\/p>\n<p class=\"c-paragraph\">CY Vigo<\/p>\n<p class=\"c-paragraph\">CY Vialia Vigo<\/p>\n<p class=\"c-paragraph\">CY E. Coru\u00f1a<\/p>\n<p class=\"c-paragraph\">CY As Termas Lugo<\/p>\n<p class=\"c-paragraph\">CY Imaginalia<\/p>\n<p class=\"c-paragraph\">CY Berceo<\/p>\n<p class=\"c-paragraph\">CY Vallsur<\/p>\n<p class=\"c-paragraph\">CY Tresaguas<\/p>\n<p class=\"c-paragraph\">CY Ideal<\/p>\n<p class=\"c-paragraph\">CY Islazul<\/p>\n<p class=\"c-paragraph\">CY Plenilunio<\/p>\n<p class=\"c-paragraph\">CY La Vaguada<\/p>\n<p class=\"c-paragraph\">CY Plaza Norte 2<\/p>\n<p class=\"c-paragraph\">CY Rivas Futura<\/p>\n<p class=\"c-paragraph\">CY Planetocio<\/p>\n<p class=\"c-paragraph\">CY Parque Corredor<\/p>\n<p class=\"c-paragraph\">CY Palafox Luxury<\/p>\n<p class=\"c-paragraph\">CY Itaroa<\/p>\n<p class=\"c-paragraph\">CY Artea<\/p>\n<p class=\"c-paragraph\">CY Boulevard<\/p>\n<p class=\"c-paragraph\">CY Megapark<\/p>\n<p class=\"c-paragraph\"><b>KINEPOLIS<\/b><\/p>\n<p class=\"c-paragraph\">KINEPOLIS Alicante Plaza Mar 2<\/p>\n<p class=\"c-paragraph\">KINEPOLIS Alzira<\/p>\n<p class=\"c-paragraph\">KINEPOLIS Barcelona Splau<\/p>\n<p class=\"c-paragraph\">KINEPOLIS La Ca\u00f1ada (Marbella)<\/p>\n<p class=\"c-paragraph\">KINEPOLIS Madrid Ciudad de la Imagen<\/p>\n<p class=\"c-paragraph\">KINEPOLIS Madrid Diversia<\/p>\n<p class=\"c-paragraph\">KINEPOLIS Matar\u00f3 Parc<\/p>\n<p class=\"c-paragraph\">KINEPOLIS Nevada<\/p>\n<p class=\"c-paragraph\">KINEPOLIS Almer\u00eda<\/p>\n<p class=\"c-paragraph\">KINEPOLIS Valencia<\/p>\n<p class=\"c-paragraph\"><b>OCINE<\/b> &#8211; Solo Crep\u00fasculo (Twilight)<\/p>\n<p class=\"c-paragraph\">OCINE Gavarres<\/p>\n<p class=\"c-paragraph\">OCINE Granollers<\/p>\n<p class=\"c-paragraph\">OCINE Girona<\/p>\n<p class=\"c-paragraph\">OCINE Platja d&#8217;Aro<\/p>\n<p class=\"c-paragraph\">OCINE Blanes<\/p>\n<p class=\"c-paragraph\">OCINE Badalona<\/p>\n<p class=\"c-paragraph\">OCINE Vila-Seca<\/p>\n<p class=\"c-paragraph\">OCINE Vendrell<\/p>\n<p class=\"c-paragraph\">OCINE Arenys<\/p>\n<p class=\"c-paragraph\">OCINE Estepark<\/p>\n<p class=\"c-paragraph\">OCINE Aqua<\/p>\n<p class=\"c-paragraph\">OCINE Valladolid<\/p>\n<p class=\"c-paragraph\">OCINE Mendibil<\/p>\n<p class=\"c-paragraph\">OCINE Tudela<\/p>\n<p class=\"c-paragraph\">OCINE Copo<\/p>\n<p class=\"c-paragraph\">OCINE Serrallo<\/p>\n<p class=\"c-paragraph\">OCINE X-Madrid<\/p>\n<p class=\"c-paragraph\">OCINE Santander<\/p>\n<p class=\"c-paragraph\">OCINE Gij\u00f3n<\/p>\n<p class=\"c-paragraph\">OCINE 7 Palmas<\/p>\n<p class=\"c-paragraph\">OCINE Porto Pi<\/p>\n<p class=\"c-paragraph\">OCINE Quadernillos<\/p>\n<p class=\"c-paragraph\">OCINE Lleida<\/p>\n<p class=\"c-paragraph\">OCINE Plaza Eboli Pinto<\/p>\n<p class=\"c-paragraph\">OCINE Vigo<\/p>\n<p class=\"c-paragraph\"><b>CINESA<\/b> <\/p>\n<p class=\"c-paragraph\">CINESA As Cancelas<\/p>\n<p class=\"c-paragraph\">CINESA Bah\u00eda de Santander<\/p>\n<p class=\"c-paragraph\">CINESA Barnasud<\/p>\n<p class=\"c-paragraph\">CINESA Bonaire<\/p>\n<p class=\"c-paragraph\">CINESA Camas<\/p>\n<p class=\"c-paragraph\">CINESA Diagonal<\/p>\n<p class=\"c-paragraph\">CINESA Diagona Mar<\/p>\n<p class=\"c-paragraph\">CINESA Equinoccio<\/p>\n<p class=\"c-paragraph\">CINESA Garbera<\/p>\n<p class=\"c-paragraph\">CINESA Grancasa<\/p>\n<p class=\"c-paragraph\">CINESA Intu Xanad\u00fa<\/p>\n<p class=\"c-paragraph\">CINESA La Farga<\/p>\n<p class=\"c-paragraph\">CINESA La Gavia<\/p>\n<p class=\"c-paragraph\">CINESA La Moraleja<\/p>\n<p class=\"c-paragraph\">CINESA Las Rosas<\/p>\n<p class=\"c-paragraph\">CINESA Las Rozas<\/p>\n<p class=\"c-paragraph\">CINESA Loranca<\/p>\n<p class=\"c-paragraph\">CINESA Mallorca Fashion Outlet<\/p>\n<p class=\"c-paragraph\">CINESA MAanoteras<\/p>\n<p class=\"c-paragraph\">CINESA Marineda City<\/p>\n<p class=\"c-paragraph\">CINESA Max Ocio<\/p>\n<p class=\"c-paragraph\">CINESA M\u00e9ndez \u00c1lvaro<\/p>\n<p class=\"c-paragraph\">CINESA Nassica<\/p>\n<p class=\"c-paragraph\">CINESA Nueva Condomina<\/p>\n<p class=\"c-paragraph\">CINESA Oasiz<\/p>\n<p class=\"c-paragraph\">CINESA Parc Vall\u00e9s<\/p>\n<p class=\"c-paragraph\">CINESA Principado<\/p>\n<p class=\"c-paragraph\">CINESA Parquesur<\/p>\n<p class=\"c-paragraph\">CINESA Proyecciones<\/p>\n<p class=\"c-paragraph\">CINESA Pr\u00edncipe P\u00edo<\/p>\n<p class=\"c-paragraph\">CINESA Puerto Venecia<\/p>\n<p class=\"c-paragraph\">CINESA Som Multiespai<\/p>\n<p class=\"c-paragraph\">CINESA Salera<\/p>\n<p class=\"c-paragraph\">CINESA Urbil<\/p>\n<p class=\"c-paragraph\">CINESA Zubiarte<\/p>\n<p class=\"c-paragraph\"><b>OTROS CINES<\/b><\/p>\n<p class=\"c-paragraph\">NEOCINE Thader<\/p>\n<p class=\"c-paragraph\">NEOCINE Mandarache<\/p>\n<p class=\"c-paragraph\">CINES Broadway<\/p>\n<p class=\"c-paragraph\">CINES Palafox<\/p>\n<p class=\"c-paragraph\">ARTESIETE Bah\u00eda<\/p>\n<p class=\"c-paragraph\">ARIBAU Cinema<\/p>\n<p class=\"c-paragraph\">ARTISTIC Metropol<\/p>\n<p class=\"c-paragraph\">MK2 Conquistadores<\/p>\n<p class=\"c-paragraph\">MK2 Nervion Plaza<\/p>\n<p class=\"c-paragraph\">MK2 El Ingenio<\/p>\n<p class=\"c-paragraph\">MK2 Bah\u00eda de C\u00e1diz<\/p>\n<p class=\"c-paragraph\">MK2 Los Alcorez<\/p>\n<p class=\"c-paragraph\">MK2 Miramar<\/p>\n<p class=\"c-paragraph\">MK2 Luz del Tajo<\/p>\n<p class=\"c-paragraph\">MK2 El Tablero<\/p>\n<p class=\"c-paragraph\">Al-Andalus Bormujos<\/p>\n<p class=\"c-paragraph\">Embajadores Foncalada<\/p>\n<p class=\"c-paragraph\">IMF Ondara<\/p>\n<p class=\"c-paragraph\">IMF Torrevieja<\/p>\n<p class=\"c-paragraph\">MN4<\/p>\n<p class=\"c-paragraph\">ABC Park<\/p>\n<p class=\"c-paragraph\">MK2 Palacio de Hielo<\/p>\n<p class=\"c-paragraph\">Multicines Tenerife<\/p>\n<p class=\"c-paragraph\">ABC Gand\u00eda<\/p>\n<p class=\"c-paragraph\">ABC Elche<\/p>\n","protected":false},"excerpt":{"rendered":"Where the hell have you been, loca? Pronto har\u00e1n suya la viral l\u00ednea de guion de Crep\u00fasculo: Luna&hellip;\n","protected":false},"author":2,"featured_media":223504,"comment_status":"","ping_status":"","sticky":false,"template":"","format":"standard","meta":{"footnotes":""},"categories":[169],"tags":[177,45751,146,147,25,24,3220,176,59231,175,267,46968,23],"class_list":{"0":"post-223503","1":"post","2":"type-post","3":"status-publish","4":"format-standard","5":"has-post-thumbnail","7":"category-cine","8":"tag-cine","9":"tag-crepusculo","10":"tag-entertainment","11":"tag-entretenimiento","12":"tag-es","13":"tag-espana","14":"tag-estrenos-de-cine","15":"tag-film","16":"tag-kristen-stewart","17":"tag-movies","18":"tag-planseo","19":"tag-robert-pattinson","20":"tag-spain"},"share_on_mastodon":{"url":"https:\/\/pubeurope.com\/@es\/115508891476178920","error":""},"_links":{"self":[{"href":"https:\/\/www.europesays.com\/es\/wp-json\/wp\/v2\/posts\/223503","targetHints":{"allow":["GET"]}}],"collection":[{"href":"https:\/\/www.europesays.com\/es\/wp-json\/wp\/v2\/posts"}],"about":[{"href":"https:\/\/www.europesays.com\/es\/wp-json\/wp\/v2\/types\/post"}],"author":[{"embeddable":true,"href":"https:\/\/www.europesays.com\/es\/wp-json\/wp\/v2\/users\/2"}],"replies":[{"embeddable":true,"href":"https:\/\/www.europesays.com\/es\/wp-json\/wp\/v2\/comments?post=223503"}],"version-history":[{"count":0,"href":"https:\/\/www.europesays.com\/es\/wp-json\/wp\/v2\/posts\/223503\/revisions"}],"wp:featuredmedia":[{"embeddable":true,"href":"https:\/\/www.europesays.com\/es\/wp-json\/wp\/v2\/media\/223504"}],"wp:attachment":[{"href":"https:\/\/www.europesays.com\/es\/wp-json\/wp\/v2\/media?parent=223503"}],"wp:term":[{"taxonomy":"category","embeddable":true,"href":"https:\/\/www.europesays.com\/es\/wp-json\/wp\/v2\/categories?post=223503"},{"taxonomy":"post_tag","embeddable":true,"href":"https:\/\/www.europesays.com\/es\/wp-json\/wp\/v2\/tags?post=223503"}],"curies":[{"name":"wp","href":"https:\/\/api.w.org\/{rel}","templated":true}]}}