{"id":223507,"date":"2025-11-07T14:30:09","date_gmt":"2025-11-07T14:30:09","guid":{"rendered":"https:\/\/www.europesays.com\/es\/223507\/"},"modified":"2025-11-07T14:30:09","modified_gmt":"2025-11-07T14:30:09","slug":"investigadores-espanoles-descubren-por-que-la-inmunoterapia-no-funciona-en-el-cancer-colorrectal-metastasico","status":"publish","type":"post","link":"https:\/\/www.europesays.com\/es\/223507\/","title":{"rendered":"Investigadores espa\u00f1oles descubren por qu\u00e9 la inmunoterapia no funciona en el c\u00e1ncer colorrectal metast\u00e1sico"},"content":{"rendered":"<p style=\"\">Una investigaci\u00f3n espa\u00f1ola revela por primera vez <strong>por qu\u00e9 el <strong>c\u00e1ncer colorrectal metast\u00e1sico<\/strong> no responde a la inmunoterapia<\/strong>, uno de los tratamientos m\u00e1s prometedores contra el <a href=\"https:\/\/www.abc.es\/salud\/enfermedades\/curar-cancer-revolucion-viene-alla-quimio-20250325043053-nt.html\" target=\"_self\" data-voc-vtm-id=\"in-text-traffic\" title=\"c\u00e1ncer\" data-mrf-link=\"www.abc.es\" rel=\"nofollow noopener\">c\u00e1ncer<\/a>. El estudio, publicado este viernes en la revista &#8216;Nature Genetics&#8217;, ha sido liderado por los  &#8230; doctores Eduard Batlle y Alejandro Prados, del Instituto de Investigaci\u00f3n Biom\u00e9dica (IRB Barcelona) y miembros del CIBERONC, junto con el doctor Holger Heyn, del Centro Nacional de An\u00e1lisis Gen\u00f3mico (CNAG), y financiado por la Asociaci\u00f3n Espa\u00f1ola Contra el C\u00e1ncer.<\/p>\n<p class=\"voc-p\" style=\"\">El <a href=\"https:\/\/www.abc.es\/salud\/enfermedades\/aumentando-casos-cancer-colon-gente-joven-20230525140159-nt.html\" target=\"_self\" data-voc-vtm-id=\"in-text-traffic\" title=\"c\u00e1ncer colorrectal\" data-mrf-link=\"www.abc.es\" rel=\"nofollow noopener\">c\u00e1ncer colorrectal<\/a> es el <a href=\"https:\/\/www.abc.es\/salud\/enfermedades\/cancer-diagnosticado-espana-2025-20250127150549-nt.html\" target=\"_self\" data-voc-vtm-id=\"in-text-traffic\" title=\"tumor m\u00e1s diagnosticado en Espa\u00f1a\" data-mrf-link=\"www.abc.es\" rel=\"nofollow noopener\">tumor m\u00e1s diagnosticado en Espa\u00f1a<\/a>, con m\u00e1s de 44.000 casos anuales, y la met\u00e1stasis sigue siendo la principal causa de muerte. Este hallazgo abre la v\u00eda al dise\u00f1o de terapias combinadas que podr\u00edan beneficiar a pacientes actualmente sin opciones efectivas.<\/p>\n<p class=\"voc-p\" style=\"\">La inmunoterapia<strong> utiliza el propio sistema inmunitario del paciente<\/strong> para atacar al tumor. Pero en el c\u00e1ncer colorrectal metast\u00e1sico, este equipo de investigaci\u00f3n ha demostrado que el tumor \u00abse defiende\u00bb de la inmunoterapia mediante una doble barrera que frena al sistema inmunitario. <\/p>\n<p class=\"voc-p\" style=\"\">Utilizando modelos animales y muestras de pacientes, han confirmado que existen dos mecanismos complementarios que impiden la acci\u00f3n del sistema inmunitario y, por tanto, de la inmunoterapia: por un lado, se impide la llegada de linfocitos T al tumor y, por otro, se limita la multiplicaci\u00f3n y acci\u00f3n de los pocos que llegan. <\/p>\n<p class=\"voc-p\" style=\"\">Ambos mecanismos son regulados por una mol\u00e9cula llamada<strong> TGF-\u03b2<\/strong> y se ha confirmado en el laboratorio que inhibir a TGF-\u03b2 permite la llegada de linfocitos T y potencia la acci\u00f3n de la inmunoterapia. Aunque existen <strong>f\u00e1rmacos inhibidores de TGF-\u03b2<\/strong>, a\u00fan est\u00e1n siendo probados en ensayos cl\u00ednicos y su uso est\u00e1 muy limitado por los efectos secundarios. La investigaci\u00f3n tambi\u00e9n se\u00f1ala otras alternativas sobre las que actuar, como las mol\u00e9culas que utiliza TGF-\u03b2 para activar esa doble barrera, pero que tambi\u00e9n deben ser confirmadas en futuros ensayos. <\/p>\n<p class=\"voc-p\" style=\"\">Este conocimiento abre las puertas al desarrollo de terapias combinadas de inmunoterapia m\u00e1s eficaces para estos pacientes.<\/p>\n","protected":false},"excerpt":{"rendered":"Una investigaci\u00f3n espa\u00f1ola revela por primera vez por qu\u00e9 el c\u00e1ncer colorrectal metast\u00e1sico no responde a la inmunoterapia,&hellip;\n","protected":false},"author":2,"featured_media":223508,"comment_status":"","ping_status":"","sticky":false,"template":"","format":"standard","meta":{"footnotes":""},"categories":[92],"tags":[1066,3384,5443,59232,25,24,165,1062,3265,166,23,1064],"class_list":{"0":"post-223507","1":"post","2":"type-post","3":"status-publish","4":"format-standard","5":"has-post-thumbnail","7":"category-salud","8":"tag-cancer","9":"tag-colorrectal","10":"tag-defiende","11":"tag-descifran","12":"tag-es","13":"tag-espana","14":"tag-health","15":"tag-inmunoterapia","16":"tag-metastasico","17":"tag-salud","18":"tag-spain","19":"tag-tratamiento"},"share_on_mastodon":{"url":"https:\/\/pubeurope.com\/@es\/115508899065316941","error":""},"_links":{"self":[{"href":"https:\/\/www.europesays.com\/es\/wp-json\/wp\/v2\/posts\/223507","targetHints":{"allow":["GET"]}}],"collection":[{"href":"https:\/\/www.europesays.com\/es\/wp-json\/wp\/v2\/posts"}],"about":[{"href":"https:\/\/www.europesays.com\/es\/wp-json\/wp\/v2\/types\/post"}],"author":[{"embeddable":true,"href":"https:\/\/www.europesays.com\/es\/wp-json\/wp\/v2\/users\/2"}],"replies":[{"embeddable":true,"href":"https:\/\/www.europesays.com\/es\/wp-json\/wp\/v2\/comments?post=223507"}],"version-history":[{"count":0,"href":"https:\/\/www.europesays.com\/es\/wp-json\/wp\/v2\/posts\/223507\/revisions"}],"wp:featuredmedia":[{"embeddable":true,"href":"https:\/\/www.europesays.com\/es\/wp-json\/wp\/v2\/media\/223508"}],"wp:attachment":[{"href":"https:\/\/www.europesays.com\/es\/wp-json\/wp\/v2\/media?parent=223507"}],"wp:term":[{"taxonomy":"category","embeddable":true,"href":"https:\/\/www.europesays.com\/es\/wp-json\/wp\/v2\/categories?post=223507"},{"taxonomy":"post_tag","embeddable":true,"href":"https:\/\/www.europesays.com\/es\/wp-json\/wp\/v2\/tags?post=223507"}],"curies":[{"name":"wp","href":"https:\/\/api.w.org\/{rel}","templated":true}]}}