{"id":223539,"date":"2025-11-07T14:54:13","date_gmt":"2025-11-07T14:54:13","guid":{"rendered":"https:\/\/www.europesays.com\/es\/223539\/"},"modified":"2025-11-07T14:54:13","modified_gmt":"2025-11-07T14:54:13","slug":"asi-es-berghain-la-discoteca-real-que-da-nombre-al-ultimo-hit-de-rosalia-salas-para-sexo-no-hay-espejos-y-el-portero-manda-musica","status":"publish","type":"post","link":"https:\/\/www.europesays.com\/es\/223539\/","title":{"rendered":"As\u00ed es Berghain, la discoteca real que da nombre al \u00faltimo hit de Rosal\u00eda: salas para sexo, no hay espejos y el portero manda | M\u00fasica"},"content":{"rendered":"<p class=\"loc\">Madrid<\/p>\n<p>La primera canci\u00f3n del <a href=\"https:\/\/cadenaser.com\/nacional\/2025\/11\/06\/prensa-fans-famosos-y-rosalia-tumbada-entre-sabanas-la-cantante-presenta-lux-en-barcelona-con-un-evento-exclusivo-cadena-ser\/\" target=\"_blank\" rel=\"nofollow noopener\" title=\"https:\/\/cadenaser.com\/nacional\/2025\/11\/06\/prensa-fans-famosos-y-rosalia-tumbada-entre-sabanas-la-cantante-presenta-lux-en-barcelona-con-un-evento-exclusivo-cadena-ser\/\">nuevo disco Lux de Rosal\u00eda<\/a> no ha dejado indiferente a nadie, y es que <a href=\"https:\/\/cadenaser.com\/nacional\/2025\/10\/27\/asi-es-berghain-el-primer-single-de-lux-el-nuevo-disco-de-rosalia-cadena-ser\/\" target=\"_blank\" rel=\"nofollow noopener\" title=\"https:\/\/cadenaser.com\/nacional\/2025\/10\/27\/asi-es-berghain-el-primer-single-de-lux-el-nuevo-disco-de-rosalia-cadena-ser\/\">el nombre del tema, Berghain<\/a>, ya es una referencia clara a la cuna del techno. Berghain es el nombre de la discoteca berlinesa en la que han pinchado los mejores DJ del mundo, y en la que la m\u00edstica, los excesos y la m\u00fasica son la clave.<\/p>\n<p>La corresponsal de la Cadena SER en Alemania, Carmen Vi\u00f1as, ha estado en El Faro, donde ha explicado todos los entresijos que rodean a la mejor discoteca del mundo, que ha inspirado el \u00faltimo hit de la artista catalana.<\/p>\n<p>M\u00e1s informaci\u00f3n<\/p>\n<p>Vi\u00f1as ha comentado que la canci\u00f3n de Rosal\u00eda ha sido muy bien acogida en Alemania, y es que \u00abha aparecido en todos los medios de comunicaci\u00f3n\u00bb y ha recibido comentarios positivos de grandes figuras de la m\u00fasica alemana.<\/p>\n<p>Un detalle del videoclip que podr\u00eda estar relacionado con la discoteca<\/p>\n<p>La corresponsal ha se\u00f1alado que \u00abla canci\u00f3n no tiene una conexi\u00f3n directa con el club m\u00e1s all\u00e1 del t\u00edtulo\u00bb, aunque el videoclip insin\u00faa un detalle: las cortinas, que algunos usuarios relacionan con las que se abren en la parte superior del club cuando entra el sol.<\/p>\n<p>M\u00e1s all\u00e1 de esto, todo lo que rodea a Berghain es pr\u00e1cticamente una inc\u00f3gnita, y hay dos motivos principales por los que es tan famosa: \u00abPinchan los mejores DJ de techno del mundo, no hacen ninguna concesi\u00f3n al sonido, experimentan much\u00edsimo con \u00e9l y por su estricta pol\u00edtica de admisi\u00f3n\u00bb, explicaba Vi\u00f1as.<\/p>\n<p>El sonido est\u00e1 muy cuidado, y es que la discoteca es en realidad una \u00abantigua central t\u00e9rmica de los a\u00f1os 50, una mole enorme en la que hay una ac\u00fastica buen\u00edsima porque se han respetado los huecos que ten\u00eda la propia central. Los techos son muy altos y todo crea un ambiente muy especial, que unido a la m\u00fasica hace que todo sea \u00fanico\u00bb, remarcaba Vi\u00f1as.<\/p>\n<p><img decoding=\"async\" src=\"https:\/\/www.europesays.com\/es\/wp-content\/uploads\/2025\/11\/FMKETG5R4FCMNFKCMS6JRZHNTA.jpg\" alt=\"Berghain\" width=\"4\" height=\"3\"  loading=\"lazy\"\/><\/p>\n<p>Berghain \/ Maja Hitij<\/p>\n<p>Ampliar<img decoding=\"async\" src=\"https:\/\/www.europesays.com\/es\/wp-content\/uploads\/2025\/11\/1762527253_764_FMKETG5R4FCMNFKCMS6JRZHNTA.jpg\" alt=\"Berghain\" width=\"4\" height=\"3\" loading=\"lazy\"\/><\/p>\n<p>Berghain \/ Maja Hitij<\/p>\n<p>CerrarLos espacios de la discoteca<\/p>\n<p>La propia discoteca \u00abdesaf\u00eda a los visitantes a que se cuestionen a s\u00ed mismos y exploren sus deseos\u00bb. Por ello, est\u00e1 dividida en dos partes: \u00abuna sala principal donde se pincha el techno m\u00e1s puro y otra que se llama Panorama Bar, enfocada en otros g\u00e9neros como el house\u00bb, aclaraba la corresponsal.<\/p>\n<p>Vi\u00f1as relat\u00f3 que, adem\u00e1s de estas dos salas, la discoteca cuenta con otra m\u00e1s ubicada \u00aben la parte inferior\u00bb, destinada a otros tipos de m\u00fasica, artistas emergentes o temas m\u00e1s experimentales.<\/p>\n<p>El c\u00f3digo iframe se ha copiado en el portapapeles<\/p>\n<p>FacebookTwitterLinkedinWhatsAppCerrar<\/p>\n<p>Adem\u00e1s, Berghain cuenta con \u00abzonas oscuras o dark rooms que est\u00e1n un poco m\u00e1s apartadas y albergan actividades sexuales\u00bb. Por otro lado, \u00abtiene un jard\u00edn que se abre en verano\u00bb y muchas \u00e1reas de descanso con bares, sof\u00e1s y zonas para fumadores.<\/p>\n<p>Un para\u00edso para los amantes del techno en el que es muy dif\u00edcil entrar. De hecho, indicaba Vi\u00f1as que \u00abes m\u00e1s complicado que entrar en la Canciller\u00eda alemana\u00bb. La corresponsal ha resaltado que \u00abaunque no hay garant\u00eda de que te dejen entrar\u00bb, hay algunas recomendaciones.<\/p>\n<p>El camino para entrar en la cuna del techno<\/p>\n<p>\u00abCuando vas acerc\u00e1ndote a la cola de acceso hay varios porteros que van a decidir qui\u00e9n entra y qui\u00e9n no\u00bb, destacaba Vi\u00f1as. \u00abM\u00e1s de la mitad de la gente que hace cola no entra\u00bb, y lo m\u00e1s importante es \u00abmantener la calma\u00bb.<\/p>\n<p>\u00abHay que mantener una actitud segura, no puedes estar borracho ni drogado porque van a observar c\u00f3mo te comportas en la cola. Por lo que hay que ser amable, no armar jaleo ni hacerte selfies\u00bb, remarcaba Vi\u00f1as, quien indic\u00f3 que, aunque ir vestido de negro no es obligatorio, s\u00ed es recomendable y \u00abhay que ir un poco adecuado a la m\u00fasica\u00bb.<\/p>\n<p>El esp\u00edritu Berghain<\/p>\n<p>Todo esto tiene un porqu\u00e9: la discoteca \u00abquiere garantizar la seguridad de las personas que van a estar all\u00ed, que la experiencia Berghain sea lo m\u00e1s libre y real, nadie que incomode y solo gente que vaya a divertirse\u00bb. Por ello, una vez dentro, no se pueden hacer fotos y ponen una pegatina en la c\u00e1mara del m\u00f3vil, para que el esp\u00edritu Berghain nunca se pierda.<\/p>\n","protected":false},"excerpt":{"rendered":"Madrid La primera canci\u00f3n del nuevo disco Lux de Rosal\u00eda no ha dejado indiferente a nadie, y es&hellip;\n","protected":false},"author":2,"featured_media":223540,"comment_status":"","ping_status":"","sticky":false,"template":"","format":"standard","meta":{"footnotes":""},"categories":[91],"tags":[1798,59235,4182,146,147,25,24,59236,59237,18910,2005,23],"class_list":{"0":"post-223539","1":"post","2":"type-post","3":"status-publish","4":"format-standard","5":"has-post-thumbnail","7":"category-entretenimiento","8":"tag-club","9":"tag-club-scene","10":"tag-corona","11":"tag-entertainment","12":"tag-entretenimiento","13":"tag-es","14":"tag-espana","15":"tag-free-time","16":"tag-lifestyle-and-leisure","17":"tag-scene","18":"tag-society","19":"tag-spain"},"share_on_mastodon":{"url":"https:\/\/pubeurope.com\/@es\/115508994072807295","error":""},"_links":{"self":[{"href":"https:\/\/www.europesays.com\/es\/wp-json\/wp\/v2\/posts\/223539","targetHints":{"allow":["GET"]}}],"collection":[{"href":"https:\/\/www.europesays.com\/es\/wp-json\/wp\/v2\/posts"}],"about":[{"href":"https:\/\/www.europesays.com\/es\/wp-json\/wp\/v2\/types\/post"}],"author":[{"embeddable":true,"href":"https:\/\/www.europesays.com\/es\/wp-json\/wp\/v2\/users\/2"}],"replies":[{"embeddable":true,"href":"https:\/\/www.europesays.com\/es\/wp-json\/wp\/v2\/comments?post=223539"}],"version-history":[{"count":0,"href":"https:\/\/www.europesays.com\/es\/wp-json\/wp\/v2\/posts\/223539\/revisions"}],"wp:featuredmedia":[{"embeddable":true,"href":"https:\/\/www.europesays.com\/es\/wp-json\/wp\/v2\/media\/223540"}],"wp:attachment":[{"href":"https:\/\/www.europesays.com\/es\/wp-json\/wp\/v2\/media?parent=223539"}],"wp:term":[{"taxonomy":"category","embeddable":true,"href":"https:\/\/www.europesays.com\/es\/wp-json\/wp\/v2\/categories?post=223539"},{"taxonomy":"post_tag","embeddable":true,"href":"https:\/\/www.europesays.com\/es\/wp-json\/wp\/v2\/tags?post=223539"}],"curies":[{"name":"wp","href":"https:\/\/api.w.org\/{rel}","templated":true}]}}