{"id":223543,"date":"2025-11-07T14:56:11","date_gmt":"2025-11-07T14:56:11","guid":{"rendered":"https:\/\/www.europesays.com\/es\/223543\/"},"modified":"2025-11-07T14:56:11","modified_gmt":"2025-11-07T14:56:11","slug":"vw-navarra-propone-un-erte-de-siete-meses","status":"publish","type":"post","link":"https:\/\/www.europesays.com\/es\/223543\/","title":{"rendered":"VW Navarra propone un ERTE de siete meses"},"content":{"rendered":"<p>\n        <a href=\"https:\/\/www.noticiasdenavarra.com\/tags\/volkswagen-navarra\/\" title=\"Volkswagen Navarra\" class=\"link copy\" rel=\"nofollow noopener\" target=\"_blank\">Volkswagen Navarra<\/a> y el comit\u00e9 han constituido este jueves la mesa para <strong>negociar el expediente de regulaci\u00f3n de empleo de suspensi\u00f3n de contratos<\/strong> (ERTE), han informado fuentes sindicales.\n<\/p>\n<p class=\"article-body__text \">\n        La empresa ha planteado esta medida <strong>por razones econ\u00f3micas, productivas y organizativas, basadas en problemas de abastecimiento de proveedores, acondicionamiento de las instalaciones para fabricar el\u00e9ctricos y en el descenso del programa productivo<\/strong> en el primer semestre de 2026.\n<\/p>\n<p class=\"article-body__text \">\n        A diferencia de lo que ya se conoc\u00eda, <strong>la direcci\u00f3n ha expuesto extender el nuevo ERTE entre el 1 de diciembre de 2025 y el 3 de julio del pr\u00f3ximo a\u00f1o<\/strong>. Para ello, tendr\u00e1 que dejar de usar el <a href=\"https:\/\/www.noticiasdenavarra.com\/economia\/2025\/10\/23\/vw-navarra-presenta-erte-2026-otro-nuevo-10252671.html\" title=\"actual expediente el 30 de noviembre\" class=\"link copy\" rel=\"nofollow noopener\" target=\"_blank\">actual expediente el 30 de noviembre<\/a>, en vez de prolongarlo hasta finales de a\u00f1o como as\u00ed estaba acordado entre VW y los sindicatos mayoritarios, UGT y CCOO.\n<\/p>\n<p class=\"article-body__text \">\n        <strong>La pr\u00f3xima semana comenzar\u00e1 la negociaci\u00f3n<\/strong>, con un calendario de reuniones fijadas los mi\u00e9rcoles y viernes durante 15 d\u00edas.\n<\/p>\n<p>  \u201cTomadura de pelo\u201d<\/p>\n<p class=\"article-body__text \">\n        El sindicato CGT, con representaci\u00f3n en el comit\u00e9, ha calificado de \u201ctomadura de pelo\u201d la reuni\u00f3n porque \u201c<strong>la empresa no ha entregado el informe t\u00e9cnico ni la memoria explicativa del ERTE<\/strong>\u201d.\n<\/p>\n<p class=\"article-body__text \">\n        CGT ha presentado un manifiesto en contra de regular a la plantilla y una propuesta alternativa consistente en el reparto del trabajo. \u201cSabemos que nuestro planteamiento se quedar\u00e1 en un caj\u00f3n o en una papelera sin leer, porque <strong>todo est\u00e1 ya pactado de antemano con UGT y CCOO<\/strong>\u201d, ha comentado CGT.\n<\/p>\n<p class=\"article-body__text \">\n        Tambi\u00e9n este jueves ha habido <a href=\"https:\/\/www.noticiasdenavarra.com\/economia\/2025\/11\/05\/calendario-laboral-vw-navarra-permite-coches-programa-10305533.html\" title=\"reuni\u00f3n del calendario laboral de 2026\" class=\"link copy\" rel=\"nofollow noopener\" target=\"_blank\">reuni\u00f3n del calendario laboral de 2026<\/a>, pero sin avances ni cifras sobre el programa productivo para el pr\u00f3ximo ejercicio en el que se lanzar\u00e1n los dos el\u00e9ctricos.<\/p>\n","protected":false},"excerpt":{"rendered":"Volkswagen Navarra y el comit\u00e9 han constituido este jueves la mesa para negociar el expediente de regulaci\u00f3n de&hellip;\n","protected":false},"author":2,"featured_media":223544,"comment_status":"","ping_status":"","sticky":false,"template":"","format":"standard","meta":{"footnotes":""},"categories":[80],"tags":[82,95,94,18277,25,24,708,918,5294,23,33369],"class_list":{"0":"post-223543","1":"post","2":"type-post","3":"status-publish","4":"format-standard","5":"has-post-thumbnail","7":"category-economia","8":"tag-business","9":"tag-economia","10":"tag-economy","11":"tag-erte","12":"tag-es","13":"tag-espana","14":"tag-navarra","15":"tag-propone","16":"tag-siete","17":"tag-spain","18":"tag-vw"},"share_on_mastodon":{"url":"https:\/\/pubeurope.com\/@es\/115509001259102673","error":""},"_links":{"self":[{"href":"https:\/\/www.europesays.com\/es\/wp-json\/wp\/v2\/posts\/223543","targetHints":{"allow":["GET"]}}],"collection":[{"href":"https:\/\/www.europesays.com\/es\/wp-json\/wp\/v2\/posts"}],"about":[{"href":"https:\/\/www.europesays.com\/es\/wp-json\/wp\/v2\/types\/post"}],"author":[{"embeddable":true,"href":"https:\/\/www.europesays.com\/es\/wp-json\/wp\/v2\/users\/2"}],"replies":[{"embeddable":true,"href":"https:\/\/www.europesays.com\/es\/wp-json\/wp\/v2\/comments?post=223543"}],"version-history":[{"count":0,"href":"https:\/\/www.europesays.com\/es\/wp-json\/wp\/v2\/posts\/223543\/revisions"}],"wp:featuredmedia":[{"embeddable":true,"href":"https:\/\/www.europesays.com\/es\/wp-json\/wp\/v2\/media\/223544"}],"wp:attachment":[{"href":"https:\/\/www.europesays.com\/es\/wp-json\/wp\/v2\/media?parent=223543"}],"wp:term":[{"taxonomy":"category","embeddable":true,"href":"https:\/\/www.europesays.com\/es\/wp-json\/wp\/v2\/categories?post=223543"},{"taxonomy":"post_tag","embeddable":true,"href":"https:\/\/www.europesays.com\/es\/wp-json\/wp\/v2\/tags?post=223543"}],"curies":[{"name":"wp","href":"https:\/\/api.w.org\/{rel}","templated":true}]}}