{"id":223609,"date":"2025-11-07T15:47:17","date_gmt":"2025-11-07T15:47:17","guid":{"rendered":"https:\/\/www.europesays.com\/es\/223609\/"},"modified":"2025-11-07T15:47:17","modified_gmt":"2025-11-07T15:47:17","slug":"la-generalitat-tenia-un-borrador-del-es-alert-por-la-dana-a-las-1837-horas-aunque-lo-envio-hora-y-media-despues-noticias-de-la-comunidad-valenciana","status":"publish","type":"post","link":"https:\/\/www.europesays.com\/es\/223609\/","title":{"rendered":"La Generalitat ten\u00eda un borrador del Es-Alert por la dana a las 18:37 horas, aunque lo envi\u00f3 hora y media despu\u00e9s | Noticias de la Comunidad Valenciana"},"content":{"rendered":"<p class=\"\">El Centro de Coordinaci\u00f3n de Emergencias de la Generlaitat manejaba un borrador del mensaje Es-Alert a las 18:37 horas del 29 de octubre de 2024, <a href=\"https:\/\/elpais.com\/espana\/comunidad-valenciana\/2025-11-07\/perez-llorca-el-diputado-con-mas-opciones-a-sustituir-a-mazon-se-recluye-en-su-pueblo-hay-que-ser-prudente.html\" target=\"_self\" rel=\"nofollow noopener\" title=\"https:\/\/elpais.com\/espana\/comunidad-valenciana\/2025-11-07\/perez-llorca-el-diputado-con-mas-opciones-a-sustituir-a-mazon-se-recluye-en-su-pueblo-hay-que-ser-prudente.html\">el d\u00eda de la dana<\/a> que caus\u00f3 229 muertes en la provincia de Valencia, aunque el mensaje finalmente se envi\u00f3 a los m\u00f3viles de la poblaci\u00f3n un poco m\u00e1s de hora y media despu\u00e9s, a las 20:11 horas. <\/p>\n<p class=\"\">As\u00ed consta en la documentaci\u00f3n que la Subdirecci\u00f3n General de Emergencias ha remitido a la jueza de Catarroja que investiga la gesti\u00f3n de la dana, despu\u00e9s de que esta le requiriera el correo electr\u00f3nico remitido por el jefe de la unidad de an\u00e1lisis y seguimiento de Emergencias, Juan Ram\u00f3n Cuevas, a la cuenta de la sala del CCE sobre propuesta de texto de Es-Alert.<\/p>\n<p class=\"\">Entre la documentaci\u00f3n se adjunta la imagen del correo enviado, en el que se puede ver que el env\u00edo se hizo a las 18:37 horas con el asunto \u2018es alert\u2019, as\u00ed como el contenido del documento adjunto, que contiene esta propuesta de mensaje a los m\u00f3viles: \u201cAnte las situaciones derivadas por las fuertes lluvias en su zona, como medida preventiva, permanezcan en sus domicilios y est\u00e9n atentos a futuros avisos a trav\u00e9s de este canal y fuentes oficiales\u201d. Este borrador del mensaje respond\u00eda al temor por la ruptura de la presa de Forata en la cuenca del r\u00edo Magro. <\/p>\n<p class=\"\">La jueza de la causa penal de la dana, Nuria Ruiz Tobarra, ha afirmado durante la instrucci\u00f3n, en la que ha tomado testimonio a m\u00e1s de 350 personas, que el env\u00edo finalmente del Es-Alet a las 2011, fue \u201ctard\u00edo2 y de contenido \u201derrado\u00bb porque tampoco advert\u00eda a la poblaci\u00f3n de que se pusieran a salvo en altura, sino que se evitara \u201ccualqueir tipo de desplazamiento en la provincia de Valencia\u201d. Este mensaje ya se envi\u00f3 por Forata y para el resto de cuencas de la provincia, incluir la del barranco del Poyo, cuyo desbordamiento caus\u00f3 la muerte a 193 personas de las 229 fallecidas, seg\u00fan un an\u00e1lisis elaborado por este peri\u00f3dico a partir de las cifras oficiales y del sumario. <\/p>\n<p>V\u00eddeo de Pradas y Maz\u00f3n<\/p>\n<p class=\"\">Por otro lado, una acusaci\u00f3n popular en la causa penal sobre la gesti\u00f3n de la dana ha pedido que se incorpore un v\u00eddeo donde se oye a la entonces consejera de Interior, Salom\u00e9 Pradas, imputada, comentarle al presidente de la Generalitat, Carlos Maz\u00f3n, tras llegar al Cecopi a las 20.28 horas, que era una \u201cexplosi\u00f3n meteorol\u00f3gica\u201d que hab\u00eda ocurrido \u201cen todas partes\u201d. <\/p>\n<p class=\"\">Seg\u00fan expone Acci\u00f3 Cultural en su solicitud, el v\u00eddeo figura en el documental que el centro regional de RTVE emiti\u00f3 el pasado 29 de octubre titulado \u2018Cecopi: les hores cr\u00edtiques\u00bb, con fragmentos de un plano secuencia de v\u00eddeo y audio que grab\u00f3 la radiotelevisi\u00f3n p\u00fablica \u00c0 Punt y que seg\u00fan expone esta acusaci\u00f3n popular \u201cno consta\u201d que la cadena valenciana remitiera al juzgado de Catarroja. En el v\u00eddeo se oye a Pradas, una de las investigadas en la causa, decir a Maz\u00f3n: \u201cEs una explosi\u00f3n, una explosi\u00f3n meteorol\u00f3gica nunca conocida en a\u00f1os. Esa es la palabra. Es una explosi\u00f3n. Es que ha habido hasta tornados. Yo cuando estaba en Carlet hab\u00eda un tornado (&#8230;). Pero en todas partes. En Chiva, en Utiel&#8230; En Utiel es que no pueden acceder, no saben lo que hay. Ni la UME\u201d. <\/p>\n<p class=\"\">El escrito de esta acusaci\u00f3n popular incluye la transcripci\u00f3n del audio de ese plano de v\u00eddeo que, \u201csalvo error u omisi\u00f3n, no consta como remitido\u201d al tribunal, en el que primero se oye a la jefa de prensa del president, Maite G\u00f3mez, que les dejen \u201cun momentito, porfa, que est\u00e1n hablando\u201d Pradas y Maz\u00f3n.<\/p>\n<p class=\"\">A continuaci\u00f3n, Pradas le informa de la \u201cexplosi\u00f3n meteorol\u00f3gica\u201d e insiste en que \u201cno puede entrar ni la UME a Utiel\u201d, a lo que Maz\u00f3n dice que va a llamar a la delegada del Gobierno en la Comunitat Valenciana, Pilar Bernab\u00e9. <\/p>\n<p class=\"\">Adem\u00e1s, el director de la Sociedad Valenciana de Gesti\u00f3n Integral de Servicios de Emergencias (SGISE), Ra\u00fal Qu\u00edlez, afirma: \u201cEl problema es que estamos pasando un momento de incertidumbre que no sabemos realmente lo que hay\u201d, momento en que Maz\u00f3n afirma: \u201c\u00a1Estoy sin cobertura! \u00a1No lo entiendo!\u201d y Pradas le explica que \u201cha ca\u00eddo la red\u201d.<\/p>\n","protected":false},"excerpt":{"rendered":"El Centro de Coordinaci\u00f3n de Emergencias de la Generlaitat manejaba un borrador del mensaje Es-Alert a las 18:37&hellip;\n","protected":false},"author":2,"featured_media":223610,"comment_status":"","ping_status":"","sticky":false,"template":"","format":"standard","meta":{"footnotes":""},"categories":[8],"tags":[59242,17,18,2007,242,1681,25,24,13,14,238,11,4274,19,20,9,10,15,16,23,12,21,22],"class_list":{"0":"post-223609","1":"post","2":"type-post","3":"status-publish","4":"format-standard","5":"has-post-thumbnail","7":"category-espana","8":"tag-alertas-ambientales","9":"tag-breaking-news","10":"tag-breakingnews","11":"tag-carlos-mazon","12":"tag-comunidad-valenciana","13":"tag-dana","14":"tag-es","15":"tag-espana","16":"tag-featured-news","17":"tag-featurednews","18":"tag-generalitat-valenciana","19":"tag-headlines","20":"tag-inundaciones-dana-octubre-2024","21":"tag-latest-news","22":"tag-latestnews","23":"tag-news","24":"tag-noticias","25":"tag-noticias-destacadas","26":"tag-noticiasdestacadas","27":"tag-spain","28":"tag-titulares","29":"tag-ultimas-noticias","30":"tag-ultimasnoticias"},"share_on_mastodon":{"url":"https:\/\/pubeurope.com\/@es\/115509201796333712","error":""},"_links":{"self":[{"href":"https:\/\/www.europesays.com\/es\/wp-json\/wp\/v2\/posts\/223609","targetHints":{"allow":["GET"]}}],"collection":[{"href":"https:\/\/www.europesays.com\/es\/wp-json\/wp\/v2\/posts"}],"about":[{"href":"https:\/\/www.europesays.com\/es\/wp-json\/wp\/v2\/types\/post"}],"author":[{"embeddable":true,"href":"https:\/\/www.europesays.com\/es\/wp-json\/wp\/v2\/users\/2"}],"replies":[{"embeddable":true,"href":"https:\/\/www.europesays.com\/es\/wp-json\/wp\/v2\/comments?post=223609"}],"version-history":[{"count":0,"href":"https:\/\/www.europesays.com\/es\/wp-json\/wp\/v2\/posts\/223609\/revisions"}],"wp:featuredmedia":[{"embeddable":true,"href":"https:\/\/www.europesays.com\/es\/wp-json\/wp\/v2\/media\/223610"}],"wp:attachment":[{"href":"https:\/\/www.europesays.com\/es\/wp-json\/wp\/v2\/media?parent=223609"}],"wp:term":[{"taxonomy":"category","embeddable":true,"href":"https:\/\/www.europesays.com\/es\/wp-json\/wp\/v2\/categories?post=223609"},{"taxonomy":"post_tag","embeddable":true,"href":"https:\/\/www.europesays.com\/es\/wp-json\/wp\/v2\/tags?post=223609"}],"curies":[{"name":"wp","href":"https:\/\/api.w.org\/{rel}","templated":true}]}}