{"id":223615,"date":"2025-11-07T15:54:10","date_gmt":"2025-11-07T15:54:10","guid":{"rendered":"https:\/\/www.europesays.com\/es\/223615\/"},"modified":"2025-11-07T15:54:10","modified_gmt":"2025-11-07T15:54:10","slug":"un-lince-iberico-conquista-la-patagonia","status":"publish","type":"post","link":"https:\/\/www.europesays.com\/es\/223615\/","title":{"rendered":"Un \u2018lince\u2019 ib\u00e9rico conquista la Patagonia"},"content":{"rendered":"<p class=\"\">La primera edici\u00f3n de la<b> Titan Forest Patagonia<\/b> tiene acento espa\u00f1ol. Y del <b>equipo KH-7<\/b>, al que pertenecen los dos ganadores de esta prueba, que del lunes al jueves se ha celebrado en la regi\u00f3n de <b>Ays\u00e9n<\/b>, <b>Chile<\/b>, entre bosques, monta\u00f1as, contrastes de temperatura y espectaculares vistas. Todo un <a href=\"https:\/\/as.com\/ciclismo\/tour_francia\/el-tour-de-mate-n\/\" target=\"_self\" rel=\"nofollow noopener\" title=\"https:\/\/as.com\/ciclismo\/tour_francia\/el-tour-de-mate-n\/\">cl\u00e1sico del ciclismo profesional<\/a> hasta la pasada temporada, <b>Luis \u00c1ngel Mat\u00e9<\/b>, se lleva la carrera en categor\u00eda masculina. Y <b>Pilar Fern\u00e1ndez<\/b>, que ya se llev\u00f3 la general en primavera en la <b>Skoda Titan Desert Marruecos<\/b>, ha vuelto a imponerse en mujeres.<\/p>\n<p class=\"\">\u201cEstamos <b>extremadamente contentos<\/b> de haber conseguido la <b>victoria para KH-7<\/b> en esta primera edici\u00f3n de la <b>Titan Forest Patagonia<\/b>\u201d, asegura un Mat\u00e9 que bas\u00f3 su triunfo en una<b> victoria en la etapa inaugural<\/b>, para ir controlando a sus rivales, hasta acabar con<b> nueve minutos<\/b> de ventaja sobre el chileno <b>Jos\u00e9 Luis \u2018Pipo\u2019 Rodr\u00edguez <\/b>y <b>media hora<\/b> con respecto a otro cl\u00e1sico, <b>Haimar Zubeldia<\/b>. \u201cHemos cambiado<b> el amarillo del desierto por el verde de la Patagonia<\/b>, con mucho fr\u00edo por la ma\u00f1ana y calor durante el d\u00eda\u201d, destaca el marbell\u00ed.<\/p>\n<p>Fern\u00e1ndez se lleva todas las etapas<\/p>\n<p class=\"\">M\u00e1s incontestable a\u00fan ha sido el triunfo de <b>Pili Fern\u00e1ndez<\/b>, puesto que <b>ha acabado primera en las cuatro etapas<\/b>, lo que la ha llevado a aventajar en <b>casi tres horas<\/b> a la subcampeona, la corredora local <b>Daniela Rojas<\/b>, con su compatriota <b>Camila Andrade<\/b> llev\u00e1ndose el tercer puesto. <\/p>\n<p>Noticias relacionadas<a href=\"https:\/\/as.com\/ciclismo\/tour_francia\/el-tour-de-mate-n\/\" class=\"s_m_w _rt-16x9\" title=\"Luis \u00c1ngel Mat\u00e9, en su primer a\u00f1o como retirado, est\u00e1 viviendo el Tour desde dentro trabajando para ASO. \u201cEs una locura verlo sin ser corredor\u201d, dice a AS.\" data-tb-link=\"\" rel=\"nofollow noopener\" target=\"_blank\"><img decoding=\"async\" src=\"https:\/\/www.europesays.com\/es\/wp-content\/uploads\/2025\/11\/I4T7OC7SZRFLDKSB5LNPEFFQSA.jpeg\" alt=\"El Tour de Mat\u00e9\" class=\"\" height=\"1\" width=\"1\"   loading=\"lazy\" data-tb-thumbnail=\"\"\/><\/a><a href=\"https:\/\/as.com\/ciclismo\/mas_ciclismo\/andrey-amador-y-pili-fernandez-dominan-el-desierto-n\/\" class=\"s_m_w _rt-16x9\" title=\"El ciclista de Costa Rica se impuso en la Titan Desert Marruecos por delante de Luisle S\u00e1nchez y Fran Herrero. La espa\u00f1ola venci\u00f3 en la categor\u00eda femenina con superioridad: gan\u00f3 cuatro de las seis etapas.\" data-tb-link=\"\" rel=\"nofollow noopener\" target=\"_blank\"><img decoding=\"async\" src=\"https:\/\/www.europesays.com\/es\/wp-content\/uploads\/2025\/11\/LWK72EVPZRF4NFT5UEFDVAKO7A.jpg\" alt=\"Andrey Amador y Pili Fern\u00e1ndez dominan el desierto\" class=\"\" height=\"1\" width=\"1\"   loading=\"lazy\" data-tb-thumbnail=\"\"\/><\/a><\/p>\n<p class=\"\">\u201cEstoy <b>contenta y muy emocionada por llevarme la segunda Titan en un a\u00f1o <\/b>y muy satisfecha por el rendimiento durante toda la carrera. Aunque he tenido <b>muchos contratiempos<\/b>, ha acabado muy bien. Me ha gustado mucho. Ha ido todo genial y ojal\u00e1 pueda volver el a\u00f1o que viene\u201d, expres\u00f3 la ciclista de un <b>KH-7 <\/b>que, con ella y <b>Andrey Amador<\/b>, ya consigui\u00f3 el <b>doblete <\/b>en la original<b> Skoda Titan Desert Marruecos<\/b>.<\/p>\n<p class=\"\"><b>\u00a1Tus opiniones importan!<\/b> Comenta en los art\u00edculos y suscr\u00edbete gratis a nuestra <a href=\"https:\/\/asfan.as.com\/newsletters\/\" target=\"_blank\" rel=\"nofollow noopener\" title=\"https:\/\/asfan.as.com\/newsletters\/\">newsletter<\/a> y a las alertas informativas en la <a href=\"https:\/\/as.com\/aplicacion-de-as-n\/\" target=\"_blank\" rel=\"nofollow noopener\" title=\"https:\/\/as.com\/aplicacion-de-as-n\/\">App<\/a> o el canal de <a href=\"https:\/\/www.whatsapp.com\/channel\/0029VaAasdA7j6g745nz9M10\" target=\"_blank\" rel=\"nofollow noopener\" title=\"https:\/\/www.whatsapp.com\/channel\/0029VaAasdA7j6g745nz9M10\">WhatsApp<\/a>. \u00bfBuscas licenciar contenido? Haz clic <a href=\"https:\/\/profesional.elpais.com\/soluciones-sindicacion?utm_medium=interno&amp;utm_source=crosslinking&amp;utm_campaign=sindicacion_as_pie_articulos\" target=\"_blank\" rel=\"nofollow noopener\" title=\"https:\/\/profesional.elpais.com\/soluciones-sindicacion?utm_medium=interno&amp;utm_source=crosslinking&amp;utm_campaign=sindicacion_as_pie_articulos\">aqu\u00ed<\/a><\/p>\n","protected":false},"excerpt":{"rendered":"La primera edici\u00f3n de la Titan Forest Patagonia tiene acento espa\u00f1ol. Y del equipo KH-7, al que pertenecen&hellip;\n","protected":false},"author":2,"featured_media":223616,"comment_status":"","ping_status":"","sticky":false,"template":"","format":"standard","meta":{"footnotes":""},"categories":[273],"tags":[313,312,168,25,24,23,167],"class_list":{"0":"post-223615","1":"post","2":"type-post","3":"status-publish","4":"format-standard","5":"has-post-thumbnail","7":"category-ciclismo","8":"tag-ciclismo","9":"tag-cycling","10":"tag-deportes","11":"tag-es","12":"tag-espana","13":"tag-spain","14":"tag-sports"},"share_on_mastodon":{"url":"https:\/\/pubeurope.com\/@es\/115509229482584585","error":""},"_links":{"self":[{"href":"https:\/\/www.europesays.com\/es\/wp-json\/wp\/v2\/posts\/223615","targetHints":{"allow":["GET"]}}],"collection":[{"href":"https:\/\/www.europesays.com\/es\/wp-json\/wp\/v2\/posts"}],"about":[{"href":"https:\/\/www.europesays.com\/es\/wp-json\/wp\/v2\/types\/post"}],"author":[{"embeddable":true,"href":"https:\/\/www.europesays.com\/es\/wp-json\/wp\/v2\/users\/2"}],"replies":[{"embeddable":true,"href":"https:\/\/www.europesays.com\/es\/wp-json\/wp\/v2\/comments?post=223615"}],"version-history":[{"count":0,"href":"https:\/\/www.europesays.com\/es\/wp-json\/wp\/v2\/posts\/223615\/revisions"}],"wp:featuredmedia":[{"embeddable":true,"href":"https:\/\/www.europesays.com\/es\/wp-json\/wp\/v2\/media\/223616"}],"wp:attachment":[{"href":"https:\/\/www.europesays.com\/es\/wp-json\/wp\/v2\/media?parent=223615"}],"wp:term":[{"taxonomy":"category","embeddable":true,"href":"https:\/\/www.europesays.com\/es\/wp-json\/wp\/v2\/categories?post=223615"},{"taxonomy":"post_tag","embeddable":true,"href":"https:\/\/www.europesays.com\/es\/wp-json\/wp\/v2\/tags?post=223615"}],"curies":[{"name":"wp","href":"https:\/\/api.w.org\/{rel}","templated":true}]}}