{"id":223621,"date":"2025-11-07T15:58:08","date_gmt":"2025-11-07T15:58:08","guid":{"rendered":"https:\/\/www.europesays.com\/es\/223621\/"},"modified":"2025-11-07T15:58:08","modified_gmt":"2025-11-07T15:58:08","slug":"rosalia-hace-un-traje-a-su-ex-en-la-comica-la-perla-jenesaispop-com","status":"publish","type":"post","link":"https:\/\/www.europesays.com\/es\/223621\/","title":{"rendered":"Rosal\u00eda hace un traje a su ex en la c\u00f3mica &#8216;La Perla&#8217; \u2013 jenesaispop.com"},"content":{"rendered":"<p>En el a\u00f1o 2001, la cantante mexicana <a href=\"https:\/\/jenesaispop.com\/2025\/02\/17\/492378\/muere-paquita-la-del-barrio\/\" rel=\"nofollow noopener\" target=\"_blank\">Paquita la del Barrio<\/a> (que en paz descanse) public\u00f3 \u2018Rata de dos patas\u2019, la canci\u00f3n de despecho m\u00e1s despiadada de la historia. Su esp\u00edritu recorre \u2018La Perla\u2019 de Rosal\u00eda, sobre todo su intenci\u00f3n humor\u00edstica.<\/p>\n<p>Sobre un ritmo de vals, Rosal\u00eda describe a un \u00abplayboy\u00bb que es un \u00abcampo de minas para (su) sensibilidad\u00bb y que tiene la \u00abmedalla Ol\u00edmpica de oro al m\u00e1s cabr\u00f3n\u00bb. En este corte de \u2018LUX\u2019, Rosal\u00eda hace un traje a un ex derrochador que se cree el centro del mundo, que miente a su terapeuta, que es un \u00abterrorista emocional\u00bb y que colecciona \u00abbras\u00bb\u2026 \u00bfde sus fans? Parece que Rosal\u00eda ya no busca <a href=\"https:\/\/www.youtube.com\/watch?v=fYCxC6V33wQ\" rel=\"nofollow noopener\" target=\"_blank\">esa perla en el fondo del mar<\/a>, sino que la esquiva.<\/p>\n<p>El humor de \u2018La Perla\u2019, una colaboraci\u00f3n con el grupo estadounidense de regional mexicano Yahritza y Su Esencia, cuya vocalista tiene un timbre parecido al de Vila Tobella, tanto que sus voces se confunden ligeramente cuando armonizan; llega a su punto \u00e1lgido en el puente recitado de la canci\u00f3n, en el que Rosal\u00eda retrata a un t\u00edo subidito de ego, llena de iron\u00eda. <\/p>\n<p>Pero ese humor no se limita a la letra, sino que tambi\u00e9n se filtra en el arreglo musical, que, sobre todo en la entrada de los vientos, remite a las big bands feriantes de los a\u00f1os 30 y 40. La coincidencia entre la palabra \u00abdoppelg\u00e4nger\u201d -una palabra tan inusual como inesperada- y el cl\u00edmax orquestal de la canci\u00f3n construye un momento maravillosamente absurdo y c\u00f3mico.<\/p>\n<p>\u2018La Perla\u2019 no es la canci\u00f3n m\u00e1s representativa de \u2018LUX\u2019, pues se inicia con unos acordes de guitarra ac\u00fastica, aunque poco a poco la orquesta se impone. Pero, elegida como \u00abfocus track\u00bb en el d\u00eda de estreno del disco, y colocada en primera posici\u00f3n del Today\u2019s Top Hits, sin duda es una de sus composiciones m\u00e1s inmediatas y accesibles.<\/p>\n","protected":false},"excerpt":{"rendered":"En el a\u00f1o 2001, la cantante mexicana Paquita la del Barrio (que en paz descanse) public\u00f3 \u2018Rata de&hellip;\n","protected":false},"author":2,"featured_media":223622,"comment_status":"","ping_status":"","sticky":false,"template":"","format":"standard","meta":{"footnotes":""},"categories":[174],"tags":[255,146,147,25,24,256,4147,23,59243],"class_list":{"0":"post-223621","1":"post","2":"type-post","3":"status-publish","4":"format-standard","5":"has-post-thumbnail","7":"category-famosos","8":"tag-celebrities","9":"tag-entertainment","10":"tag-entretenimiento","11":"tag-es","12":"tag-espana","13":"tag-famosos","14":"tag-rosalia","15":"tag-spain","16":"tag-yahritza-y-su-esencia"},"share_on_mastodon":{"url":"https:\/\/pubeurope.com\/@es\/115509245335713560","error":""},"_links":{"self":[{"href":"https:\/\/www.europesays.com\/es\/wp-json\/wp\/v2\/posts\/223621","targetHints":{"allow":["GET"]}}],"collection":[{"href":"https:\/\/www.europesays.com\/es\/wp-json\/wp\/v2\/posts"}],"about":[{"href":"https:\/\/www.europesays.com\/es\/wp-json\/wp\/v2\/types\/post"}],"author":[{"embeddable":true,"href":"https:\/\/www.europesays.com\/es\/wp-json\/wp\/v2\/users\/2"}],"replies":[{"embeddable":true,"href":"https:\/\/www.europesays.com\/es\/wp-json\/wp\/v2\/comments?post=223621"}],"version-history":[{"count":0,"href":"https:\/\/www.europesays.com\/es\/wp-json\/wp\/v2\/posts\/223621\/revisions"}],"wp:featuredmedia":[{"embeddable":true,"href":"https:\/\/www.europesays.com\/es\/wp-json\/wp\/v2\/media\/223622"}],"wp:attachment":[{"href":"https:\/\/www.europesays.com\/es\/wp-json\/wp\/v2\/media?parent=223621"}],"wp:term":[{"taxonomy":"category","embeddable":true,"href":"https:\/\/www.europesays.com\/es\/wp-json\/wp\/v2\/categories?post=223621"},{"taxonomy":"post_tag","embeddable":true,"href":"https:\/\/www.europesays.com\/es\/wp-json\/wp\/v2\/tags?post=223621"}],"curies":[{"name":"wp","href":"https:\/\/api.w.org\/{rel}","templated":true}]}}