{"id":223651,"date":"2025-11-07T16:19:10","date_gmt":"2025-11-07T16:19:10","guid":{"rendered":"https:\/\/www.europesays.com\/es\/223651\/"},"modified":"2025-11-07T16:19:10","modified_gmt":"2025-11-07T16:19:10","slug":"el-cbc-valladolid-jugara-tres-partidos-seguidos-lejos-de-casa","status":"publish","type":"post","link":"https:\/\/www.europesays.com\/es\/223651\/","title":{"rendered":"El CBC Valladolid jugar\u00e1 tres partidos seguidos lejos de casa"},"content":{"rendered":"<p>El Club Baloncesto Valladolid ha conseguido cambiar el orden de su siguiente partido, que en principio deber\u00eda jugar en Pisuerga, para hacerlo lejos de casa, en el feudo del rival, en este caso Ponferrada.<\/p>\n<p>Con la s\u00e9ptima jornada inicialmente prevista para disputarse en el Polideportivo Pisuerga el pr\u00f3ximo s\u00e1bado 15 de noviembre a las 19.00 horas y, \u00abdebido a la previsi\u00f3n de una reforma urgente en la cubierta del pabell\u00f3n\u00bb, se se\u00f1ala desde el club local, ambos conjuntos han consensuado disputar primero la vig\u00e9sima en suelo berciano y jugar la vuelta, la s\u00e9ptima, en casa de los vallisoletanos.<\/p>\n<p>Por ello,\u00a0el derbi se disputar\u00e1 el domingo 16 de noviembre a las 18.15 horas en el Pabell\u00f3n Municipal Lydia Valent\u00edn y el UEMC Baloncesto Valladolid encadenar\u00e1 tres encuentros a domicilio de manera consecutivos: C\u00edrculo Gij\u00f3n este domingo a las 19.00 horas, el mencionado duelo regional ante Ponferrada y la visita al Reina Prote\u00ednas Clavijo el domingo 23, justo antes del primer par\u00f3n de la temporada por las Ventanas FIBA.<\/p>\n<p>\u00abEl motivo del cambio es\u00a0la solicitud del Ayuntamiento de Valladolid de poder efectuar el cambio para acometer con urgencia una reforma en la cubierta del Polideportivo Pisuerga y garantizar una soluci\u00f3n a corto plazo al problema de goteras del pabell\u00f3n morado\u00bb, se concreta.<\/p>\n<p>As\u00ed lo hab\u00eda se\u00f1alado esta misma ma\u00f1ana el presidente de la entidad pucelana, Lorenzo Alonso Nistal, que confiaba en lograr el ok: \u00abCon la situaci\u00f3n que en estos momentos tenemos la mejor soluci\u00f3n es que consigamos cambiar el partido\u00bb.<\/p>\n<p>Lorenzo Alonso ha hecho hincapi\u00e9 en que la opci\u00f3n de sellar las goteras con pintura, que deb\u00eda haber comenzado esta semana, no se ha podido realizar: \u00abNo deja de llover, lo cual no avanzamos nada en esa posibilidad\u00bb. Por eso se ha solicitado trasladar el partido a la pista de Ponferrada y \u00abcambiar el orden de los partidos, pues nos garantizamos no tener que buscar otras alternativas\u00bb.<\/p>\n<p><strong>Huerta del Rey o Pilar Fern\u00e1ndez Valderrama.<\/strong><\/p>\n<p>\u00abEl plan A ser\u00eda el poder hacer esa pintura y el que solucione el problema. Si eso fuera as\u00ed no tendr\u00edamos que buscar ni plan B ni plan C. Si la pintura no soluciona el problema y vemos que se sigue infiltrando agua por lo menos en la zona de juego, tendr\u00edamos que barajar otras opciones\u00bb, ha reconocido el presidente. Y esas pasan por mudarse de pabell\u00f3n: \u00abPor aforo, el que m\u00e1s nos gusta es el de Huerta del Rey, pero no es f\u00e1cil primero porque no se puede pintar la pista. No lo permite la Liga Asobal. Habr\u00eda que poner una pista provisional accesoria que se tiene que montar y desmontar, y se lleva mucho tiempo teniendo en cuenta que en Huerta del Rey juegan dos equipos de \u00e9lite y necesitan unas horas para montarlas y otras para desmontarlas (&#8230;) Si fuera para una situaci\u00f3n puntual y un partido muy concreto se podr\u00eda barajar el Huerta del Rey; si la situaci\u00f3n no es puntual y vemos que va a haber que afrontar varios partidos fuera del Pisuerga, posiblemente la mejor opci\u00f3n sea el Pilar Fern\u00e1ndez Valderrama porque en esa pista s\u00ed podemos entrenar, s\u00ed podemos trabajar m\u00e1s de forma permanente\u00bb.<\/p>\n<p>Pero en en el Pilar surge el problema del aforo: \u00abNosotros estamos ahora en torno a los 2.100 abonados. El Pilar Fern\u00e1ndez Valderrama creo que tiene en torno a 1.600 localidades. Nos est\u00e1n ofreciendo el incorporar sillas accesorias, se podr\u00eda ampliar hasta unas 200 plazas m\u00e1s pero trabajar\u00edamos con un aforo de 1.800, lo cual supone dejar a socios sin poder disfrutar del partido. Y\u00a0tambi\u00e9n provocarnos un problema ya que no podr\u00edan venir aficionados o gente del equipo contrario\u00bb.<\/p>\n<p><strong>40.000 euros, unas canastas<\/strong><\/p>\n<p>Tambi\u00e9n se ha valorado comprar unas canastas para las posibles pistas alternativas, pero Lorenzo Alonso Nistal matiza una cosa: \u00abSu costo supera los 40.000 euros. Y tienen que salir a licitaci\u00f3n y ver\u00edamos cuando se puede comprar. Se pueden alquilar, pero este fin de semana ha habido dos equipos que han jugado con canastas de techo yo supongo no sabemos si es con multas si es que no le gusta la Federaci\u00f3n, pero lo hace para momentos puntuales. Tendr\u00edamos que hablar con la federaci\u00f3n y solicitar la posibilidad de jugar alg\u00fan partido con canastas de techo porque es verdad que no estar\u00edamos acreditando una pista como principal, sino una pista supletoria por un estado de emergencia que en estos casos parece que la Federaci\u00f3n podr\u00eda dejarnos\u00bb.<\/p>\n","protected":false},"excerpt":{"rendered":"El Club Baloncesto Valladolid ha conseguido cambiar el orden de su siguiente partido, que en principio deber\u00eda jugar&hellip;\n","protected":false},"author":2,"featured_media":223652,"comment_status":"","ping_status":"","sticky":false,"template":"","format":"standard","meta":{"footnotes":""},"categories":[269],"tags":[299,298,168,25,24,1675,16148,7758,23,167],"class_list":{"0":"post-223651","1":"post","2":"type-post","3":"status-publish","4":"format-standard","5":"has-post-thumbnail","7":"category-baloncesto","8":"tag-baloncesto","9":"tag-basketball","10":"tag-deportes","11":"tag-es","12":"tag-espana","13":"tag-liga-asobal","14":"tag-ponferrada","15":"tag-real-valladolid-baloncesto","16":"tag-spain","17":"tag-sports"},"share_on_mastodon":{"url":"https:\/\/pubeurope.com\/@es\/115509327515949743","error":""},"_links":{"self":[{"href":"https:\/\/www.europesays.com\/es\/wp-json\/wp\/v2\/posts\/223651","targetHints":{"allow":["GET"]}}],"collection":[{"href":"https:\/\/www.europesays.com\/es\/wp-json\/wp\/v2\/posts"}],"about":[{"href":"https:\/\/www.europesays.com\/es\/wp-json\/wp\/v2\/types\/post"}],"author":[{"embeddable":true,"href":"https:\/\/www.europesays.com\/es\/wp-json\/wp\/v2\/users\/2"}],"replies":[{"embeddable":true,"href":"https:\/\/www.europesays.com\/es\/wp-json\/wp\/v2\/comments?post=223651"}],"version-history":[{"count":0,"href":"https:\/\/www.europesays.com\/es\/wp-json\/wp\/v2\/posts\/223651\/revisions"}],"wp:featuredmedia":[{"embeddable":true,"href":"https:\/\/www.europesays.com\/es\/wp-json\/wp\/v2\/media\/223652"}],"wp:attachment":[{"href":"https:\/\/www.europesays.com\/es\/wp-json\/wp\/v2\/media?parent=223651"}],"wp:term":[{"taxonomy":"category","embeddable":true,"href":"https:\/\/www.europesays.com\/es\/wp-json\/wp\/v2\/categories?post=223651"},{"taxonomy":"post_tag","embeddable":true,"href":"https:\/\/www.europesays.com\/es\/wp-json\/wp\/v2\/tags?post=223651"}],"curies":[{"name":"wp","href":"https:\/\/api.w.org\/{rel}","templated":true}]}}