{"id":223716,"date":"2025-11-07T17:08:24","date_gmt":"2025-11-07T17:08:24","guid":{"rendered":"https:\/\/www.europesays.com\/es\/223716\/"},"modified":"2025-11-07T17:08:24","modified_gmt":"2025-11-07T17:08:24","slug":"barcelona-revela-los-disenos-ganadores-de-sus-fachadas-vivas","status":"publish","type":"post","link":"https:\/\/www.europesays.com\/es\/223716\/","title":{"rendered":"Barcelona revela los dise\u00f1os ganadores de sus fachadas vivas"},"content":{"rendered":"<p class=\"ft-text\"><strong>Barcelona<\/strong> ya conoce las diez <strong>propuestas ganadoras<\/strong> que transformar\u00e1n <strong>diez medianeras <\/strong>en fachadas innovadoras. Los proyectos ganadores del <a class=\"ft-link ft-link--decoration\" href=\"https:\/\/www.elperiodico.com\/es\/barcelona\/20240312\/barcelona-murales-grafitis-paredes-medianeras-edificios-99389751\" target=\"_blank\" rel=\"nofollow noopener\">Concurso Internacional de Ideas<\/a><strong> <\/strong>impulsado por el Ayuntamiento de Barcelona, la UNESCO y la International Union of Architects (UIA) se han dado a conocer este viernes, y podr\u00e1n conocerse en profundidad en una exposici\u00f3n abierta al p\u00fablico.<\/p>\n<p class=\"ft-text\">Cada distrito contar\u00e1 con una intervenci\u00f3n distinta, concebida por<a class=\"ft-link ft-link--decoration\" href=\"https:\/\/www.elperiodico.com\/es\/barcelona\/20240611\/barcelona-concurso-internacional-arquitectos-paredes-medianeras-103633318\" target=\"_blank\" rel=\"nofollow noopener\"> j\u00f3venes arquitectos de diferentes pa\u00edses<\/a>, que convertir\u00e1 muros ciegos en <strong>espacios verdes, sostenibles y funcionales<\/strong>. Las obras comenzar\u00e1n el pr\u00f3ximo a\u00f1o 2026 y se integran en el programa de la <strong>Capital Mundial de la Arquitectura Barcelona 2026<\/strong>, de la que estos proyectos ser\u00e1n uno de sus legados m\u00e1s visibles.<\/p>\n<p>Creatividad<\/p>\n<p class=\"ft-text\">Las diez propuestas elegidas destacan por su diversidad y su apuesta por una arquitectura que combina est\u00e9tica, sostenibilidad y bienestar vecinal. Algunas incorporan <strong>estructuras met\u00e1licas para plantas trepadoras<\/strong>, <strong>nuevos balcones y ventanas<\/strong> que mejoran la ventilaci\u00f3n natural, <strong>galer\u00edas que ampl\u00edan el espacio habitable<\/strong>, y <strong>materiales ecol\u00f3gicos<\/strong> como cer\u00e1mica o tierra cruda. Tambi\u00e9n habr\u00e1 <strong>espacios pensados para aves e insectos polinizadores<\/strong> y <strong>placas solares integradas<\/strong> en las fachadas m\u00e1s soleadas.<\/p>\n<p>Los diez proyectos<\/p>\n<p class=\"ft-text\">Las im\u00e1genes presentadas por los equipos ganadores muestran c\u00f3mo cada medianera contar\u00e1 una historia distinta. Cada una de ellas es un ejemplo de nuevas formas de habitar el espacio urbano.<\/p>\n<p>Ciutat Vella<img decoding=\"async\" src=\"https:\/\/www.europesays.com\/es\/wp-content\/uploads\/2025\/11\/6e25a204-b64c-482a-b6c4-6ae8d56a76ef_alta-libre-aspect-ratio_default_0.jpg\" width=\"1200\" height=\"1011\" alt=\"Proyecto ganador en Ciutat Vella\" class=\"ft-helper-img-rd\" loading=\"lazy\"\/><\/p>\n<p class=\"ft-helper-fontColor-quaternary ft-helper-fontSize-body-S ft-helper-spacer-t-xxs\">Proyecto ganador en Ciutat Vella  \/ Ajuntament de Barcelona<\/p>\n<p>Eixample<img decoding=\"async\" src=\"https:\/\/www.europesays.com\/es\/wp-content\/uploads\/2025\/11\/3f3eb2de-8561-4b4e-ab96-bec23ca40ea1_alta-libre-aspect-ratio_default_0.jpg\" width=\"1200\" height=\"1011\" alt=\"Proyecto ganador en el Eixample\" class=\"ft-helper-img-rd\" loading=\"lazy\"\/><\/p>\n<p class=\"ft-helper-fontColor-quaternary ft-helper-fontSize-body-S ft-helper-spacer-t-xxs\">Proyecto ganador en el Eixample  \/ Ajuntament de Barcelona<\/p>\n<p>Sants-Montju\u00efc<img decoding=\"async\" src=\"https:\/\/www.europesays.com\/es\/wp-content\/uploads\/2025\/11\/f915323b-7478-4dff-82fa-3d27874293ae_alta-libre-aspect-ratio_default_0.jpg\" width=\"1200\" height=\"1011\" alt=\"Proyecto ganador en Sants Montju\u00efc\" class=\"ft-helper-img-rd\" loading=\"lazy\"\/><\/p>\n<p class=\"ft-helper-fontColor-quaternary ft-helper-fontSize-body-S ft-helper-spacer-t-xxs\">Proyecto ganador en Sants-Montju\u00efc  \/ Ajuntament de Barcelona<\/p>\n<p>Les Corts<img decoding=\"async\" src=\"https:\/\/www.europesays.com\/es\/wp-content\/uploads\/2025\/11\/d52da25f-6b44-415d-9c4d-bc39a0f2d545_alta-libre-aspect-ratio_default_0.jpg\" width=\"1200\" height=\"1011\" alt=\"Proyecto ganador en Les Corts\" class=\"ft-helper-img-rd\" loading=\"lazy\"\/><\/p>\n<p class=\"ft-helper-fontColor-quaternary ft-helper-fontSize-body-S ft-helper-spacer-t-xxs\">Proyecto ganador en Les Corts  \/ Ajuntament de Barcelona<\/p>\n<p>Sarri\u00e0-Sant Gervasi<img decoding=\"async\" src=\"https:\/\/www.europesays.com\/es\/wp-content\/uploads\/2025\/11\/4cdabbce-812d-4fd8-8516-f6dbd77b5c44_alta-libre-aspect-ratio_default_0.jpg\" width=\"1200\" height=\"1011\" alt=\"Proyecto ganador en Sarri\u00e0 Sant Gervasi\" class=\"ft-helper-img-rd\" loading=\"lazy\"\/><\/p>\n<p class=\"ft-helper-fontColor-quaternary ft-helper-fontSize-body-S ft-helper-spacer-t-xxs\">Proyecto ganador en Sarri\u00e0 Sant Gervasi  \/ Ajuntament de Barcelona<\/p>\n<p>Gr\u00e0cia<img decoding=\"async\" src=\"https:\/\/www.europesays.com\/es\/wp-content\/uploads\/2025\/11\/e7c166be-b760-4be5-8a06-86d0cd891e18_alta-libre-aspect-ratio_default_0.jpg\" width=\"1200\" height=\"1011\" alt=\"Proyecto ganador en Gr\u00e0cia\" class=\"ft-helper-img-rd\" loading=\"lazy\"\/><\/p>\n<p class=\"ft-helper-fontColor-quaternary ft-helper-fontSize-body-S ft-helper-spacer-t-xxs\">Proyecto ganador en Gr\u00e0cia  \/ Ajuntament de Barcelona<\/p>\n<p>Horta-Guinard\u00f3<img decoding=\"async\" src=\"https:\/\/www.europesays.com\/es\/wp-content\/uploads\/2025\/11\/98f2c435-e4bd-4bfc-bdba-4cce58469899_alta-libre-aspect-ratio_default_0.jpg\" width=\"1200\" height=\"1011\" alt=\"Proyecto ganador en Horta-Guinard\u00f3\" class=\"ft-helper-img-rd\" loading=\"lazy\"\/><\/p>\n<p class=\"ft-helper-fontColor-quaternary ft-helper-fontSize-body-S ft-helper-spacer-t-xxs\">Proyecto ganador en Horta-Guinard\u00f3  \/ Ajuntament de Barcelona<\/p>\n<p>Nou Barris<img decoding=\"async\" src=\"https:\/\/www.europesays.com\/es\/wp-content\/uploads\/2025\/11\/76ceb26c-1101-4d17-81eb-d25ab2407139_alta-libre-aspect-ratio_default_0.jpg\" width=\"1200\" height=\"1011\" alt=\"Proyecto ganador en Nou Barris\" class=\"ft-helper-img-rd\" loading=\"lazy\"\/><\/p>\n<p class=\"ft-helper-fontColor-quaternary ft-helper-fontSize-body-S ft-helper-spacer-t-xxs\">Proyecto ganador en Nou Barris  \/ Ajuntament de Barcelona<\/p>\n<p>Sant Andreu<img decoding=\"async\" src=\"https:\/\/www.europesays.com\/es\/wp-content\/uploads\/2025\/11\/57d80f95-0f3b-441f-8ab6-72aea8af4c97_alta-libre-aspect-ratio_default_0.jpg\" width=\"1200\" height=\"1011\" alt=\"Proyecto ganador en Sant Andreu\" class=\"ft-helper-img-rd\" loading=\"lazy\"\/><\/p>\n<p class=\"ft-helper-fontColor-quaternary ft-helper-fontSize-body-S ft-helper-spacer-t-xxs\">Proyecto ganador en Sant Andreu  \/ Ajuntament de Barcelona<\/p>\n<p>Sant Mart\u00ed<img decoding=\"async\" src=\"https:\/\/www.europesays.com\/es\/wp-content\/uploads\/2025\/11\/a7b57731-d162-4f60-bc06-670f1efd105f_alta-libre-aspect-ratio_default_0.jpg\" width=\"1200\" height=\"1011\" alt=\"Proyecto ganador en Sant Mart\u00ed\" class=\"ft-helper-img-rd\" loading=\"lazy\"\/><\/p>\n<p class=\"ft-helper-fontColor-quaternary ft-helper-fontSize-body-S ft-helper-spacer-t-xxs\">Proyecto ganador en Sant Mart\u00ed  \/ Ajuntament de Barcelona<\/p>\n<p>Exposici\u00f3n para descubrirlas<\/p>\n<p class=\"ft-text\">Quienes quieran conocer m\u00e1s detalles y ver las maquetas y visualizaciones de las futuras fachadas, pueden visitar la <strong>exposici\u00f3n \u201cDe mitgeres a fa\u00e7anes\u201d <\/strong>en la antigua sede de la <strong>Editorial Gustavo Gili (Rossell\u00f3, 87).<\/strong><\/p>\n<p class=\"ft-text\">La muestra, abierta al p\u00fablico de manera <strong>gratuita<\/strong> hasta el <strong>14 de diciembre<\/strong>, recorre todo el proceso del concurso, desde la convocatoria internacional hasta los proyectos finales seleccionados.<\/p>\n","protected":false},"excerpt":{"rendered":"Barcelona ya conoce las diez propuestas ganadoras que transformar\u00e1n diez medianeras en fachadas innovadoras. Los proyectos ganadores del&hellip;\n","protected":false},"author":2,"featured_media":223717,"comment_status":"","ping_status":"","sticky":false,"template":"","format":"standard","meta":{"footnotes":""},"categories":[173],"tags":[801,229,233,231,230,11436,210,59268,232,234,146,147,25,24,1816,16342,23,2965],"class_list":{"0":"post-223716","1":"post","2":"type-post","3":"status-publish","4":"format-standard","5":"has-post-thumbnail","7":"category-arte-y-diseno","8":"tag-arquitectura","9":"tag-arte","10":"tag-arte-y-diseno","11":"tag-arts","12":"tag-arts-and-design","13":"tag-ayuntamiento-de-barcelona","14":"tag-barcelona","15":"tag-barcelona-fachadas-vivas-proyectos-ganadores-2025-2026","16":"tag-design","17":"tag-diseno","18":"tag-entertainment","19":"tag-entretenimiento","20":"tag-es","21":"tag-espana","22":"tag-innovacion","23":"tag-sostenibilidad","24":"tag-spain","25":"tag-urbanismo"},"share_on_mastodon":{"url":"https:\/\/pubeurope.com\/@es\/115509521008928046","error":""},"_links":{"self":[{"href":"https:\/\/www.europesays.com\/es\/wp-json\/wp\/v2\/posts\/223716","targetHints":{"allow":["GET"]}}],"collection":[{"href":"https:\/\/www.europesays.com\/es\/wp-json\/wp\/v2\/posts"}],"about":[{"href":"https:\/\/www.europesays.com\/es\/wp-json\/wp\/v2\/types\/post"}],"author":[{"embeddable":true,"href":"https:\/\/www.europesays.com\/es\/wp-json\/wp\/v2\/users\/2"}],"replies":[{"embeddable":true,"href":"https:\/\/www.europesays.com\/es\/wp-json\/wp\/v2\/comments?post=223716"}],"version-history":[{"count":0,"href":"https:\/\/www.europesays.com\/es\/wp-json\/wp\/v2\/posts\/223716\/revisions"}],"wp:featuredmedia":[{"embeddable":true,"href":"https:\/\/www.europesays.com\/es\/wp-json\/wp\/v2\/media\/223717"}],"wp:attachment":[{"href":"https:\/\/www.europesays.com\/es\/wp-json\/wp\/v2\/media?parent=223716"}],"wp:term":[{"taxonomy":"category","embeddable":true,"href":"https:\/\/www.europesays.com\/es\/wp-json\/wp\/v2\/categories?post=223716"},{"taxonomy":"post_tag","embeddable":true,"href":"https:\/\/www.europesays.com\/es\/wp-json\/wp\/v2\/tags?post=223716"}],"curies":[{"name":"wp","href":"https:\/\/api.w.org\/{rel}","templated":true}]}}