{"id":223747,"date":"2025-11-07T17:32:08","date_gmt":"2025-11-07T17:32:08","guid":{"rendered":"https:\/\/www.europesays.com\/es\/223747\/"},"modified":"2025-11-07T17:32:08","modified_gmt":"2025-11-07T17:32:08","slug":"el-louvre-se-defiende-de-las-criticas-aunque-admite-fallos-en-la-seguridad-cultura","status":"publish","type":"post","link":"https:\/\/www.europesays.com\/es\/223747\/","title":{"rendered":"El Louvre se defiende de las cr\u00edticas aunque admite fallos en la seguridad | Cultura"},"content":{"rendered":"<p class=\"\">Un d\u00eda despu\u00e9s <a href=\"https:\/\/elpais.com\/cultura\/2025-11-06\/el-tribunal-de-cuentas-de-francia-dice-que-el-louvre-prefirio-adquirir-obras-a-invertir-en-seguridad.html\" target=\"_self\" rel=\"nofollow noopener\" title=\"https:\/\/elpais.com\/cultura\/2025-11-06\/el-tribunal-de-cuentas-de-francia-dice-que-el-louvre-prefirio-adquirir-obras-a-invertir-en-seguridad.html\">de que el Tribunal de Cuentas de Francia<\/a> cuestionase en un demoledor informe la gesti\u00f3n de la direcci\u00f3n del Museo del Louvre tras el robo de las joyas de Napole\u00f3n el pasado 19 de octubre, la presidenta del museo, Laurence des Cars, se ha defendido de las cr\u00edticas, que considera excesivas. Eso s\u00ed, ha admitido que la red de videovigilancia es uno \u201cde los puntos m\u00e1s d\u00e9biles\u201d del museo. Lo ha declarado a la cadena Francia Info, el mismo d\u00eda en el que se ha celebrado un consejo de administraci\u00f3n extraordinario, convocado a petici\u00f3n de la ministra de Cultura, Rachida Dati, para abordar la gobernanza del Louvre y los problemas de seguridad. La pinacoteca, que es la m\u00e1s visitada del mundo, \u201cnecesita una modernizaci\u00f3n m\u00e1s que nunca, para convertirse en un museo del siglo XXI, algo que no es hoy en d\u00eda\u201d, ha admitido en una entrevista a la citada cadena.<\/p>\n<p class=\"\">El consejo de administraci\u00f3n se ha celebrado un d\u00eda despu\u00e9s de que el Tribunal de Cuentas publicara un documento que analiza el periodo 2018-2024 y en el que reprocha al museo haber privilegiado la adquisici\u00f3n de obras (2.754 piezas en ocho a\u00f1os) a los trabajos de modernizaci\u00f3n y mejora de las instalaciones.<\/p>\n<p class=\"\">El informe se cerr\u00f3 antes del asalto del pasado d\u00eda 19, <a href=\"https:\/\/elpais.com\/cultura\/2025-10-30\/la-policia-francesa-detiene-a-una-tercera-persona-relacionada-con-el-robo-de-joyas-del-louvre.html\" target=\"_self\" rel=\"nofollow noopener\" title=\"https:\/\/elpais.com\/cultura\/2025-10-30\/la-policia-francesa-detiene-a-una-tercera-persona-relacionada-con-el-robo-de-joyas-del-louvre.html\">que puso en evidencia los fallos en la seguridad: cuatro hombres treparon<\/a> a plena luz del d\u00eda por una escalera de mudanza hasta el balc\u00f3n que conduce a la galer\u00eda de Apolo, una de las m\u00e1s visitadas y donde se encontraban las joyas de la Corona. Armados con radiales, rompieron las vitrinas donde estaban las ocho piezas y salieron por donde hab\u00edan entrado. Todo en siete minutos. En estas tres semanas se ha logrado detener a un total de siete personas. Cuatro de ellas est\u00e1n en prisi\u00f3n preventiva, aunque las joyas, con un coste estimado en 88 millones de euros pero de un valor patrimonial incalculable, siguen sin aparecer.<\/p>\n<p class=\"\">\u201cEl Tribunal de Cuentas se equivoca al ser tan severo, porque hemos cumplido con nuestra misi\u00f3n y hemos entendido la magnitud de los problemas de seguridad\u201d que tiene el museo, <a href=\"https:\/\/www.franceinfo.fr\/\" target=\"_self\" rel=\"nofollow noopener\" title=\"https:\/\/www.franceinfo.fr\/\">ha explicado a France Info<\/a> la presidenta del Louvre, que present\u00f3 su dimisi\u00f3n tras el asalto, pero el presidente franc\u00e9s, Emmanuel Macron, rechaz\u00f3.<\/p>\n<p class=\"\">El periodo que abarca el informe del organismo implica tambi\u00e9n al expresidente del Louvre Jean-Luc Martinez. Estuvo al frente hasta 2021, a\u00f1o en el que lleg\u00f3 Laurence des Cars, la primera mujer al mando de la pinacoteca. Esta se ha defendido de las cr\u00edticas incidiendo en que el Tribunal de Cuentas \u201chace una valoraci\u00f3n desde el punto de vista contable\u201d. Niega toda irregularidad en la gesti\u00f3n de la pinacoteca, pero s\u00ed ha dicho que desde hoy entra en vigor \u201cun plan de seguridad\u201d, sin especificar.<\/p>\n<p class=\"\">El principal reproche que hace el organismo es que diera prioridad durante todos esos a\u00f1os a la adquisici\u00f3n de obras y otras \u201coperaciones con el objetivo de atraer a visitantes\u201d. El Louvre recibe cada a\u00f1o unos ocho millones de personas (8,7 millones en 2024), 300.000 al d\u00eda.<\/p>\n<p class=\"\">El organismo incide en que, teniendo en cuenta el aumento de la afluencia de p\u00fablico, la red de videovigilancia del Louvre es insuficiente. Solo un 40% de las salas del museo est\u00e1 equipada con c\u00e1maras. Laurence des Cars defiende que entre 2023 y 2025 se han instalado 134 c\u00e1maras m\u00e1s. \u201cNo tengo el sentimiento de haber fracasado, sino de estar llevando a cabo un proyecto de transformaci\u00f3n del Louvre, porque al poco de asumir el cargo fui consciente de los problemas\u201d, ha insistido.<\/p>\n<p class=\"\">La directiva ha justificado esa pol\u00edtica de adquisiciones que el Tribunal de Cuentas considera excesiva, pues el 20% de los ingresos por las entradas al museo se ha dedicado a ello. Seg\u00fan Laurence des Cars, estas compras no est\u00e1n re\u00f1idas con los trabajos de modernizaci\u00f3n y ha argumentado que la adquisici\u00f3n de algunas obras era una de las prioridades, pues supone enriquecer el patrimonio nacional.<\/p>\n<p class=\"\">Alega que algunas piezas han sido financiadas gracias a donaciones o aportaciones <a href=\"https:\/\/elpais.com\/economia\/negocios\/2023-06-03\/el-gran-predador-del-lujo-asi-construyo-bernard-arnault-el-imperio-lvmh-valorado-en-410000-millones-de-euros.html\" target=\"_self\" rel=\"nofollow noopener\" title=\"https:\/\/elpais.com\/economia\/negocios\/2023-06-03\/el-gran-predador-del-lujo-asi-construyo-bernard-arnault-el-imperio-lvmh-valorado-en-410000-millones-de-euros.html\">de empresas como LVMH,<\/a> que aport\u00f3 m\u00e1s de 15 millones de euros para una de las \u00faltimas adquisiciones, una obra de Jean Sim\u00e9on Chardin.<\/p>\n<p class=\"\">Nadie imaginaba un asalto como el del pasado 19 de octubre. Entre 2018 y 20245, el Louvre s\u00f3lo moviliz\u00f3 27 millones de euros de su presupuesto para trabajos de mantenimiento de las instalaciones y 60 millones para labores de restauraci\u00f3n. Esto contrasta con los 105,4 millones comprometidos para la adquisici\u00f3n de obras.<\/p>\n","protected":false},"excerpt":{"rendered":"Un d\u00eda despu\u00e9s de que el Tribunal de Cuentas de Francia cuestionase en un demoledor informe la gesti\u00f3n&hellip;\n","protected":false},"author":2,"featured_media":223748,"comment_status":"","ping_status":"","sticky":false,"template":"","format":"standard","meta":{"footnotes":""},"categories":[173],"tags":[229,233,231,230,209,232,234,730,146,147,25,24,41530,4759,23],"class_list":{"0":"post-223747","1":"post","2":"type-post","3":"status-publish","4":"format-standard","5":"has-post-thumbnail","7":"category-arte-y-diseno","8":"tag-arte","9":"tag-arte-y-diseno","10":"tag-arts","11":"tag-arts-and-design","12":"tag-cultura","13":"tag-design","14":"tag-diseno","15":"tag-emmanuel-macron","16":"tag-entertainment","17":"tag-entretenimiento","18":"tag-es","19":"tag-espana","20":"tag-museo-del-louvre","21":"tag-paris","22":"tag-spain"},"share_on_mastodon":{"url":"https:\/\/pubeurope.com\/@es\/115509614552927201","error":""},"_links":{"self":[{"href":"https:\/\/www.europesays.com\/es\/wp-json\/wp\/v2\/posts\/223747","targetHints":{"allow":["GET"]}}],"collection":[{"href":"https:\/\/www.europesays.com\/es\/wp-json\/wp\/v2\/posts"}],"about":[{"href":"https:\/\/www.europesays.com\/es\/wp-json\/wp\/v2\/types\/post"}],"author":[{"embeddable":true,"href":"https:\/\/www.europesays.com\/es\/wp-json\/wp\/v2\/users\/2"}],"replies":[{"embeddable":true,"href":"https:\/\/www.europesays.com\/es\/wp-json\/wp\/v2\/comments?post=223747"}],"version-history":[{"count":0,"href":"https:\/\/www.europesays.com\/es\/wp-json\/wp\/v2\/posts\/223747\/revisions"}],"wp:featuredmedia":[{"embeddable":true,"href":"https:\/\/www.europesays.com\/es\/wp-json\/wp\/v2\/media\/223748"}],"wp:attachment":[{"href":"https:\/\/www.europesays.com\/es\/wp-json\/wp\/v2\/media?parent=223747"}],"wp:term":[{"taxonomy":"category","embeddable":true,"href":"https:\/\/www.europesays.com\/es\/wp-json\/wp\/v2\/categories?post=223747"},{"taxonomy":"post_tag","embeddable":true,"href":"https:\/\/www.europesays.com\/es\/wp-json\/wp\/v2\/tags?post=223747"}],"curies":[{"name":"wp","href":"https:\/\/api.w.org\/{rel}","templated":true}]}}