{"id":223821,"date":"2025-11-07T18:25:12","date_gmt":"2025-11-07T18:25:12","guid":{"rendered":"https:\/\/www.europesays.com\/es\/223821\/"},"modified":"2025-11-07T18:25:12","modified_gmt":"2025-11-07T18:25:12","slug":"el-festival-de-sevilla-2025-reivindica-la-pluralidad-y-el-pulso-del-cine-europeo-actual","status":"publish","type":"post","link":"https:\/\/www.europesays.com\/es\/223821\/","title":{"rendered":"el Festival de Sevilla 2025 reivindica la pluralidad y el pulso del cine europeo actual"},"content":{"rendered":"<p data-journey-content=\"true\" data-node-id=\"3\" class=\"css-6wxqfj emevuu60\"><strong data-node-id=\"3.0\">El Festival de Cine Europeo de Sevilla levanta hoy el tel\u00f3n de su 22\u00aa edici\u00f3n<\/strong> consolid\u00e1ndose como punto de encuentro para un cine que observa, cuestiona y se reinventa, con una Secci\u00f3n Oficial que reafirma su esp\u00edritu m\u00e1s explorador y refleja el pulso del continente a trav\u00e9s de miradas diversas: del humanismo a la s\u00e1tira, del drama pol\u00edtico a las b\u00fasquedas \u00edntimas de identidad.<\/p>\n<p><img draggable=\"true\" alt=\"festival de cine europeo de sevilla\" title=\"festival de cine europeo de sevilla\" loading=\"lazy\" width=\"1638\" height=\"2048\" decoding=\"async\" data-nimg=\"1\" style=\"color:transparent;width:100%;height:auto;\"   src=\"https:\/\/www.europesays.com\/es\/wp-content\/uploads\/2025\/11\/festival-cine-sevilla-2025-690e18b651dc5.jpg\" class=\"css-0 e1g79fud0\"\/><\/p>\n<p>Festival de Cine Europeo de Sevilla<\/p>\n<p>Secci\u00f3n Oficial de Festival de Cine Europeo de Sevilla<br data-node-id=\"7.1\"\/><\/p>\n<p data-journey-content=\"true\" data-node-id=\"9\" class=\"css-6wxqfj emevuu60\">La encargada de abrir el festival es \u2018<strong data-node-id=\"9.1\">The Last Viking<\/strong>\u2019, nueva pel\u00edcula del dan\u00e9s Anders Thomas Jensen con Mads Mikkelsen al frente. La cinta, que mezcla \u00e9pica n\u00f3rdica y humor, parte de una reflexi\u00f3n sobre el legado y la comunidad. Esa preocupaci\u00f3n por la pertenencia tambi\u00e9n recorre \u2018<strong data-node-id=\"9.3\">All That\u2019s Left of You<\/strong>\u2019, dirigida y protagonizada por Cherien Dabis, que traza un viaje emocional por la historia reciente de Palestina a trav\u00e9s de tres generaciones de una misma familia.<\/p>\n<p><img draggable=\"true\" alt=\"the last viking\" title=\"the last viking\" loading=\"lazy\" width=\"3840\" height=\"2160\" decoding=\"async\" data-nimg=\"1\" style=\"color:transparent;width:100%;height:auto;\"   src=\"https:\/\/www.europesays.com\/es\/wp-content\/uploads\/2025\/11\/the-last-viking-690e1631c3ca3.jpg\" class=\"css-0 e1g79fud0\"\/><\/p>\n<p>&#8216;The last viking&#8217; (Anders Thomas Jensen, 2025)<\/p>\n<p data-journey-content=\"true\" data-node-id=\"12\" class=\"css-6wxqfj emevuu60\">El protagonismo femenino atraviesa varias de las obras seleccionadas. En \u2018<strong data-node-id=\"12.1\">A Year of School<\/strong>\u2019, la italiana Laura Samani \u2014que debut\u00f3 con \u2018Peque\u00f1o cuerpo\u2019\u2014 firma junto a Elisa Dondi el retrato de una joven sueca decidida a estudiar en un entorno masculino en la Trieste de posguerra. Desde Macedonia, Teona Strugar Mitevska presenta \u2018<strong data-node-id=\"12.3\">Mother<\/strong>\u2019, donde Noomi Rapace interpreta a la Madre Teresa en los d\u00edas previos a fundar su propia orden. Y la actriz y directora Hafsia Herzi adapta la novela de F\u00e1tima Daas en \u2018<strong data-node-id=\"12.5\">La petite derni\u00e8re<\/strong>\u2019, sobre una joven musulmana practicante que descubre su deseo en los m\u00e1rgenes de Par\u00eds.<\/p>\n<p>No te pierdas esto<a data-theme-key=\"base-link\" href=\"#\" class=\"e1fx7w0v5 css-xorst3 e1c1bym14\">Reg\u00edstrate para recibir contenido personalizado<img decoding=\"async\" data-dynamic-svg=\"true\" src=\"https:\/\/www.fotogramas.es\/_assets\/design-tokens\/fre\/static\/icons\/arrow-right-regular.e879c19.svg?primary=%2523000000\" loading=\"lazy\" data-testid=\"dynamic-svg-base\" height=\"auto\" width=\"100%\" alt=\"\" class=\"css-13htjwu e1fx7w0v1\"\/><\/a><\/p>\n<p data-journey-content=\"true\" data-node-id=\"16\" class=\"css-6wxqfj emevuu60\">En clave m\u00e1s introspectiva, \u2018<strong data-node-id=\"16.1\">Late Shift<\/strong>\u2019, de Petra Biondina Volpe, se adentra en el agotamiento emocional de una enfermera que comete un error fatal durante un turno de noche. Tambi\u00e9n desde la tensi\u00f3n del poder y la verdad, Dominik Moll regresa con \u2018<strong data-node-id=\"16.3\">Dossier 137<\/strong>\u2019, un thriller policial protagonizado por L\u00e9a Drucker. Y, en el extremo opuesto, el siempre imprevisible Quentin Dupieux firma \u2018<strong data-node-id=\"16.5\">El accidente de piano<\/strong>\u2019, s\u00e1tira sobre el narcisismo contempor\u00e1neo encabezada por Ad\u00e8le Exarchopoulos, Sandrine Kiberlain y Karim Leklou.<\/p>\n<p><img draggable=\"true\" alt=\"mother noomi rapace\" title=\"mother noomi rapace\" loading=\"lazy\" width=\"3628\" height=\"2041\" decoding=\"async\" data-nimg=\"1\" style=\"color:transparent;width:100%;height:auto;\"   src=\"https:\/\/www.europesays.com\/es\/wp-content\/uploads\/2025\/11\/noomi-rapace-mother-690e16d0eadba.jpg\" class=\"css-0 e1g79fud0\"\/><\/p>\n<p>&#8216;Mother&#8217; (Teona Strugar Mitevska, 2025)<\/p>\n<p data-journey-content=\"true\" data-node-id=\"19\" class=\"css-6wxqfj emevuu60\">El festival ampl\u00eda su mirada hacia otras geograf\u00edas con t\u00edtulos como \u2018<strong data-node-id=\"19.1\">La anatom\u00eda de los caballos<\/strong>\u2019, de Daniel Vidal Toche, una reflexi\u00f3n andina sobre los ideales revolucionarios y la persistencia del deseo de cambio; o \u2018<strong data-node-id=\"19.3\">Bajo el mismo sol<\/strong>\u2019, de Ulises Porra, una coproducci\u00f3n espa\u00f1ola y dominicana ambientada en el Caribe colonial que explora la ambici\u00f3n y los v\u00ednculos afectivos. Tambi\u00e9n desde Macedonia llega \u2018<strong data-node-id=\"19.5\">DJ Ahmet<\/strong>\u2019, de Georgi M. Unkovski, coming of age premiado en Sundance que combina humor y cr\u00edtica social.<\/p>\n<p data-journey-content=\"true\" data-node-id=\"21\" class=\"css-6wxqfj emevuu60\">Entre las propuestas m\u00e1s esperadas figuran tambi\u00e9n \u2018<strong data-node-id=\"21.1\">Sue\u00f1os en Oslo<\/strong>\u2019, del noruego Dag Johan Haugerud, Oso de Oro en Berl\u00edn y cierre de su trilog\u00eda sobre las relaciones humanas; \u2018<strong data-node-id=\"21.3\">Enzo<\/strong>\u2019, obra p\u00f3stuma de Laurent Cantet completada por Robin Campillo, un retrato sensible de la juventud europea; y \u2018<strong data-node-id=\"21.5\">Los colores del tiempo<\/strong>\u2019, del veterano C\u00e9dric Klapisch, una mirada ligera pero melanc\u00f3lica sobre las herencias familiares.<\/p>\n<p><img draggable=\"true\" alt=\"sue\u00f1os en oslo\" title=\"sue\u00f1os en oslo\" loading=\"lazy\" width=\"3840\" height=\"2160\" decoding=\"async\" data-nimg=\"1\" style=\"color:transparent;width:100%;height:auto;\"   src=\"https:\/\/www.europesays.com\/es\/wp-content\/uploads\/2025\/11\/dreams-pelicula-690e1752b2419.jpg\" class=\"css-0 e1g79fud0\"\/><\/p>\n<p>&#8216;Sue\u00f1os en Oslo&#8217; (Dag Johan Haugerud, 2025)<\/p>\n<p data-journey-content=\"true\" data-node-id=\"24\" class=\"css-6wxqfj emevuu60\">La animaci\u00f3n vuelve a tener espacio propio con \u2018<strong data-node-id=\"24.1\">A Magnificent Life<\/strong>\u2019, de Sylvain Chomet, que narra en clave visualmente deslumbrante la vida del dramaturgo y cineasta Marcel Pagnol. Y entre los t\u00edtulos fuera de concurso destacan dos producciones espa\u00f1olas: \u2018<strong data-node-id=\"24.3\">Ser\u00e1s Farruquito<\/strong>\u2019, documental de Santi Aguado y Reuben Atlas sobre el legado del bailaor y su hijo, e \u2018<strong data-node-id=\"24.5\">Islas<\/strong>\u2019, la nueva pel\u00edcula de Marina Seresesky que devuelve a Ana Bel\u00e9n a un papel protagonista junto a Manuel Vega y Eva Llorach.<\/p>\n<p data-journey-content=\"true\" data-node-id=\"26\" class=\"css-6wxqfj emevuu60\">El cierre del certamen llegar\u00e1 con \u2018<strong data-node-id=\"26.1\">Chopin, Chopin!<\/strong>\u2019, de Micha\u0142 Kwieci\u0144ski, recreaci\u00f3n del Par\u00eds de 1835 a trav\u00e9s de la figura del compositor polaco.<\/p>\n<p><img draggable=\"true\" alt=\"a magnificent life\" title=\"a magnificent life\" loading=\"lazy\" width=\"3200\" height=\"1800\" decoding=\"async\" data-nimg=\"1\" style=\"color:transparent;width:100%;height:auto;\"   src=\"https:\/\/www.europesays.com\/es\/wp-content\/uploads\/2025\/11\/a-magnificent-life-pelicula-690e17fcc170b.jpg\" class=\"css-0 e1g79fud0\"\/><\/p>\n<p>&#8216;A magnificent life&#8217; (Sylvain Chomet, 2025)<\/p>\n<p>Homenajes a Juliette Binoche, Costa\u2011Gavras, Alberto Rodr\u00edguez y Jim Sheridan<br data-node-id=\"28.1\"\/><\/p>\n<p data-journey-content=\"true\" data-node-id=\"30\" class=\"css-6wxqfj emevuu60\">El festival refuerza este a\u00f1o su car\u00e1cter europeo tambi\u00e9n a trav\u00e9s de sus homenajes. Cuatro nombres recibir\u00e1n el Giraldillo de Honor, el m\u00e1ximo reconocimiento del certamen, por sus trayectorias y su contribuci\u00f3n al cine del continente. La actriz francesa <strong data-node-id=\"30.1\">Juliette Binoche<\/strong>, s\u00edmbolo de la interpretaci\u00f3n europea desde los a\u00f1os noventa, ser\u00e1 distinguida por una carrera que abarca desde autores como Kieslowski o Haneke hasta grandes producciones internacionales. Junto a ella, el director <strong data-node-id=\"30.3\">Costa-Gavras<\/strong>, figura clave del cine pol\u00edtico, recoger\u00e1 su galard\u00f3n en reconocimiento a una filmograf\u00eda que ha sabido unir compromiso y sentimiento.<\/p>\n<p><img draggable=\"true\" alt=\"juliette binoche\" title=\"juliette binoche\" loading=\"lazy\" width=\"2000\" height=\"3000\" decoding=\"async\" data-nimg=\"1\" style=\"color:transparent;width:100%;height:auto;\"   src=\"https:\/\/www.europesays.com\/es\/wp-content\/uploads\/2025\/11\/juliette-binoche-690e186a51257.jpg\" class=\"css-0 e1g79fud0\"\/><\/p>\n<p>Getty Images<\/p>\n<p data-journey-content=\"true\" data-node-id=\"33\" class=\"css-6wxqfj emevuu60\">El festival tambi\u00e9n rendir\u00e1 tributo al cine espa\u00f1ol con el Giraldillo de Honor al sevillano <strong data-node-id=\"33.1\">Alberto Rodr\u00edguez<\/strong>, responsable de t\u00edtulos como \u2018La isla m\u00ednima\u2019 o la reciente \u2018Los Tigres\u2019, cuya obra ha contribuido a renovar el thriller social en Espa\u00f1a. Completa el cuarteto el cineasta irland\u00e9s <strong data-node-id=\"33.3\">Jim Sheridan<\/strong>, autor de cl\u00e1sicos como \u2018Mi pie izquierdo\u2019 o \u2018En el nombre del padre\u2019, que ser\u00e1 homenajeado por su mirada humanista y su papel en la proyecci\u00f3n internacional del cine irland\u00e9s. Cuatro trayectorias muy distintas que, en conjunto, resumen la amplitud y la vitalidad del cine europeo que el festival celebra desde hace m\u00e1s de dos d\u00e9cadas.<\/p>\n<p><img draggable=\"true\" alt=\"alberto rodriguez\" title=\"alberto rodriguez\" loading=\"lazy\" width=\"2000\" height=\"3000\" decoding=\"async\" data-nimg=\"1\" style=\"color:transparent;width:100%;height:auto;\"   src=\"https:\/\/www.europesays.com\/es\/wp-content\/uploads\/2025\/11\/alberto-rodriguez-690a00587d8e5.jpg\" class=\"css-0 e1g79fud0\"\/><\/p>\n<p>Fernando Roi<\/p>\n<p><img src=\"https:\/\/www.europesays.com\/es\/wp-content\/uploads\/2025\/11\/0dffbcb6-5990-48f6-96e1-86183ebacace_1691665397.file\" alt=\"Headshot of Redacci\u00f3n Fotogramas\" title=\"Headshot of Redacci\u00f3n Fotogramas\" width=\"100%\" height=\"100%\" decoding=\"async\" loading=\"lazy\" class=\"css-o0wq4v ev8dhu53\"\/><\/p>\n<p>Desde que lleg\u00f3 a los quioscos por primera vez, el 15 de noviembre de 1946, hace m\u00e1s de 75 a\u00f1os, FOTOGRAMAS se ha convertido en la publicaci\u00f3n de referencia en el \u00e1mbito del cine y el entretenimiento. Nuestro equipo de periodistas y cr\u00edticos cinematogr\u00e1ficos ofrecen, cada d\u00eda, la informaci\u00f3n m\u00e1s actualizada sobre los \u00faltimos estrenos de cartelera, las mejores pel\u00edculas y series que llegan a las plataformas y las cr\u00edticas firmadas por los nombres m\u00e1s prestigiosos del panorama audiovisual.\u00a0<\/p>\n<p>Adem\u00e1s de informaci\u00f3n, la redacci\u00f3n de FOTOGRAMAS te trae a diario completas y divertidas entrevistas a actores y directores nacionales e internacionales, los mejores an\u00e1lisis y curiosidades y diferentes clips, teasers y tr\u00e1ilers exclusivos para que no te pierdas nada. Todo esto son solo algunos de los contenidos que han colocado a FOTOGRAMAS como la primera revista de cine de Espa\u00f1a.\u00a0<\/p>\n<p>Pero nada de ello ser\u00eda posible sin un nutrido equipo de expertos colaboradores, cr\u00edticos y redactores que buscan y seleccionan las noticias de cine y series m\u00e1s relevantes del momento. El <a href=\"https:\/\/www.fotogramas.es\/informacion\/a22495266\/contacto\/\" rel=\"nofollow noopener\" target=\"_blank\">equipo de FOTOGRAMAS<\/a> est\u00e1 compuesto por:\u00a0<\/p>\n<p><a href=\"https:\/\/www.fotogramas.es\/author\/630003\/juan-silvestre\/\" rel=\"nofollow noopener\" target=\"_blank\">Juan Silvestre<\/a>: Director digital de Fotogramas\u00a0<\/p>\n<p><a href=\"https:\/\/www.fotogramas.es\/author\/630013\/javier-diazsalado\/\" rel=\"nofollow noopener\" target=\"_blank\">Javier D\u00edaz-Salado<\/a>: redactor jefe digital de Fotogramas\u00a0<\/p>\n<p><a href=\"https:\/\/www.fotogramas.es\/author\/630009\/ricardo-rosado\/\" rel=\"nofollow noopener\" target=\"_blank\">Ricardo Rosado<\/a>: redactor de Fotogramas<\/p>\n<p><a href=\"https:\/\/www.fotogramas.es\/author\/235591\/fran-chico\/\" rel=\"nofollow noopener\" target=\"_blank\">Fran Chico<\/a>: redactor de Fotogramas\u00a0<\/p>\n<p>Sergio Valverde: Community Manager de Fotogramas \u00a0<\/p>\n","protected":false},"excerpt":{"rendered":"El Festival de Cine Europeo de Sevilla levanta hoy el tel\u00f3n de su 22\u00aa edici\u00f3n consolid\u00e1ndose como punto&hellip;\n","protected":false},"author":2,"featured_media":223822,"comment_status":"","ping_status":"","sticky":false,"template":"","format":"standard","meta":{"footnotes":""},"categories":[91],"tags":[1180,146,147,25,24,23],"class_list":{"0":"post-223821","1":"post","2":"type-post","3":"status-publish","4":"format-standard","5":"has-post-thumbnail","7":"category-entretenimiento","8":"tag-editorial","9":"tag-entertainment","10":"tag-entretenimiento","11":"tag-es","12":"tag-espana","13":"tag-spain"},"share_on_mastodon":{"url":"https:\/\/pubeurope.com\/@es\/115509823308206200","error":""},"_links":{"self":[{"href":"https:\/\/www.europesays.com\/es\/wp-json\/wp\/v2\/posts\/223821","targetHints":{"allow":["GET"]}}],"collection":[{"href":"https:\/\/www.europesays.com\/es\/wp-json\/wp\/v2\/posts"}],"about":[{"href":"https:\/\/www.europesays.com\/es\/wp-json\/wp\/v2\/types\/post"}],"author":[{"embeddable":true,"href":"https:\/\/www.europesays.com\/es\/wp-json\/wp\/v2\/users\/2"}],"replies":[{"embeddable":true,"href":"https:\/\/www.europesays.com\/es\/wp-json\/wp\/v2\/comments?post=223821"}],"version-history":[{"count":0,"href":"https:\/\/www.europesays.com\/es\/wp-json\/wp\/v2\/posts\/223821\/revisions"}],"wp:featuredmedia":[{"embeddable":true,"href":"https:\/\/www.europesays.com\/es\/wp-json\/wp\/v2\/media\/223822"}],"wp:attachment":[{"href":"https:\/\/www.europesays.com\/es\/wp-json\/wp\/v2\/media?parent=223821"}],"wp:term":[{"taxonomy":"category","embeddable":true,"href":"https:\/\/www.europesays.com\/es\/wp-json\/wp\/v2\/categories?post=223821"},{"taxonomy":"post_tag","embeddable":true,"href":"https:\/\/www.europesays.com\/es\/wp-json\/wp\/v2\/tags?post=223821"}],"curies":[{"name":"wp","href":"https:\/\/api.w.org\/{rel}","templated":true}]}}