{"id":223832,"date":"2025-11-07T18:36:22","date_gmt":"2025-11-07T18:36:22","guid":{"rendered":"https:\/\/www.europesays.com\/es\/223832\/"},"modified":"2025-11-07T18:36:22","modified_gmt":"2025-11-07T18:36:22","slug":"matthias-schwarzbacher-ultimo-fichaje-del-ef-education","status":"publish","type":"post","link":"https:\/\/www.europesays.com\/es\/223832\/","title":{"rendered":"Matthias Schwarzbacher, \u00faltimo fichaje del EF Education -&#8230;"},"content":{"rendered":"<p>                    El ciclista eslovaco de 19 a\u00f1os -que en 2025 ha corrido en el UAE Team Emirates Gen Z- firma por dos temporadas y se convierte en el quinto y \u00faltimo fichaje del equipo estadounidense, que a\u00fan tiene que anunciar importantes renovaciones.<\/p>\n<p class=\"c-news-list__author\">Ciclismoafondo.es. Foto: Miguel Ena (Sprint Cycling Agency)<\/p>\n<p class=\"c-mainarticle__date\">\n<p>                    6 de noviembre de 2025 (18:20 CET)<\/p>\n<p>                                                                                                                                        <img fetchpriority=\"high\" decoding=\"async\" src=\"https:\/\/www.europesays.com\/es\/wp-content\/uploads\/2025\/11\/matthias-schwarzbacher-durante-el-gran-premio-castellon-2025.jpeg\" alt=\"Matthias Schwarzbacher durante el Gran Premio Castell\u00f3n 2025\" title=\"Matthias Schwarzbacher durante el Gran Premio Castell\u00f3n 2025\" class=\"c-mainarticle__img\" loading=\"eager\" width=\"790\" height=\"454\"\/><\/p>\n<p>                    Matthias Schwarzbacher durante el Gran Premio Castell\u00f3n 2025<\/p>\n<p>M\u00e1s talento j\u00f3ven para el\u00a0<strong>EF Education &#8211; EasyPost,<\/strong> que despu\u00e9s de oficializar en las \u00failtimas semanas los fichajes de\u00a0Luke Lamperti,\u00a0Michael Leonard,\u00a0Noah Hobbs y\u00a0Mattia Agostinacchio, <strong>anuncia\u00a0la incorporaci\u00f3n hasta 2027<\/strong>\u00a0<strong>del\u00a0eslovaco Matthias Schwarzbacher<\/strong>, <strong>de 19 a\u00f1os<\/strong>, que esta temporada ha corrido en el\u00a0UAE Team Emirates Gen Z,\u00a0 el equipo de desarrollo del UAE, de categor\u00eda Continental.\u00a0<\/p>\n<p>Corredor potente y gran contrarrelojista,\u00a0Matthias Schwarzbacher <strong>se ha consolidado como una de las j\u00f3venes promesas m\u00e1s brillantes de la temporada,<\/strong> logrando victorias de prestigio -como el campeonato\u00a0de Eslovaquia absoluto contrarreloj, la crono inaugural del\u00a0Giro de Italia Next Gen, o la UMAG Classic- y despertando el inter\u00e9s de diversos equipos WorldTour.<\/p>\n<p>A lo largo de la temporada\u00a0<strong>Schwarzbache ha corrido varias pruebas con el WorldTeam del UAE<\/strong>, logrando resultados de m\u00e9rito como el 8\u00ba puesto en\u00a0\u00a0el <strong>Trofeo Ses Salines<\/strong>, de la Challenge Mallorca, o el 15\u00ba en la <strong>Cl\u00e1sica Ja\u00e9n Para\u00edso Interior<\/strong>.\u00a0<\/p>\n<blockquote class=\"twitter-tweet\"><p>&#13;<\/p>\n<p dir=\"ltr\" lang=\"en\">Next up in pink is 19-year-old Matthias Schwarzbacher \ud83d\udc97 The rising Slovakian talent had a breakout season, winning a stage at the Giro Next Gen, the national time trial title, and proving himself as an exciting U23 rider to watch.<\/p>\n<p>Welcome to the WorldTour, Matthias! Get to\u2026 <a href=\"https:\/\/t.co\/eZEhNbVyqV\" rel=\"nofollow\">pic.twitter.com\/eZEhNbVyqV<\/a><\/p>\n<p>&#13;<br \/>\n\u2014 EF Pro Cycling (@EFprocycling) <a href=\"https:\/\/twitter.com\/EFprocycling\/status\/1986433481073737827?ref_src=twsrc%5Etfw\" rel=\"nofollow noopener\" target=\"_blank\">November 6, 2025<\/a>\n<\/p><\/blockquote>\n<p>Seg\u00fan anuncia el\u00a0EF Education &#8211; EasyPost,<strong> con el eslovaco cierran la cuenta\u00a0de nuevos fichajes<\/strong>,\u00a0aunque su plantilla no est\u00e1 ni mucho menos cerrada para la pr\u00f3xima temporada, ya que a\u00fan <strong>quedan en el aire\u00a0las renovaciones de algunos de sus corredores m\u00e1s importantes<\/strong>. Con solo <a data-external=\"1\" href=\"https:\/\/www.procyclingstats.com\/team\/ef-education-easypost-2026\" rel=\"nofollow noopener\" target=\"_blank\" title=\"22 ciclistas confirmados hasta la fecha para 2026\">22 ciclistas confirmados para 2026<\/a>\u00a0y hombres como Richard Carapaz, Hugh Carthy, Esteban Chaves, Archie Ryan, James Shaw, Jefferson Alexande Cepeda y\u00a0Lukas Nerurkar, entre otros,\u00a0 terminando contrato y con su futuro sin confirmar, se espera que en las pr\u00f3ximas semanas se anuncien las renovaciones\u00a0de muchos de ellos.\u00a0<\/p>\n<p>Matthias Schwarzbacher\u00a0<strong>se pas\u00f3 al ciclismo tras<\/strong> <strong>competir inicialmente en biatl\u00f3n,<\/strong> pero r\u00e1pidamente desarroll\u00f3 una pasi\u00f3n por las carreras de ruta\u00a0tras ver a la m\u00e1xima estrella eslovaca en el escenario internacional. \u201cEmpec\u00e9 practicando biatl\u00f3n, pero luego me aficion\u00e9 al ciclismo gracias a Peter Sagan y empec\u00e9 a ir a carreras. Cada vez montaba m\u00e1s en bicicleta, y as\u00ed fue como empez\u00f3 todo. Deb\u00eda de tener unos 12 o 13 a\u00f1os cuando empec\u00e9\u201d, comenta.\u00a0<\/p>\n<p>Esta temporada 2025 ha sido la de su <strong>confirmaci\u00f3n\u00a0como gran talento de futuro<\/strong>.\u00a0Finaliz\u00f3 sexto en la <strong>Par\u00eds-Roubaix sub-23<\/strong> antes de ganar la primera etapa del <strong>Giro de Italia Next Gen\u00a0<\/strong>y la contrarreloj \u00e9lite masculina de los <strong>campeonatos nacionales<\/strong>. Esa victoria\u00a0confirm\u00f3 su extraordinaria\u00a0temporada.<\/p>\n<p><img decoding=\"async\" loading=\"lazy\" alt=\"Matthias Schwarzbacher\" data-id=\"14618279\" data-resize=\"null\" height=\"520\" src=\"https:\/\/www.europesays.com\/es\/wp-content\/uploads\/2025\/11\/matthias-schwarzbacher.jpeg\" title=\"Matthias Schwarzbacher\" width=\"800\"\/><\/p>\n<p>\u201c<strong>Hasta este a\u00f1o\u00a0me habr\u00eda descrito como un ciclista explosivo<\/strong>, incluso con un sprint potente, <strong>pero esta temporada tambi\u00e9n he rendido bien en las contrarreloj.<\/strong> Ha sido una sorpresa para m\u00ed, pero sigo pensando que puedo rendir en distintos terrenos. Toda la temporada ha sido una grata sorpresa, sobre todo en cuanto a mi evoluci\u00f3n. No esperaba un a\u00f1o tan bueno, teniendo en cuenta que estuve enfermo varias veces el a\u00f1o pasado. Esperaba buenos resultados, pero no me imaginaba una mejora tan grande\u201d, comenta el eslovaco, que sobre su incorporaci\u00f3n al EF a\u00f1ade:\u00a0\u201cCreo que el a\u00f1o que viene va a ser como un gran a\u00f1o escolar para m\u00ed. <strong>Necesitar\u00e9 aprender y adaptarme al WorldTour.<\/strong> Ya he disputado algunas carreras importantes, pero afrontar un calendario completo ser\u00e1 otra historia. <strong>Va a ser un a\u00f1o clave de aprendizaje y desarrollo como ciclista<\/strong>\u201d.<\/p>\n<p>Por su parte <strong>Jonathan Vaughters<\/strong>, CEO del EF Pro Cycling, est\u00e1 entusiasmado con la incorporaci\u00f3n de\u00a0Schwarzbacher<strong>\u00a0<\/strong>al equipo la pr\u00f3xima temporada, tras haber visto su evoluci\u00f3n durante las dos \u00faltimas.\u00a0\u201cMatthias impresiona en las contrarrelojes cortas, pero adem\u00e1s es un ciclista muy vers\u00e1til..\u00a0<strong>Es extremadamente fuerte en llano y un velocista muy efectivo<\/strong>, y ya lo ten\u00eda en la mira antes de su victoria en el Giro Next Gen este a\u00f1o. Su resultado en el campeonato nacional de contrarreloj fue sobresaliente, superando a algunos ciclistas WorldTour de primer nivel. Tambi\u00e9n fue sexto en la Par\u00eds-Roubaix sub-23 a pesar de tener\u00a0mala suerte, as\u00ed que le\u00a0veo como un lanzador valioso, un contrarrelojista incre\u00edble, y <strong>con el sue\u00f1o de competir en carreras del estilo de la Par\u00eds-Roubaix o la Gante-Wevelgem<\/strong>. Claro que no suceder\u00e1 de inmediato, pero tiene esa potencia en los cinco minutos finales que es insustituible\u201d, dice.\u00a0<\/p>\n<p>\u00a0<\/p>\n<p><script async src=\"https:\/\/platform.twitter.com\/widgets.js\" charset=\"utf-8\"><\/script><\/p>\n","protected":false},"excerpt":{"rendered":"El ciclista eslovaco de 19 a\u00f1os -que en 2025 ha corrido en el UAE Team Emirates Gen Z-&hellip;\n","protected":false},"author":2,"featured_media":223833,"comment_status":"","ping_status":"","sticky":false,"template":"","format":"standard","meta":{"footnotes":""},"categories":[273],"tags":[313,312,168,25,24,23,167],"class_list":{"0":"post-223832","1":"post","2":"type-post","3":"status-publish","4":"format-standard","5":"has-post-thumbnail","7":"category-ciclismo","8":"tag-ciclismo","9":"tag-cycling","10":"tag-deportes","11":"tag-es","12":"tag-espana","13":"tag-spain","14":"tag-sports"},"share_on_mastodon":{"url":"https:\/\/pubeurope.com\/@es\/115509866476116615","error":""},"_links":{"self":[{"href":"https:\/\/www.europesays.com\/es\/wp-json\/wp\/v2\/posts\/223832","targetHints":{"allow":["GET"]}}],"collection":[{"href":"https:\/\/www.europesays.com\/es\/wp-json\/wp\/v2\/posts"}],"about":[{"href":"https:\/\/www.europesays.com\/es\/wp-json\/wp\/v2\/types\/post"}],"author":[{"embeddable":true,"href":"https:\/\/www.europesays.com\/es\/wp-json\/wp\/v2\/users\/2"}],"replies":[{"embeddable":true,"href":"https:\/\/www.europesays.com\/es\/wp-json\/wp\/v2\/comments?post=223832"}],"version-history":[{"count":0,"href":"https:\/\/www.europesays.com\/es\/wp-json\/wp\/v2\/posts\/223832\/revisions"}],"wp:featuredmedia":[{"embeddable":true,"href":"https:\/\/www.europesays.com\/es\/wp-json\/wp\/v2\/media\/223833"}],"wp:attachment":[{"href":"https:\/\/www.europesays.com\/es\/wp-json\/wp\/v2\/media?parent=223832"}],"wp:term":[{"taxonomy":"category","embeddable":true,"href":"https:\/\/www.europesays.com\/es\/wp-json\/wp\/v2\/categories?post=223832"},{"taxonomy":"post_tag","embeddable":true,"href":"https:\/\/www.europesays.com\/es\/wp-json\/wp\/v2\/tags?post=223832"}],"curies":[{"name":"wp","href":"https:\/\/api.w.org\/{rel}","templated":true}]}}