{"id":223842,"date":"2025-11-07T18:44:12","date_gmt":"2025-11-07T18:44:12","guid":{"rendered":"https:\/\/www.europesays.com\/es\/223842\/"},"modified":"2025-11-07T18:44:12","modified_gmt":"2025-11-07T18:44:12","slug":"susanna-griso-se-disculpa-en-espejo-publico-por-malinterpretar-un-informe-de-interior-sobre-inmigracion-irregular","status":"publish","type":"post","link":"https:\/\/www.europesays.com\/es\/223842\/","title":{"rendered":"Susanna Griso se disculpa en &#8216;Espejo P\u00fablico&#8217; por malinterpretar un informe de Interior sobre inmigraci\u00f3n irregular"},"content":{"rendered":"<p class=\"article-text\">\n        <strong>Susanna Griso<\/strong> se ha disculpado con el <strong>Ministerio del Interior<\/strong> en riguroso directo este viernes, 7 de noviembre. El programa <strong>Espejo P\u00fablico<\/strong> dedic\u00f3 un d\u00eda antes parte de su escaleta al an\u00e1lisis de un informe emitido por el organismo, donde se abordaba la problem\u00e1tica de la <strong>inmigraci\u00f3n irregular<\/strong> en Ceuta. Tras una vuelta de publicidad, la presentadora se ha visto obligada a rectificar en <strong>Antena 3 <\/strong>tras una interpretaci\u00f3n incorrecta de las cifras.\n    <\/p>\n<p>    <a href=\"https:\/\/www.eldiario.es\/vertele\/noticias\/sonsoles-onega-entona-mea-culpa-duro-caso-invitados-antena-3-no-volveremos_1_12724043.html\" data-mrf-recirculation=\"saber-mas\" data-dl-event=\"saber-mas\" rel=\"nofollow noopener\" target=\"_blank\"><\/p>\n<p class=\"know-more__title\">Sonsoles \u00d3nega entona el &#8216;mea culpa&#8217; por el duro caso de sus invitados en Antena 3: \u00abNo lo volveremos a hacer\u00bb<\/p>\n<p>            <img decoding=\"async\" class=\"lazy\" loading=\"lazy\" data-src=\"https:\/\/static.eldiario.es\/clip\/112c2e10-709f-45fc-b517-90ab7badd1d5_16-9-aspect-ratio_default_0.jpg\" src=\"data:image\/svg+xml,%3Csvg xmlns=\" http:=\"\" viewbox=\"0 0 880 495\" alt=\"Sonsoles \u00d3nega entona el 'mea culpa' por el duro caso de sus invitados en Antena 3: &quot;No lo volveremos a hacer&quot;\"\/><\/p>\n<p>                        <\/a><\/p>\n<p class=\"article-text\">\n        El espacio matinal de Antena 3 ha puesto el foco en su interpretaci\u00f3n sobre los datos de inmigraci\u00f3n irregular registrados en 2025, mostrando en pantalla un grafismo que destacaba el aumento del 33.8% en las <strong>entradas de migrantes por v\u00eda terrestre<\/strong>, que ascienden a 2.994 personas. Tambi\u00e9n se reflejaban las <strong>llegadas por v\u00eda mar\u00edtima<\/strong>, cifradas en solo 4 personas, aunque sin subrayar en este caso que la variaci\u00f3n interanual supone un descenso del 82.6%.\n    <\/p>\n<p class=\"article-text\">\n        \u201cDe forma incorrecta, este programa interpret\u00f3 las <strong>entradas de inmigrantes que llegaban a nado como &#8216;mar\u00edtimas&#8217;<\/strong>. Desconoc\u00edamos, y <strong>pedimos disculpas<\/strong> por ello al Ministerio del Interior, que las contabilizan como entradas por v\u00eda terrestre\u201d, ha comenzado detallando Griso. La presentadora ha continuado dando explicaciones del porqu\u00e9 de sus palabras: \u201cDe la misma manera que dimos ayer voz a sindicatos de Polic\u00eda, a vecinos y a migrantes, hemos querido tambi\u00e9n<strong> dar voz al Ministerio del Interior<\/strong>\u201d.\n    <\/p>\n<p class=\"article-text\">\n        Una vez \u201checha la rectificaci\u00f3n\u201d, Espejo P\u00fablico ha reiterado a trav\u00e9s de su presentadora que sus puertas est\u00e1n abiertas para recibir a cualquier representante del organismo: \u201cLes invitamos a participar programa, cuando consideren, para <strong>abordar el problema de la inmigraci\u00f3n irregular<\/strong> que tanto preocupa al Ministerio, al programa y a todos ustedes, los espa\u00f1oles\u201d. De inmediato, Susanna Griso daba paso a Miquel Valls para abordar otros asuntos relacionados con Jos\u00e9 Luis \u00c1balos y Koldo Garc\u00eda.\n    <\/p>\n<p>    <a href=\"https:\/\/www.eldiario.es\/vertele\/noticias\/plataforma-tv-publicas-prepara-gran-movilizacion-independencia-informativa_1_12744924.html\" data-mrf-recirculation=\"saber-mas-abajo\" data-dl-event=\"saber-mas-abajo\" rel=\"nofollow noopener\" target=\"_blank\"><\/p>\n<p class=\"know-more__title\">La plataforma de las TV p\u00fablicas prepara una \u201cgran movilizaci\u00f3n\u201d por la independencia informativa<\/p>\n<p>            <img decoding=\"async\" class=\"lazy\" loading=\"lazy\" data-src=\"https:\/\/static.eldiario.es\/clip\/5c5a76fe-25e9-46e8-b4e0-3d2bbf6f0245_16-9-aspect-ratio_default_0.jpg\" src=\"data:image\/svg+xml,%3Csvg xmlns=\" http:=\"\" viewbox=\"0 0 880 495\" alt=\"La plataforma de las TV p\u00fablicas prepara una &quot;gran movilizaci\u00f3n&quot; por la independencia informativa\"\/><\/p>\n<p>                        <\/a><\/p>\n<p>            <img decoding=\"async\" class=\"lazy\" loading=\"lazy\" data-src=\"https:\/\/static.eldiario.es\/clip\/2adedfe5-90ad-4ba0-b080-e96e6bf10c3f_16-9-discover-aspect-ratio_default_0.jpg\" src=\"data:image\/svg+xml,%3Csvg xmlns=\" http:=\"\" viewbox=\"0 0 1200 675\" alt=\"Susanna Griso, en 'Espejo P\u00fablico' de Antena 3\"\/><\/p>\n<p>    El comentario que provoc\u00f3 las disculpas de &#8216;Espejo P\u00fablico&#8217;<\/p>\n<p class=\"article-text\">\n        Las disculpas de Susanna Griso est\u00e1n directamente relacionadas con la cobertura de Espejo P\u00fablico el pasado jueves, 6 de noviembre. Un <strong>portavoz de la Guardia Civil <\/strong>concedi\u00f3 una entrevista al programa, comentando que se hab\u00edan detectado m\u00e1s de 50 entradas a nado en la ciudad aut\u00f3noma. Y con el informe del Ministerio del Interior sobre la mesa, la presentadora manifest\u00f3 lo siguiente: \u201c<strong>\u00bfQui\u00e9n miente?<\/strong>\u201d. Un d\u00eda despu\u00e9s del error, el espacio matinal lo ha enmendado con unas disculpas p\u00fablicas.\n    <\/p>\n","protected":false},"excerpt":{"rendered":"Susanna Griso se ha disculpado con el Ministerio del Interior en riguroso directo este viernes, 7 de noviembre.&hellip;\n","protected":false},"author":2,"featured_media":223843,"comment_status":"","ping_status":"","sticky":false,"template":"","format":"standard","meta":{"footnotes":""},"categories":[171],"tags":[4040,16832,146,147,25,24,5174,32231,8803,590,584,27932,59280,1421,23,32230,214],"class_list":{"0":"post-223842","1":"post","2":"type-post","3":"status-publish","4":"format-standard","5":"has-post-thumbnail","7":"category-tv","8":"tag-antena-3","9":"tag-disculpa","10":"tag-entertainment","11":"tag-entretenimiento","12":"tag-es","13":"tag-espana","14":"tag-espejo","15":"tag-griso","16":"tag-informe","17":"tag-inmigracion","18":"tag-interior","19":"tag-irregular","20":"tag-malinterpretar","21":"tag-publico","22":"tag-spain","23":"tag-susanna","24":"tag-tv"},"share_on_mastodon":{"url":"https:\/\/pubeurope.com\/@es\/115509897914906589","error":""},"_links":{"self":[{"href":"https:\/\/www.europesays.com\/es\/wp-json\/wp\/v2\/posts\/223842","targetHints":{"allow":["GET"]}}],"collection":[{"href":"https:\/\/www.europesays.com\/es\/wp-json\/wp\/v2\/posts"}],"about":[{"href":"https:\/\/www.europesays.com\/es\/wp-json\/wp\/v2\/types\/post"}],"author":[{"embeddable":true,"href":"https:\/\/www.europesays.com\/es\/wp-json\/wp\/v2\/users\/2"}],"replies":[{"embeddable":true,"href":"https:\/\/www.europesays.com\/es\/wp-json\/wp\/v2\/comments?post=223842"}],"version-history":[{"count":0,"href":"https:\/\/www.europesays.com\/es\/wp-json\/wp\/v2\/posts\/223842\/revisions"}],"wp:featuredmedia":[{"embeddable":true,"href":"https:\/\/www.europesays.com\/es\/wp-json\/wp\/v2\/media\/223843"}],"wp:attachment":[{"href":"https:\/\/www.europesays.com\/es\/wp-json\/wp\/v2\/media?parent=223842"}],"wp:term":[{"taxonomy":"category","embeddable":true,"href":"https:\/\/www.europesays.com\/es\/wp-json\/wp\/v2\/categories?post=223842"},{"taxonomy":"post_tag","embeddable":true,"href":"https:\/\/www.europesays.com\/es\/wp-json\/wp\/v2\/tags?post=223842"}],"curies":[{"name":"wp","href":"https:\/\/api.w.org\/{rel}","templated":true}]}}