{"id":223854,"date":"2025-11-07T18:50:10","date_gmt":"2025-11-07T18:50:10","guid":{"rendered":"https:\/\/www.europesays.com\/es\/223854\/"},"modified":"2025-11-07T18:50:10","modified_gmt":"2025-11-07T18:50:10","slug":"sonda-china-revela-raro-gif-del-cometa-interestelar-3i-atlas-dw-07-11-2025","status":"publish","type":"post","link":"https:\/\/www.europesays.com\/es\/223854\/","title":{"rendered":"Sonda china revela raro GIF del cometa interestelar 3I\/ATLAS \u2013 DW \u2013 07\/11\/2025"},"content":{"rendered":"<p>La sonda china <a class=\"internal-link\" href=\"https:\/\/www.dw.com\/es\/sonda-china-tianwen-1-se-inserta-en-\u00f3rbita-marciana\/a-56517939\" rel=\"nofollow noopener\" target=\"_blank\">Tianwen-1<\/a> ha logrado observar por primera vez un objeto interestelar desde la \u00f3rbita de <a class=\"internal-link\" href=\"https:\/\/www.dw.com\/es\/marte\/t-46429920\" rel=\"nofollow noopener\" target=\"_blank\">Marte,<\/a> al captar im\u00e1genes <a class=\"internal-link\" href=\"https:\/\/www.dw.com\/es\/el-cometa-interestelar-3i-atlas-desconcierta-a-astr\u00f3nomos-su-brillo-aumenta-el-doble-de-r\u00e1pido-de-lo-previsto\/a-74600080\" rel=\"nofollow noopener\" target=\"_blank\">del cometa 3I\/Atlas,<\/a> <a rel=\"noopener follow nofollow\" target=\"_blank\" class=\"external-link\" href=\"https:\/\/www.cnsa.gov.cn\/n6758823\/n6758838\/c10715343\/content.html\" title=\"Enlace externo \u2014 inform\u00f3\">inform\u00f3<\/a> este jueves (06.11.2025) <a class=\"internal-link\" href=\"https:\/\/www.dw.com\/es\/sonda-china-deja-la-luna-con-muestras-de-su-cara-oculta\/a-69259758\" rel=\"nofollow noopener\" target=\"_blank\">la Administraci\u00f3n Nacional del Espacio de China (CNSA).<\/a><\/p>\n<p>Seg\u00fan comunic\u00f3 el organismo a trav\u00e9s de su cuenta de Weibo \u2013semejante a X, censurada en China\u2013, la c\u00e1mara de alta resoluci\u00f3n de la nave consigui\u00f3 registrar el objeto cuando se encontraba a unos 30 millones de kil\u00f3metros de distancia, convirti\u00e9ndose en uno de los artefactos m\u00e1s pr\u00f3ximos en observarlo hasta la fecha.\u00a0<\/p>\n<p>Las im\u00e1genes muestran con claridad las caracter\u00edsticas cometarias del visitante, con un n\u00facleo rodeado por una coma de varios miles de kil\u00f3metros de di\u00e1metro.<\/p>\n<p>Liu Jianjun, dise\u00f1ador jefe del sistema de aplicaciones terrestres de la misi\u00f3n marciana, asegur\u00f3 a la cadena estatal CCTV que la Tianwen-1 capt\u00f3 im\u00e1genes del cometa entre el 1 y el 4 de octubre, a partir de las cuales se elabor\u00f3 una animaci\u00f3n que muestra con detalle su trayectoria.<\/p>\n<blockquote class=\"tweet embed\" data-id=\"1986234351240290579\"\/>\n<p>La CNSA explic\u00f3 que la alineaci\u00f3n del cometa con la Tierra y el Sol <a class=\"internal-link\" href=\"https:\/\/www.dw.com\/es\/cometa-interestelar-3i-atlas-alcanza-hoy-su-punto-m\u00e1s-cercano-al-sol\/a-74547670\" rel=\"nofollow noopener\" target=\"_blank\">durante su acercamiento<\/a> impidi\u00f3 su observaci\u00f3n desde nuestro planeta, lo que convirti\u00f3 a la sonda marciana en una plataforma \u00fanica para su estudio.<\/p>\n<p>El organismo a\u00f1adi\u00f3 que el cometa es entre 10.000 y 100.000 veces menos luminoso que la superficie <a class=\"internal-link\" href=\"https:\/\/www.dw.com\/es\/misteriosa-franja-luminosa-en-marte-desata-la-especulaci\u00f3n-es-el-cometa-interestelar-3i-atlas\/a-74268843\" rel=\"nofollow noopener\" target=\"_blank\">de Marte,<\/a> por lo que la captura exigi\u00f3 al m\u00e1ximo las capacidades \u00f3pticas de la c\u00e1mara de alta resoluci\u00f3n de la nave.\u00a0<\/p>\n<p><strong>Agencia Espacial Europea tambi\u00e9n rastrea el cometa <\/strong><\/p>\n<p>En la misma ventana temporal, <a class=\"internal-link\" href=\"https:\/\/www.dw.com\/es\/agencia-espacial-europea-esa\/t-64670521\" rel=\"nofollow noopener\" target=\"_blank\">la Agencia Espacial Europea (ESA)<\/a> tambi\u00e9n logr\u00f3 captar al visitante interestelar mediante su sonda ExoMars Trace Gas Orbiter (TGO), que, junto con Mars Express, tuvo la vista m\u00e1s cercana del cometa entre todas las naves europeas.\u00a0<\/p>\n<p>TGO utiliz\u00f3 su c\u00e1mara CaSSIS, dise\u00f1ada para observar la superficie marciana, y consigui\u00f3 registrar el tenue resplandor del cometa y la coma de gas y polvo que envuelve su n\u00facleo, gracias a una serie de exposiciones apiladas para revelar su silueta.<\/p>\n<p><img data-format=\"MASTER_LANDSCAPE\" data-id=\"74661212\" data-url=\"https:\/\/static.dw.com\/image\/74661212_${formatId}.jpg\" data-aspect-ratio=\"16\/9\" alt=\"La sonda ExoMars Trace Gas Orbiter (TGO) de la ESA tambi\u00e9n logr\u00f3 capturar el tenue resplandor del cometa 3I\/Atlas mediante exposiciones apiladas.\" style=\"padding-bottom: 56.25%; height: 0; max-height: 0;\"\/>La sonda ExoMars Trace Gas Orbiter (TGO) de la ESA tambi\u00e9n logr\u00f3 capturar el tenue resplandor del cometa 3I\/Atlas mediante exposiciones apiladas.Imagen: ESA\/TGO\/CaSSIS<\/p>\n<p><strong>3I\/Atlas: tercer objeto interestelar conocido <\/strong><\/p>\n<p>El cometa 3I\/Atlas fue descubierto el 1 de julio de 2025 por un telescopio del sistema de alerta temprana ATLAS, en Chile.\u00a0<\/p>\n<p>Es el tercer objeto conocido procedente de fuera del sistema solar, tras <a class=\"internal-link\" href=\"https:\/\/www.dw.com\/es\/nuevo-estudio-sugiere-que-objeto-interestelar-oumuamua-no-era-una-nave-extraterrestre\/a-65086370\" rel=\"nofollow noopener\" target=\"_blank\">\u2018Oumuamua<\/a> (2017) y 2I\/Borisov (2019).\u00a0<\/p>\n<p>Los astr\u00f3nomos estiman que podr\u00eda tener entre 3.000 y 11.000 millones de a\u00f1os, lo que lo har\u00eda <a class=\"internal-link\" href=\"https:\/\/www.dw.com\/es\/cometa-interestelar-3i-atlas-podr\u00eda-tener-origen-en-los-confines-de-la-v\u00eda-l\u00e1ctea-primitiva\/a-74296940\" rel=\"nofollow noopener\" target=\"_blank\">m\u00e1s antiguo que el propio sistema solar,<\/a> y que se form\u00f3 en torno a estrellas del disco grueso de la V\u00eda L\u00e1ctea.<\/p>\n<blockquote class=\"tweet embed\" data-id=\"1986369105604321473\"\/>\n<p><strong>Desaf\u00edo t\u00e9cnico y avances de la misi\u00f3n china <\/strong><\/p>\n<p>La CNSA explic\u00f3 que la observaci\u00f3n fue \u00abextremadamente compleja\u00bb debido a la debilidad lum\u00ednica del cometa, entre 10.000 y 100.000 veces menos brillante que <a class=\"internal-link\" href=\"https:\/\/www.dw.com\/es\/misi\u00f3n-china-a-marte-obtendr\u00eda-muestras-a\u00f1os-antes-que-la-nasa\/a-67390034\" rel=\"nofollow noopener\" target=\"_blank\">la superficie de Marte,<\/a> y a su alta velocidad relativa, de unos 86 kil\u00f3metros por segundo respecto a la sonda.\u00a0<\/p>\n<p>El logro, a\u00f1adi\u00f3, servir\u00e1 como ensayo t\u00e9cnico para <a class=\"internal-link\" href=\"https:\/\/www.dw.com\/es\/qu\u00e9-es-la-misi\u00f3n-espacial-china-tianwen-2\/a-72638335\" rel=\"nofollow noopener\" target=\"_blank\">la misi\u00f3n Tianwen-2,<\/a> que explorar\u00e1 asteroides cercanos a la Tierra.<\/p>\n<p>Tianwen-1, lanzada en 2020, entr\u00f3 en la \u00f3rbita marciana en febrero de 2021 y ha operado de forma estable durante m\u00e1s de cuatro a\u00f1os y medio, consolidando el papel de China en la exploraci\u00f3n planetaria.\u00a0<\/p>\n<p>China ha invertido fuertemente en su programa espacial y ha conseguido alunizar la sonda Chang&#8217;e 4 en la cara oculta de la Luna \u2013primera vez que se logra\u2013 y llegar a Marte, convirti\u00e9ndose en el tercer pa\u00eds, tras la extinta Uni\u00f3n Sovi\u00e9tica y Estados Unidos, en amartizar.<\/p>\n<p>FEW (EFE, CNSA, ESA)<\/p>\n","protected":false},"excerpt":{"rendered":"La sonda china Tianwen-1 ha logrado observar por primera vez un objeto interestelar desde la \u00f3rbita de Marte,&hellip;\n","protected":false},"author":2,"featured_media":223855,"comment_status":"","ping_status":"","sticky":false,"template":"","format":"standard","meta":{"footnotes":""},"categories":[81],"tags":[119,123,124,25,24,117,121,122,23,118,120],"class_list":{"0":"post-223854","1":"post","2":"type-post","3":"status-publish","4":"format-standard","5":"has-post-thumbnail","7":"category-ciencia-y-tecnologia","8":"tag-ciencia","9":"tag-ciencia-y-tecnologia","10":"tag-cienciaytecnologia","11":"tag-es","12":"tag-espana","13":"tag-science","14":"tag-science-and-technology","15":"tag-scienceandtechnology","16":"tag-spain","17":"tag-technology","18":"tag-tecnologia"},"share_on_mastodon":{"url":"https:\/\/pubeurope.com\/@es\/115509921908885289","error":""},"_links":{"self":[{"href":"https:\/\/www.europesays.com\/es\/wp-json\/wp\/v2\/posts\/223854","targetHints":{"allow":["GET"]}}],"collection":[{"href":"https:\/\/www.europesays.com\/es\/wp-json\/wp\/v2\/posts"}],"about":[{"href":"https:\/\/www.europesays.com\/es\/wp-json\/wp\/v2\/types\/post"}],"author":[{"embeddable":true,"href":"https:\/\/www.europesays.com\/es\/wp-json\/wp\/v2\/users\/2"}],"replies":[{"embeddable":true,"href":"https:\/\/www.europesays.com\/es\/wp-json\/wp\/v2\/comments?post=223854"}],"version-history":[{"count":0,"href":"https:\/\/www.europesays.com\/es\/wp-json\/wp\/v2\/posts\/223854\/revisions"}],"wp:featuredmedia":[{"embeddable":true,"href":"https:\/\/www.europesays.com\/es\/wp-json\/wp\/v2\/media\/223855"}],"wp:attachment":[{"href":"https:\/\/www.europesays.com\/es\/wp-json\/wp\/v2\/media?parent=223854"}],"wp:term":[{"taxonomy":"category","embeddable":true,"href":"https:\/\/www.europesays.com\/es\/wp-json\/wp\/v2\/categories?post=223854"},{"taxonomy":"post_tag","embeddable":true,"href":"https:\/\/www.europesays.com\/es\/wp-json\/wp\/v2\/tags?post=223854"}],"curies":[{"name":"wp","href":"https:\/\/api.w.org\/{rel}","templated":true}]}}