{"id":223895,"date":"2025-11-07T19:33:12","date_gmt":"2025-11-07T19:33:12","guid":{"rendered":"https:\/\/www.europesays.com\/es\/223895\/"},"modified":"2025-11-07T19:33:12","modified_gmt":"2025-11-07T19:33:12","slug":"el-equipo-laboral-kutxa-toma-forma-para-la-temporada-2026","status":"publish","type":"post","link":"https:\/\/www.europesays.com\/es\/223895\/","title":{"rendered":"El equipo Laboral Kutxa toma forma para la temporada 2026"},"content":{"rendered":"<p>Si Movistar est\u00e1 plenamente consolidado en la elite del WorldTeam femenino, el equipo Laboral Kutxa se ha ganado a pulso su presencia en todas y cada una de las grandes competiciones del calendario mundial. El equipo de la Fundaci\u00f3n Euskadi toma forma para 2026 y el \u00faltimo anuncio es el de las cuatro corredoras que no seguir\u00e1n.<\/p>\n<p>El propio equipo <strong>Laboral Kutxa<\/strong> ha confirmado que el pr\u00f3ximo a\u00f1o no continuar\u00e1n luciendo los colores de la formaci\u00f3n vasca <strong>Laura Tomasi<\/strong> (fichada por Uno-X),<strong> Eneritz Vadillo, Alba Teruel<\/strong> y una <strong>Ane Santestaban<\/strong> que reconoci\u00f3 p\u00fablicamente su deseo de colgar la bicicleta para iniciar una nueva etapa vital, aunque tuviese un v\u00ednculo para 2026.<\/p>\n<p>Con esa informaci\u00f3n, se puede deducir que han sido renovadas todas las dem\u00e1s corredoras: <strong>Naia Amondarain Naia, Alice Arzuffi, Yuliia Biriukova, Idoia Eraso, Arianna Fidanza, Yanina Kuskova, Usoa <\/strong><strong>Ostolaza, Debora Silvestri, Catalina Soto y Cristina Tonetti<\/strong>.<\/p>\n<p>Adem\u00e1s, el equipo tambi\u00e9n ha anunciado la incorporaci\u00f3n de <strong>Irati Aranguren<\/strong>, corredora de Usurbil y que formar\u00e1 parte de Laboral Kutxa durante dos temporadas: \u00abEn los pr\u00f3ximos dos a\u00f1os, me gustar\u00eda aprender de las nuevas compa\u00f1eras y en el pelot\u00f3n. De hecho, todav\u00eda soy muy joven y tengo muchas cosas que aprender y mejorar, as\u00ed que espero comenzar a dar esos pasos para crecer\u00bb.<\/p>\n","protected":false},"excerpt":{"rendered":"Si Movistar est\u00e1 plenamente consolidado en la elite del WorldTeam femenino, el equipo Laboral Kutxa se ha ganado&hellip;\n","protected":false},"author":2,"featured_media":223896,"comment_status":"","ping_status":"","sticky":false,"template":"","format":"standard","meta":{"footnotes":""},"categories":[273],"tags":[313,312,168,25,24,23,167],"class_list":{"0":"post-223895","1":"post","2":"type-post","3":"status-publish","4":"format-standard","5":"has-post-thumbnail","7":"category-ciclismo","8":"tag-ciclismo","9":"tag-cycling","10":"tag-deportes","11":"tag-es","12":"tag-espana","13":"tag-spain","14":"tag-sports"},"share_on_mastodon":{"url":"https:\/\/pubeurope.com\/@es\/115510090312705459","error":""},"_links":{"self":[{"href":"https:\/\/www.europesays.com\/es\/wp-json\/wp\/v2\/posts\/223895","targetHints":{"allow":["GET"]}}],"collection":[{"href":"https:\/\/www.europesays.com\/es\/wp-json\/wp\/v2\/posts"}],"about":[{"href":"https:\/\/www.europesays.com\/es\/wp-json\/wp\/v2\/types\/post"}],"author":[{"embeddable":true,"href":"https:\/\/www.europesays.com\/es\/wp-json\/wp\/v2\/users\/2"}],"replies":[{"embeddable":true,"href":"https:\/\/www.europesays.com\/es\/wp-json\/wp\/v2\/comments?post=223895"}],"version-history":[{"count":0,"href":"https:\/\/www.europesays.com\/es\/wp-json\/wp\/v2\/posts\/223895\/revisions"}],"wp:featuredmedia":[{"embeddable":true,"href":"https:\/\/www.europesays.com\/es\/wp-json\/wp\/v2\/media\/223896"}],"wp:attachment":[{"href":"https:\/\/www.europesays.com\/es\/wp-json\/wp\/v2\/media?parent=223895"}],"wp:term":[{"taxonomy":"category","embeddable":true,"href":"https:\/\/www.europesays.com\/es\/wp-json\/wp\/v2\/categories?post=223895"},{"taxonomy":"post_tag","embeddable":true,"href":"https:\/\/www.europesays.com\/es\/wp-json\/wp\/v2\/tags?post=223895"}],"curies":[{"name":"wp","href":"https:\/\/api.w.org\/{rel}","templated":true}]}}