{"id":223903,"date":"2025-11-07T19:38:20","date_gmt":"2025-11-07T19:38:20","guid":{"rendered":"https:\/\/www.europesays.com\/es\/223903\/"},"modified":"2025-11-07T19:38:20","modified_gmt":"2025-11-07T19:38:20","slug":"esta-casa-en-aravaca-madrid-sorprende-por-sus-patios-interiores-su-interiorismo-con-color-y-muebles-de-diseno-y-su-jardin-de-estilo-silvestre","status":"publish","type":"post","link":"https:\/\/www.europesays.com\/es\/223903\/","title":{"rendered":"Esta casa en Aravaca, Madrid, sorprende por sus patios interiores, su interiorismo con color y muebles de dise\u00f1o y su jard\u00edn de estilo silvestre"},"content":{"rendered":"<p data-journey-content=\"true\" data-node-id=\"2\" class=\"body-dropcap css-z34acw emevuu60\">Una lecci\u00f3n de <strong data-node-id=\"2.1\">arquitectura racional, propia del movimiento moderno<\/strong>, dibuja este espectacular proyecto de vivienda nueva situada en la zona residencial de Aravaca, en Madrid. Un trabajo que traspasa muros y se muestra como paradigma de <strong data-node-id=\"2.3\"><a href=\"https:\/\/www.elledecor.com\/es\/arquitectura\/g40347845\/edificios-mas-sostenibles-mundo-eficiencia-energetica\/\" target=\"_blank\" data-vars-ga-outbound-link=\"https:\/\/www.elledecor.com\/es\/arquitectura\/g40347845\/edificios-mas-sostenibles-mundo-eficiencia-energetica\/\" data-vars-ga-ux-element=\"Hyperlink\" data-vars-ga-call-to-action=\"edificio sostenible\" data-node-id=\"2.3.0\" class=\"body-link css-15fjk10 emevuu60\" rel=\"nofollow noopener\">edificio sostenible<\/a> del s.XXI, donde la luz, la madera y el color se hacen con el protagonismo<\/strong>: \u00abTras la pandemia de 2020, los clientes acudieron a nuestro estudio buscando una arquitectura que les hiciera disfrutar de su hogar, la naturaleza y, sobre todo, que generase una interacci\u00f3n continua entre los miembros de la familia. Una manera de conectar profundamente tras una etapa de aislamiento\u00bb, nos explica el equipo del<strong data-node-id=\"2.5\"> estudio de arquitectura ABATON<\/strong>, quienes firman este proyecto con patios interiores y un jard\u00edn new perennial. En colaboraci\u00f3n con el estudio de decoraci\u00f3n <strong data-node-id=\"2.9\">La Californie<\/strong>, los interiores de la vivienda destacan por <strong data-node-id=\"2.11\">su puesta en escena vibrante<\/strong>, con<a href=\"https:\/\/www.elledecor.com\/es\/decoracion\/a44260442\/mejores-colores-habitaciones-casa\/\" target=\"_blank\" data-vars-ga-outbound-link=\"https:\/\/www.elledecor.com\/es\/decoracion\/a44260442\/mejores-colores-habitaciones-casa\/\" data-vars-ga-ux-element=\"Hyperlink\" data-vars-ga-call-to-action=\" propuestas de color \" data-node-id=\"2.13\" class=\"body-link css-15fjk10 emevuu60\" rel=\"nofollow noopener\"> propuestas de color <\/a> y muebles de dise\u00f1o que se disponen sobre un fondo c\u00e1lido, representado por la madera estructural de gran parte de la vivienda. <\/p>\n<p><img draggable=\"true\" alt=\"una casa moderna racionalista con mucho color del estudio abaton\" title=\"una casa moderna racionalista con mucho color del estudio abaton\" loading=\"lazy\" width=\"1904\" height=\"1270\" decoding=\"async\" data-nimg=\"1\" style=\"color:transparent;width:100%;height:auto;\"   src=\"https:\/\/www.europesays.com\/es\/wp-content\/uploads\/2025\/11\/abaton-casa-moderna-690879f289d00.jpg\" class=\"css-0 e1g79fud0\"\/><\/p>\n<p>Azul Viv\u00f3<\/p>\n<p><img draggable=\"true\" alt=\"una casa moderna racionalista con mucho color del estudio abaton\" title=\"una casa moderna racionalista con mucho color del estudio abaton\" loading=\"lazy\" width=\"2458\" height=\"1639\" decoding=\"async\" data-nimg=\"1\" style=\"color:transparent;width:100%;height:auto;\"   src=\"https:\/\/www.europesays.com\/es\/wp-content\/uploads\/2025\/11\/entrada-estudio-abaton-69087a3ce3ef9.jpg\" class=\"css-0 e1g79fud0\"\/><\/p>\n<p>Azul Viv\u00f3<\/p>\n<p data-journey-content=\"true\" data-node-id=\"7\" class=\"css-6wxqfj emevuu60\">La vivienda fue proyectada desde <strong data-node-id=\"7.1\">los principios de sostenibilidad <\/strong>de ABATON, buscando en paralelo una est\u00e9tica viva, emocionante y c\u00e1lida que respondiera a las necesidades y deseos de los due\u00f1os. As\u00ed, ABATON propuso una construcci\u00f3n en madera CLT, o capas de tablas de madera cruzadas \u2013el estudio es pionero en el dise\u00f1o y ejecuci\u00f3n de viviendas con estructuras de madera en Espa\u00f1a\u2013) <strong data-node-id=\"7.3\">,<\/strong><strong data-node-id=\"7.4\"> una distribuci\u00f3n impecable con ventilaci\u00f3n cruzada a trav\u00e9s de dos <a href=\"https:\/\/www.elledecor.com\/es\/decoracion\/a41165204\/patio-interior-ideas-decorar-aprovechar-espacio\/\" target=\"_blank\" data-vars-ga-outbound-link=\"https:\/\/www.elledecor.com\/es\/decoracion\/a41165204\/patio-interior-ideas-decorar-aprovechar-espacio\/\" data-vars-ga-ux-element=\"Hyperlink\" data-vars-ga-call-to-action=\"patios interiores\" data-node-id=\"7.4.1\" class=\"body-link css-15fjk10 emevuu60\" rel=\"nofollow noopener\">patios interiores<\/a> <\/strong>y, por \u00faltimo, un sistema de climatizaci\u00f3n de bajo impacto. <\/p>\n<p><img draggable=\"true\" alt=\"una casa moderna racionalista con mucho color del estudio abaton\" title=\"una casa moderna racionalista con mucho color del estudio abaton\" loading=\"lazy\" width=\"2421\" height=\"1615\" decoding=\"async\" data-nimg=\"1\" style=\"color:transparent;width:100%;height:auto;\"   src=\"https:\/\/www.europesays.com\/es\/wp-content\/uploads\/2025\/11\/jardin-cerramiento-estudio-abaton-69087a7696346.jpg\" class=\"css-0 e1g79fud0\"\/><\/p>\n<p>Azul Viv\u00f3<\/p>\n<p><img draggable=\"true\" alt=\"una casa moderna racionalista con mucho color del estudio abaton\" title=\"una casa moderna racionalista con mucho color del estudio abaton\" loading=\"lazy\" width=\"2405\" height=\"1604\" decoding=\"async\" data-nimg=\"1\" style=\"color:transparent;width:100%;height:auto;\"   src=\"https:\/\/www.europesays.com\/es\/wp-content\/uploads\/2025\/11\/cerramiento-salon-estudio-abaton-69087f52ad760.jpg\" class=\"css-0 e1g79fud0\"\/><\/p>\n<p>Azul Viv\u00f3<\/p>\n<blockquote data-theme-key=\"pullquote\" class=\"css-1eiql25 e1pe3zr91\">\n<blockquote class=\"css-an8ppt e1pe3zr90\"><p>Un patio interior introduce la naturaleza en el sal\u00f3n<\/p><\/blockquote>\n<\/blockquote>\n<p><img draggable=\"true\" alt=\"una casa moderna racionalista con mucho color del estudio abaton\" title=\"una casa moderna racionalista con mucho color del estudio abaton\" loading=\"lazy\" width=\"3071\" height=\"2048\" decoding=\"async\" data-nimg=\"1\" style=\"color:transparent;width:100%;height:auto;\"   src=\"https:\/\/www.europesays.com\/es\/wp-content\/uploads\/2025\/11\/salon-sofa-curvo-estudio-abaton-69087ab239a1f.jpg\" class=\"css-0 e1g79fud0\"\/><\/p>\n<p>Bel\u00e9n Imaz<\/p>\n<p><img draggable=\"true\" alt=\"una casa moderna racionalista con mucho color del estudio abaton\" title=\"una casa moderna racionalista con mucho color del estudio abaton\" loading=\"lazy\" width=\"1311\" height=\"1966\" decoding=\"async\" data-nimg=\"1\" style=\"color:transparent;width:100%;height:auto;\"   src=\"https:\/\/www.europesays.com\/es\/wp-content\/uploads\/2025\/11\/libreria-estudio-abaton-69087baf7d5ed.jpg\" class=\"css-0 e1g79fud0\"\/><\/p>\n<p>Bel\u00e9n Imaz<\/p>\n<p><img draggable=\"true\" alt=\"una casa moderna racionalista con mucho color del estudio abaton\" title=\"una casa moderna racionalista con mucho color del estudio abaton\" loading=\"lazy\" width=\"1545\" height=\"2316\" decoding=\"async\" data-nimg=\"1\" style=\"color:transparent;width:100%;height:auto;\"   src=\"https:\/\/www.europesays.com\/es\/wp-content\/uploads\/2025\/11\/librerias-chimenes-estudio-abaton-69087b483bf81.jpg\" class=\"css-0 e1g79fud0\"\/><\/p>\n<p>Azul Viv\u00f3<\/p>\n<p><img draggable=\"true\" alt=\"una casa moderna racionalista con mucho color del estudio abaton\" title=\"una casa moderna racionalista con mucho color del estudio abaton\" loading=\"lazy\" width=\"1558\" height=\"2335\" decoding=\"async\" data-nimg=\"1\" style=\"color:transparent;width:100%;height:auto;\"   src=\"https:\/\/www.europesays.com\/es\/wp-content\/uploads\/2025\/11\/libreria-butacaestudio-abaton-69087b72bfe57.jpg\" class=\"css-0 e1g79fud0\"\/><\/p>\n<p>Azul Viv\u00f3<\/p>\n<p><img draggable=\"true\" alt=\"una casa moderna racionalista con mucho color del estudio abaton\" title=\"una casa moderna racionalista con mucho color del estudio abaton\" loading=\"lazy\" width=\"1563\" height=\"2344\" decoding=\"async\" data-nimg=\"1\" style=\"color:transparent;width:100%;height:auto;\"   src=\"https:\/\/www.europesays.com\/es\/wp-content\/uploads\/2025\/11\/chimenea-estudio-abaton-69087ae9e90a4.jpg\" class=\"css-0 e1g79fud0\"\/><\/p>\n<p>Azul Viv\u00f3<\/p>\n<p><img draggable=\"true\" alt=\"una casa moderna racionalista con mucho color del estudio abaton\" title=\"una casa moderna racionalista con mucho color del estudio abaton\" loading=\"lazy\" width=\"1966\" height=\"1311\" decoding=\"async\" data-nimg=\"1\" style=\"color:transparent;width:100%;height:auto;\"   src=\"https:\/\/www.europesays.com\/es\/wp-content\/uploads\/2025\/11\/comedor-estudio-abaton-69087bf164f9c.jpg\" class=\"css-0 e1g79fud0\"\/><\/p>\n<p>Bel\u00e9n Imaz<\/p>\n<p><img draggable=\"true\" alt=\"una casa moderna racionalista con mucho color del estudio abaton\" title=\"una casa moderna racionalista con mucho color del estudio abaton\" loading=\"lazy\" width=\"1311\" height=\"1966\" decoding=\"async\" data-nimg=\"1\" style=\"color:transparent;width:100%;height:auto;\"   src=\"https:\/\/www.europesays.com\/es\/wp-content\/uploads\/2025\/11\/comedor-color-estudio-abaton-69087d267b50b.jpg\" class=\"css-0 e1g79fud0\"\/><\/p>\n<p>Bel\u00e9n Imaz<\/p>\n<p><img draggable=\"true\" alt=\"una casa moderna racionalista con mucho color del estudio abaton\" title=\"una casa moderna racionalista con mucho color del estudio abaton\" loading=\"lazy\" width=\"1311\" height=\"1966\" decoding=\"async\" data-nimg=\"1\" style=\"color:transparent;width:100%;height:auto;\"   src=\"https:\/\/www.europesays.com\/es\/wp-content\/uploads\/2025\/11\/despacho-estudio-abaton-69087c4db2d2c.jpg\" class=\"css-0 e1g79fud0\"\/><\/p>\n<p>Bel\u00e9n Imaz<\/p>\n<p data-journey-content=\"true\" data-node-id=\"20\" class=\"css-6wxqfj emevuu60\">La distribuci\u00f3n fue  una de las claves del \u00e9xito: \u00abSe trata un proyecto con <strong data-node-id=\"20.1\">un singular recorrido circular y abierto <\/strong>que busca fomentar la convivencia y la conexi\u00f3n con el exterior\u00bb. Mantiene <strong data-node-id=\"20.3\">d<\/strong><strong data-node-id=\"20.4\">os zonas diferenciadas que marcan los usos p\u00fablicos y privados de la casa<\/strong>. En una primera zona se localizan las estancias sociales, que ser\u00edan sal\u00f3n, comedor y<a href=\"https:\/\/www.elledecor.com\/es\/decoracion\/g44029804\/antecocina-zona-office-ideas-decoracion-modernas\/\" target=\"_blank\" data-vars-ga-outbound-link=\"https:\/\/www.elledecor.com\/es\/decoracion\/g44029804\/antecocina-zona-office-ideas-decoracion-modernas\/\" data-vars-ga-ux-element=\"Hyperlink\" data-vars-ga-call-to-action=\" cocina con office\" data-node-id=\"20.6\" class=\"body-link css-15fjk10 emevuu60\" rel=\"nofollow noopener\"> cocina con office<\/a>, que giran en torno a un patio ajardinado: \u00abLa intenci\u00f3n de este hueco central es permanecer abierto durante los meses c\u00e1lidos del a\u00f1o, generando nuevos recorridos a trav\u00e9s de \u00e9l y permitiendo la ventilaci\u00f3n cruzada entre todos los espacios\u00bb, explica ABATON.<strong data-node-id=\"20.8\"> El sal\u00f3n, con dos \u00e1reas, est\u00e1 presidido por una <a href=\"https:\/\/www.elledecor.com\/es\/decoracion\/a33632261\/libreria-salon-tendencias-ideas-decoracion\/\" target=\"_blank\" data-vars-ga-outbound-link=\"https:\/\/www.elledecor.com\/es\/decoracion\/a33632261\/libreria-salon-tendencias-ideas-decoracion\/\" data-vars-ga-ux-element=\"Hyperlink\" data-vars-ga-call-to-action=\"librer\u00eda de dise\u00f1o\" data-node-id=\"20.8.1\" class=\"body-link css-15fjk10 emevuu60\" rel=\"nofollow noopener\">librer\u00eda de dise\u00f1o<\/a> ideada por \u00c1BATON <\/strong>que flanquea la chimenea por las dos caras: \u00abEsta estructura no limita ni separa, sino que ejerce como filtro visual, remarcando cada estancia y otorgando al espacio una cualidad escult\u00f3rica y singular\u00bb. Adem\u00e1s <strong data-node-id=\"20.10\">el sal\u00f3n se prolonga por completo hacia el exterior a trav\u00e9s de un cerramiento de cristal<\/strong> que, al abrirse, se oculta en el muro. Este cristal permite aprovechar el calor del sol durante los meses de invierno.  Adem\u00e1s,<strong data-node-id=\"20.12\"> la madera CLT estructural de los paramentos verticales <\/strong>(un material de construcci\u00f3n compuesto por capas de tablas de madera cruzadas) y el pavimento fomentan la sensaci\u00f3n de conexi\u00f3n con lo natural. <\/p>\n<p><img draggable=\"true\" alt=\"una casa moderna racionalista con mucho color del estudio abaton\" title=\"una casa moderna racionalista con mucho color del estudio abaton\" loading=\"lazy\" width=\"1311\" height=\"1966\" decoding=\"async\" data-nimg=\"1\" style=\"color:transparent;width:100%;height:auto;\"   src=\"https:\/\/www.europesays.com\/es\/wp-content\/uploads\/2025\/11\/coina-ofiicce-estudio-abaton-69087d8a53b25.jpg\" class=\"css-0 e1g79fud0\"\/><\/p>\n<p>Bel\u00e9n Imaz<\/p>\n<p><img draggable=\"true\" alt=\"una casa moderna racionalista con mucho color del estudio abaton\" title=\"una casa moderna racionalista con mucho color del estudio abaton\" loading=\"lazy\" width=\"1311\" height=\"1966\" decoding=\"async\" data-nimg=\"1\" style=\"color:transparent;width:100%;height:auto;\"   src=\"https:\/\/www.europesays.com\/es\/wp-content\/uploads\/2025\/11\/office-estudio-abaton-69087dc30730c.jpg\" class=\"css-0 e1g79fud0\"\/><\/p>\n<p>Bel\u00e9n Imaz<\/p>\n<blockquote data-theme-key=\"pullquote\" class=\"css-1eiql25 e1pe3zr91\">\n<blockquote class=\"css-an8ppt e1pe3zr90\"><p>Una sala de juegos hace las veces de distribuidor de los dormitorios<\/p><\/blockquote>\n<\/blockquote>\n<p><img draggable=\"true\" alt=\"una casa moderna racionalista con mucho color del estudio abaton\" title=\"una casa moderna racionalista con mucho color del estudio abaton\" loading=\"lazy\" width=\"1311\" height=\"1966\" decoding=\"async\" data-nimg=\"1\" style=\"color:transparent;width:100%;height:auto;\"   src=\"https:\/\/www.europesays.com\/es\/wp-content\/uploads\/2025\/11\/salon-color-estudio-abaton-69087e16c81a6.jpg\" class=\"css-0 e1g79fud0\"\/><\/p>\n<p>Bel\u00e9n Imaz<\/p>\n<p><img draggable=\"true\" alt=\"una casa moderna racionalista con mucho color del estudio abaton\" title=\"una casa moderna racionalista con mucho color del estudio abaton\" loading=\"lazy\" width=\"1311\" height=\"1966\" decoding=\"async\" data-nimg=\"1\" style=\"color:transparent;width:100%;height:auto;\"   src=\"https:\/\/www.europesays.com\/es\/wp-content\/uploads\/2025\/11\/salon-colores-estudio-abaton-69087e792ee28.jpg\" class=\"css-0 e1g79fud0\"\/><\/p>\n<p>Bel\u00e9n Imaz<\/p>\n<p data-journey-content=\"true\" data-node-id=\"29\" class=\"css-6wxqfj emevuu60\">Unidos a este volumen principal, a trav\u00e9s de una puerta oculta en el muro de madera, se localiza la zona m\u00e1s privada y de descanso de la vivienda: <strong data-node-id=\"29.1\">u<\/strong><strong data-node-id=\"29.2\">na luminosa sala de juegos para los ni\u00f1os, con doble altura de techos, que funciona a su vez como distribuidor <\/strong>que da paso al dormitorio principal y las tres <a href=\"https:\/\/www.elledecor.com\/es\/decoracion\/a46020212\/como-decorar-habitacion-infantil-pequena\/\" target=\"_blank\" data-vars-ga-outbound-link=\"https:\/\/www.elledecor.com\/es\/decoracion\/a46020212\/como-decorar-habitacion-infantil-pequena\/\" data-vars-ga-ux-element=\"Hyperlink\" data-vars-ga-call-to-action=\"habitaciones infantiles\" data-node-id=\"29.4\" class=\"body-link css-15fjk10 emevuu60\" rel=\"nofollow noopener\">habitaciones infantiles<\/a> con sus ba\u00f1os. La suite de la pareja se compone de un amplio vestidor incorporado al espacio de cuarto de  ba\u00f1o y que gira en torno a un segundo patio interior ajardinado. <\/p>\n<p><img draggable=\"true\" alt=\"una casa moderna racionalista con mucho color del estudio abaton\" title=\"una casa moderna racionalista con mucho color del estudio abaton\" loading=\"lazy\" width=\"1966\" height=\"1311\" decoding=\"async\" data-nimg=\"1\" style=\"color:transparent;width:100%;height:auto;\"   src=\"https:\/\/www.europesays.com\/es\/wp-content\/uploads\/2025\/11\/dormitorio-chiffonier-estudio-abaton-69087eba7ae74.jpg\" class=\"css-0 e1g79fud0\"\/><\/p>\n<p>Bel\u00e9n Imaz<\/p>\n<p><img draggable=\"true\" alt=\"una casa moderna racionalista con mucho color del estudio abaton\" title=\"una casa moderna racionalista con mucho color del estudio abaton\" loading=\"lazy\" width=\"1311\" height=\"1966\" decoding=\"async\" data-nimg=\"1\" style=\"color:transparent;width:100%;height:auto;\"   src=\"https:\/\/www.europesays.com\/es\/wp-content\/uploads\/2025\/11\/patio-interior-ban-era-estudio-abaton-69087ee1475dc.jpg\" class=\"css-0 e1g79fud0\"\/><\/p>\n<p>Bel\u00e9n Imaz<\/p>\n<p><img draggable=\"true\" alt=\"una casa moderna racionalista con mucho color del estudio abaton\" title=\"una casa moderna racionalista con mucho color del estudio abaton\" loading=\"lazy\" width=\"1600\" height=\"1200\" decoding=\"async\" data-nimg=\"1\" style=\"color:transparent;width:100%;height:auto;\"   src=\"https:\/\/www.europesays.com\/es\/wp-content\/uploads\/2025\/11\/dormitorio-infantil-escritorio-estudio-abaton-69087f0a45aa7.jpg\" class=\"css-0 e1g79fud0\"\/><\/p>\n<p>Paula C\u00e1rdenas<\/p>\n<p data-journey-content=\"true\" data-node-id=\"34\" class=\"css-6wxqfj emevuu60\">Por \u00faltimo destacar\u00edamos el espectacular <strong data-node-id=\"34.1\">proyecto de paisajismo<\/strong><strong data-node-id=\"34.2\"> new perennial movement<\/strong>, que presenta un dise\u00f1o de apariencia silvestre y mantiene color y texturas todo el a\u00f1o: \u00abAdem\u00e1s dialoga con los materiales naturales del interior de la vivienda, la madera CLT estructural vista, y las expresivas piezas de interiorismo donde el color juga un papel principal en toda la vivienda\u00bb.<\/p>\n<p><img draggable=\"true\" alt=\"una casa moderna racionalista con mucho color del estudio abaton\" title=\"una casa moderna racionalista con mucho color del estudio abaton\" loading=\"lazy\" width=\"1966\" height=\"1311\" decoding=\"async\" data-nimg=\"1\" style=\"color:transparent;width:100%;height:auto;\"   src=\"https:\/\/www.europesays.com\/es\/wp-content\/uploads\/2025\/11\/piscina-estudio-abaton-69087f99c2b6a.jpg\" class=\"css-0 e1g79fud0\"\/><\/p>\n<p>Bel\u00e9n Imaz<\/p>\n<blockquote data-theme-key=\"pullquote\" class=\"css-1eiql25 e1pe3zr91\">\n<blockquote class=\"css-an8ppt e1pe3zr90\"><p>Un pabell\u00f3n de piscina pone la guinda al jard\u00edn New Perennial<\/p><\/blockquote>\n<\/blockquote>\n<p><img draggable=\"true\" alt=\"una casa moderna racionalista con mucho color del estudio abaton\" title=\"una casa moderna racionalista con mucho color del estudio abaton\" loading=\"lazy\" width=\"1639\" height=\"2458\" decoding=\"async\" data-nimg=\"1\" style=\"color:transparent;width:100%;height:auto;\"   src=\"https:\/\/www.europesays.com\/es\/wp-content\/uploads\/2025\/11\/piscina-porche-estudio-abaton-69087fde5c372.jpg\" class=\"css-0 e1g79fud0\"\/><\/p>\n<p>Bel\u00e9n Imaz<\/p>\n<p><img draggable=\"true\" alt=\"una casa moderna racionalista con mucho color del estudio abaton\" title=\"Una casa moderna racionalista con mucho color del estudio Abaton\" loading=\"lazy\" width=\"2048\" height=\"3071\" decoding=\"async\" data-nimg=\"1\" style=\"color:transparent;width:100%;height:auto;\"   src=\"https:\/\/www.europesays.com\/es\/wp-content\/uploads\/2025\/11\/estudio-abaton-69085bdd7c8db.jpg\" class=\"css-0 e1g79fud0\"\/>Fotos: Bel\u00e9n Imaz. Estilismos: Amaya de Toledo<\/p>\n<p>De izquierda a derecha: Susana Beltr\u00e1n y Elena Ayuso (de La Californie) y Blanca Mar\u00edas (Arquitecto Director en \u00c1BATON) . Sentada, Camino Alonso  (Directora Creativa de \u00c1BATON).<\/p>\n<p data-journey-content=\"true\" data-node-id=\"40\" class=\"css-6wxqfj emevuu60\"><strong data-node-id=\"40.0.0\">Proyecto de arquitectura, interiorismo, paisajismo y construcci\u00f3n: \u00c1BATON <\/strong><strong data-node-id=\"40.0.1\">Decoraci\u00f3n: La Californie <br data-node-id=\"40.0.1.1\"\/><\/strong><strong data-node-id=\"40.0.2\">Fotos: Bel\u00e9n Imaz, Azul Viv\u00f3 y Paula C\u00e1rdenas. <br data-node-id=\"40.0.2.1\"\/>Estilismo: Amaya de Toledo.<\/strong><\/p>\n<p data-journey-content=\"true\" data-node-id=\"42\" class=\"css-6wxqfj emevuu60\"><a href=\"https:\/\/abaton.es\/\" target=\"_blank\" rel=\"nofollow noopener\" data-vars-ga-outbound-link=\"https:\/\/abaton.es\/\" data-vars-ga-ux-element=\"Hyperlink\" data-vars-ga-call-to-action=\"www.abaton.es\" data-node-id=\"42.0.0\" class=\"body-link css-15fjk10 emevuu60\">www.abaton.es<\/a><\/p>\n<p data-journey-content=\"true\" data-node-id=\"44\" class=\"css-6wxqfj emevuu60\"><a href=\"https:\/\/lacalifornie.es\/\" target=\"_blank\" rel=\"nofollow noopener\" data-vars-ga-outbound-link=\"https:\/\/lacalifornie.es\/\" data-vars-ga-ux-element=\"Hyperlink\" data-vars-ga-call-to-action=\"www.lacalifornie.es\" data-node-id=\"44.0\" class=\"body-link css-15fjk10 emevuu60\">www.lacalifornie.es<\/a><\/p>\n<p><img src=\"https:\/\/www.europesays.com\/es\/wp-content\/uploads\/2025\/11\/1762544300_444_882c5372-60ec-4b62-a60a-c341658650f9_1660891498.file\" alt=\"Headshot of Gema Marcos\" title=\"Headshot of Gema Marcos\" width=\"100%\" height=\"100%\" decoding=\"async\" loading=\"lazy\" class=\"css-o0wq4v ev8dhu53\"\/><\/p>\n<p>\u00a0Gema Marcos es periodista y est\u00e1 especializada en temas de decoraci\u00f3n, dise\u00f1o, arquitectura y hoteles. Licenciada en Ciencia de la Informaci\u00f3n por la Universidad Complutense de Madrid, ha trabajado muchos a\u00f1os en la redacci\u00f3n de revistas de interiorismo y estilo de vida.\u00a0<\/p>\n<p>\u00a0En la cabecera Nuevo Estilo es donde se form\u00f3 y adquiri\u00f3 sus conocimientos sobre el mundo de interiores. Entrevistar a decoradores y arquitectos del panorama nacional, viajar a las ferias europeas de dise\u00f1o y acudir cada semana a ruedas de prensa de las marcas de muebles le ayudaron a conocer m\u00e1s a fondo el mundo del interiorismo. Adem\u00e1s tuvo la suerte de coordinar la secci\u00f3n hoteles de esa revista, lo que le permiti\u00f3 entender mejor el funcionamiento y la puesta en escena de algunos de los mejores hoteles de Espa\u00f1a y Europa.\u00a0<\/p>\n<p>\u00a0Actualmente es freelance y colabora para nuestras revistas Elle Decor y Nuevo Estilo, adem\u00e1s de llevar la comunicaci\u00f3n y difusi\u00f3n en medios de algunos estudios de interiorismo nacionales. Le gusta su trabajo y disfruta escribiendo sobre proyectos de viviendas, contract, artesan\u00eda y viajes. En realidad el mundo de la decoraci\u00f3n le ha atra\u00eddo desde que era peque\u00f1a&#8230; Sabe que rodearse de cosas bonitas es algo esencial para estar contentos cada d\u00eda.\u00a0<\/p>\n<p>\u00a0Gema se divierte descubriendo nuevos alojamientos y localizando objetos curiosos en tiendas y almonedas que le inspiran, adem\u00e1s, a la hora de escribir. Le encanta cambiar y mover los muebles de casa cada dos por tres, encender la chimenea, pasar horas en la cocina y abrir un vino en compa\u00f1\u00eda. Prefiere el invierno al verano y le gustan m\u00e1s los potajes que el gazpacho. Su lugar favorito es Villarrube, su pueblecito materno.\u00a0<\/p>\n","protected":false},"excerpt":{"rendered":"Una lecci\u00f3n de arquitectura racional, propia del movimiento moderno, dibuja este espectacular proyecto de vivienda nueva situada en&hellip;\n","protected":false},"author":2,"featured_media":223904,"comment_status":"","ping_status":"","sticky":false,"template":"","format":"standard","meta":{"footnotes":""},"categories":[173],"tags":[229,233,231,230,232,253,234,146,147,25,24,23],"class_list":{"0":"post-223903","1":"post","2":"type-post","3":"status-publish","4":"format-standard","5":"has-post-thumbnail","7":"category-arte-y-diseno","8":"tag-arte","9":"tag-arte-y-diseno","10":"tag-arts","11":"tag-arts-and-design","12":"tag-design","13":"tag-discover","14":"tag-diseno","15":"tag-entertainment","16":"tag-entretenimiento","17":"tag-es","18":"tag-espana","19":"tag-spain"},"share_on_mastodon":{"url":"https:\/\/pubeurope.com\/@es\/115510110680628616","error":""},"_links":{"self":[{"href":"https:\/\/www.europesays.com\/es\/wp-json\/wp\/v2\/posts\/223903","targetHints":{"allow":["GET"]}}],"collection":[{"href":"https:\/\/www.europesays.com\/es\/wp-json\/wp\/v2\/posts"}],"about":[{"href":"https:\/\/www.europesays.com\/es\/wp-json\/wp\/v2\/types\/post"}],"author":[{"embeddable":true,"href":"https:\/\/www.europesays.com\/es\/wp-json\/wp\/v2\/users\/2"}],"replies":[{"embeddable":true,"href":"https:\/\/www.europesays.com\/es\/wp-json\/wp\/v2\/comments?post=223903"}],"version-history":[{"count":0,"href":"https:\/\/www.europesays.com\/es\/wp-json\/wp\/v2\/posts\/223903\/revisions"}],"wp:featuredmedia":[{"embeddable":true,"href":"https:\/\/www.europesays.com\/es\/wp-json\/wp\/v2\/media\/223904"}],"wp:attachment":[{"href":"https:\/\/www.europesays.com\/es\/wp-json\/wp\/v2\/media?parent=223903"}],"wp:term":[{"taxonomy":"category","embeddable":true,"href":"https:\/\/www.europesays.com\/es\/wp-json\/wp\/v2\/categories?post=223903"},{"taxonomy":"post_tag","embeddable":true,"href":"https:\/\/www.europesays.com\/es\/wp-json\/wp\/v2\/tags?post=223903"}],"curies":[{"name":"wp","href":"https:\/\/api.w.org\/{rel}","templated":true}]}}