{"id":223934,"date":"2025-11-07T20:06:09","date_gmt":"2025-11-07T20:06:09","guid":{"rendered":"https:\/\/www.europesays.com\/es\/223934\/"},"modified":"2025-11-07T20:06:09","modified_gmt":"2025-11-07T20:06:09","slug":"el-simbolico-grafiti-de-una-reconciliacion-por-ahora-imposible","status":"publish","type":"post","link":"https:\/\/www.europesays.com\/es\/223934\/","title":{"rendered":"el simb\u00f3lico grafiti de una reconciliaci\u00f3n (por ahora) imposible"},"content":{"rendered":"\n<p>  07\/11\/2025 &#8211; 17:52  Actualizado: 07\/11\/2025 &#8211; 17:52   <\/p>\n<ul class=\"bodyList bodyList--unordered\">\n<li class=\"bodyList__item\"><a href=\"https:\/\/www.elconfidencial.com\/espana\/aragon\/2025-10-17\/profanan-basilica-pilar-abeja-fachada-1qrt-1tna_4230440\/\" target=\"_self\" rel=\"nofollow noopener\">Profanan la Bas\u00edlica del Pilar: aparece una abeja esculpida en la fachada del templo y buscan al \u2018Banksy\u2019 de Zaragoza<\/a><\/li>\n<li class=\"bodyList__item\"><a href=\"https:\/\/profile.google.com\/cp\/CgsvZy8xMjI2ZzRoMA\" target=\"_self\" rel=\"nofollow noopener\">Sigue a El Confidencial en Google Discover para enterarte de todas las noticias<\/a><\/li>\n<\/ul>\n<p> Un beso imposible ha sorprendido a los viandantes de <strong>Pamplona<\/strong>. En una de las paredes laterales de la antigua estaci\u00f3n de autobuses ha aparecido un mural donde <strong>Amaia Montero y Leire Mart\u00ednez se besan <\/strong>apasionadamente, <strong>una imagen tan inesperada como simb\u00f3lica<\/strong>. La obra, firmada por el <strong>artista urbano LKN<\/strong>, conocido como el Banksy navarro, ha despertado curiosidad y debate en redes sociales, justo en el momento en que <a href=\"https:\/\/www.elconfidencial.com\/cultura\/2025-10-15\/vuelve-la-oreja-van-gogh-amaia-montero-salida-leire_4227819\/\" target=\"_self\" rel=\"nofollow noopener\">la donostiarra vuelve a ser la vocalista de La Oreja de Van Gogh<\/a>. <\/p>\n<p> La pintura muestra a ambas cantantes <strong>abrazadas, fundidas en un beso, vestidas de blanco<\/strong> y con un fondo gris que potencia la intensidad de la escena. El autor, que mantiene su identidad en el anonimato, ha titulado la obra <strong>Deseo de cosas imposibles<\/strong>, un gui\u00f1o directo a <strong>una de las canciones m\u00e1s emblem\u00e1ticas del grupo vasco<\/strong>. \u201cHe querido reflejar <strong>una situaci\u00f3n idealizada<\/strong>, algo que muchos imaginan, pero nadie sabe si ha ocurrido\u201d, explic\u00f3 el artista, que lleva a\u00f1os llenando de color las calles de Navarra. <\/p>\n<p> El mural no solo ha llamado la atenci\u00f3n por su est\u00e9tica, sino tambi\u00e9n por el contexto que lo rodea. LKN asegura que la inspiraci\u00f3n surgi\u00f3 tras conocerse la noticia del regreso de Amaia Montero a la banda, despu\u00e9s de la <a href=\"https:\/\/www.elconfidencial.com\/cultura\/2024-10-14\/despedida-leire-martinez-concierto-la-oreja-de-van-gogh_3982782\/\" target=\"_self\" rel=\"nofollow noopener\">salida de Leire Mart\u00ednez<\/a>, que fue su vocalista durante diecisiete a\u00f1os. \u201c<strong>Crec\u00ed con su m\u00fasica y me emociona ver que vuelven a los escenarios<\/strong>\u201d, reconoci\u00f3 el artista, que ya hab\u00eda dedicado un mural a Amaia en San Sebasti\u00e1n en 2023. <\/p>\n<p>            La vuelta de Amaia Montero a La Oreja de Van Gogh           <\/p>\n<p> La historia de <a href=\"https:\/\/www.laorejadevangogh.com\/\" target=\"_self\" rel=\"nofollow noopener\"><strong>La Oreja de Van Gogh<\/strong><\/a> comenz\u00f3 a <strong>finales de los 90<\/strong> en San Sebasti\u00e1n, cuando un grupo de amigos universitarios form\u00f3 <strong>una de las bandas m\u00e1s exitosas del pop espa\u00f1ol<\/strong>. Durante una d\u00e9cada, <strong>Amaia Montero fue su voz<\/strong> <strong>hasta su salida en 2007<\/strong>, momento en el que emprendi\u00f3 carrera en solitario<strong>,<\/strong> dejando un <strong>legado de himnos<\/strong> como Rosas, Puedes contar conmigo o La playa, por citar unos pocos. <\/p>\n<p>              <img decoding=\"async\" class=\"inTextNews__img\" alt=\"Foto: la-oreja-van-gogh-amaia-montero-1hms\" src=\"https:\/\/www.europesays.com\/es\/wp-content\/uploads\/2025\/11\/f.elconfidencial.com\/original\/d05\/09e\/07f\/d0509e07f048ca4d6dddecee83fe7e50.jpg\"  \/>     <\/p>\n<p>TE PUEDE INTERESAR<\/p>\n<p>      <a class=\"inTextNews__title\" href=\"https:\/\/www.elconfidencial.com\/cultura\/2025-10-18\/la-oreja-van-gogh-amaia-montero-1hms_4229484\/\" onclick=\"window.ECCO.emit(&#039;amplitude&#039;, { dataEventName: &#039;click_related_article_module&#039;, data: { related_article_url: &#039;https:\/\/www.elconfidencial.com\/cultura\/2025-10-18\/la-oreja-van-gogh-amaia-montero-1hms_4229484\/&#039;, related_article_author: &#039;Eva Sebasti\u00e1n&#039;, related_article_section: &#039;cultura&#039; } })\" rel=\"nofollow noopener\" target=\"_blank\"> La reina y la otra: un karaoke sentimental llamado La Oreja de Van Gogh <\/a>   <\/p>\n<p>    Eva Sebasti\u00e1n   <\/p>\n<p> Tras su marcha, <strong>Leire Mart\u00ednez tom\u00f3 el relevo<\/strong> con la dif\u00edcil tarea de continuar el legado de la banda. Durante su etapa, el grupo mantuvo el \u00e9xito con discos como <strong>A las cinco en el Astoria<\/strong> o <strong>Cometas por el cielo<\/strong>, consolidando su propia identidad sin renunciar a la esencia original. Sin embargo, en <strong>2024<\/strong>, Mart\u00ednez <strong>anunci\u00f3 su salida del grupo<\/strong>, asegurando que estaba centrada en su carrera en solitario y que no har\u00eda declaraciones al respecto. <\/p>\n<p class=\"bodyObject bodyBlockquote\">El mural de LKN llega como un s\u00edmbolo ficticio de paz entre las dos etapas del grupo y simboliza la reconciliaci\u00f3n entre dos generaciones de fans<\/p>\n<p> <strong>Un a\u00f1o despu\u00e9s<\/strong>, tras muchos rumores, <strong>se confirm\u00f3 la noticia de la vuelta de Amaia con el grupo<\/strong>, algo que sacudi\u00f3 la escena musical espa\u00f1ola. El regreso gener\u00f3 expectaci\u00f3n y nostalgia entre los seguidores, que agotaron las entradas de los <a href=\"https:\/\/www.elconfidencial.com\/cultura\/2025-10-17\/concierto-oreja-van-gogh-espana-fechas-1qrt_4227891\/\" target=\"_self\" rel=\"nofollow noopener\">primeros conciertos programados<\/a> en minutos. Las redes se llenaron de <strong>mensajes divididos entre la emoci\u00f3n por el regreso de la voz original y el cari\u00f1o hacia Leire<\/strong>, que siempre mantuvo un perfil discreto. <\/p>\n","protected":false},"excerpt":{"rendered":"07\/11\/2025 &#8211; 17:52 Actualizado: 07\/11\/2025 &#8211; 17:52 Profanan la Bas\u00edlica del Pilar: aparece una abeja esculpida en la&hellip;\n","protected":false},"author":2,"featured_media":223935,"comment_status":"","ping_status":"","sticky":false,"template":"","format":"standard","meta":{"footnotes":""},"categories":[173],"tags":[229,233,231,230,232,234,146,147,25,24,23],"class_list":{"0":"post-223934","1":"post","2":"type-post","3":"status-publish","4":"format-standard","5":"has-post-thumbnail","7":"category-arte-y-diseno","8":"tag-arte","9":"tag-arte-y-diseno","10":"tag-arts","11":"tag-arts-and-design","12":"tag-design","13":"tag-diseno","14":"tag-entertainment","15":"tag-entretenimiento","16":"tag-es","17":"tag-espana","18":"tag-spain"},"share_on_mastodon":{"url":"https:\/\/pubeurope.com\/@es\/115510220141427925","error":""},"_links":{"self":[{"href":"https:\/\/www.europesays.com\/es\/wp-json\/wp\/v2\/posts\/223934","targetHints":{"allow":["GET"]}}],"collection":[{"href":"https:\/\/www.europesays.com\/es\/wp-json\/wp\/v2\/posts"}],"about":[{"href":"https:\/\/www.europesays.com\/es\/wp-json\/wp\/v2\/types\/post"}],"author":[{"embeddable":true,"href":"https:\/\/www.europesays.com\/es\/wp-json\/wp\/v2\/users\/2"}],"replies":[{"embeddable":true,"href":"https:\/\/www.europesays.com\/es\/wp-json\/wp\/v2\/comments?post=223934"}],"version-history":[{"count":0,"href":"https:\/\/www.europesays.com\/es\/wp-json\/wp\/v2\/posts\/223934\/revisions"}],"wp:featuredmedia":[{"embeddable":true,"href":"https:\/\/www.europesays.com\/es\/wp-json\/wp\/v2\/media\/223935"}],"wp:attachment":[{"href":"https:\/\/www.europesays.com\/es\/wp-json\/wp\/v2\/media?parent=223934"}],"wp:term":[{"taxonomy":"category","embeddable":true,"href":"https:\/\/www.europesays.com\/es\/wp-json\/wp\/v2\/categories?post=223934"},{"taxonomy":"post_tag","embeddable":true,"href":"https:\/\/www.europesays.com\/es\/wp-json\/wp\/v2\/tags?post=223934"}],"curies":[{"name":"wp","href":"https:\/\/api.w.org\/{rel}","templated":true}]}}