{"id":223946,"date":"2025-11-07T20:13:08","date_gmt":"2025-11-07T20:13:08","guid":{"rendered":"https:\/\/www.europesays.com\/es\/223946\/"},"modified":"2025-11-07T20:13:08","modified_gmt":"2025-11-07T20:13:08","slug":"me-ha-hecho-mucha-ilusion-que-se-haya-recibido-con-ganas","status":"publish","type":"post","link":"https:\/\/www.europesays.com\/es\/223946\/","title":{"rendered":"Me ha hecho mucha ilusi\u00f3n que se haya recibido con ganas"},"content":{"rendered":"<p>07\/11\/2025 a las 20:48h.<\/p>\n<p class=\"voc-save-news__paragraph\">Esta funcionalidad es s\u00f3lo para suscriptores<\/p>\n<p><a href=\"https:\/\/secure.abc.es\/suscripcion#vca=suscribete&amp;vso=abc&amp;vmc=on&amp;vli=comentarios-btn-flujo\" data-voc-vtm-id=\"comienzoSuscripcionON\" data-voc-vtm-info=\"btncomentar\" class=\"voc-btn voc-btn--w voc-btn--xs voc-save-news__btn\" rel=\"nofollow noopener\" target=\"_blank\"><br \/>\nSuscribete<br \/>\n<\/a><\/p>\n<p class=\"voc-p\" style=\"\">Rosal\u00eda, agradecida con la gran acogida que ha tenido su disco &#8216;LUX&#8217;: \u00abO sea, me ha sorprendido mucho que la gente ten\u00eda muchas ganas. Me ha hecho mucha ilusi\u00f3n que la gente lo haya recibido con tantas ganas. Muchas gracias, muchas ganas, muy contenta, muy  &#8230; feliz, muy agradecida y nada feliz de poder cantar hoy aqu\u00ed\u00bb. Rosal\u00eda evita desvelar si en su disco hay indirectas hacia Rauw Alejandro. Total a Rosal\u00eda-\tBienvenida a Espa\u00f1a. Enhorabuena por el disco.-\t\u00bfHoy te presentas con nosotros, no pod\u00eda ser en otro sitio?-\tLa verdad que si, estoy muy contenta de estar aqu\u00ed, de venir a cantar y con mucha alegr\u00eda y con mucha ilusi\u00f3n.-\tRosal\u00eda, simplemente darte la enhorabuena por tu disco que se ha estrenado hoy. \u00bfC\u00f3mo est\u00e1s? \u00bfQu\u00e9 significa estrenarlo aqu\u00ed en Valencia y c\u00f3mo est\u00e1s t\u00fa? Enhorabuena.-\tPues es un honor estrenarlo aqu\u00ed. Muy contenta.-\t\u00bfEst\u00e1s feliz con el estreno, te esperaba esta acogida?-\tO sea, me ha sorprendido mucho que la gente ten\u00eda muchas ganas. Me ha hecho mucha ilusi\u00f3n que la gente lo haya recibido con tantas ganas. Muchas gracias, muchas ganas, muy contenta, muy feliz, muy agradecida y nada feliz de poder cantar hoy aqu\u00ed.-\t\u00bfDicen que eran unos zascas para Rauw Alejandro? \u00bfEs cierto o no?-\t()<\/p>\n<p>\nArt\u00edculo solo para suscriptores\n<\/p>\n<p>Reportar un error<\/p>\n<p class=\"voc-save-news__paragraph\">Esta funcionalidad es s\u00f3lo para suscriptores<\/p>\n<p><a href=\"https:\/\/secure.abc.es\/suscripcion#vca=suscribete&amp;vso=abc&amp;vmc=on&amp;vli=comentarios-btn-flujo\" data-voc-vtm-id=\"comienzoSuscripcionON\" data-voc-vtm-info=\"btncomentar\" class=\"voc-btn voc-btn--w voc-btn--xs voc-save-news__btn\" rel=\"nofollow noopener\" target=\"_blank\"><br \/>\nSuscribete<br \/>\n<\/a><\/p>\n","protected":false},"excerpt":{"rendered":"07\/11\/2025 a las 20:48h. Esta funcionalidad es s\u00f3lo para suscriptores Suscribete Rosal\u00eda, agradecida con la gran acogida que&hellip;\n","protected":false},"author":2,"featured_media":223947,"comment_status":"","ping_status":"","sticky":false,"template":"","format":"standard","meta":{"footnotes":""},"categories":[91],"tags":[146,147,25,24,1055,12835,3814,52523,13896,4147,23,575],"class_list":{"0":"post-223946","1":"post","2":"type-post","3":"status-publish","4":"format-standard","5":"has-post-thumbnail","7":"category-entretenimiento","8":"tag-entertainment","9":"tag-entretenimiento","10":"tag-es","11":"tag-espana","12":"tag-estreno","13":"tag-ganas","14":"tag-ilusion","15":"tag-lux","16":"tag-recibido","17":"tag-rosalia","18":"tag-spain","19":"tag-tras"},"share_on_mastodon":{"url":"https:\/\/pubeurope.com\/@es\/115510247569855176","error":""},"_links":{"self":[{"href":"https:\/\/www.europesays.com\/es\/wp-json\/wp\/v2\/posts\/223946","targetHints":{"allow":["GET"]}}],"collection":[{"href":"https:\/\/www.europesays.com\/es\/wp-json\/wp\/v2\/posts"}],"about":[{"href":"https:\/\/www.europesays.com\/es\/wp-json\/wp\/v2\/types\/post"}],"author":[{"embeddable":true,"href":"https:\/\/www.europesays.com\/es\/wp-json\/wp\/v2\/users\/2"}],"replies":[{"embeddable":true,"href":"https:\/\/www.europesays.com\/es\/wp-json\/wp\/v2\/comments?post=223946"}],"version-history":[{"count":0,"href":"https:\/\/www.europesays.com\/es\/wp-json\/wp\/v2\/posts\/223946\/revisions"}],"wp:featuredmedia":[{"embeddable":true,"href":"https:\/\/www.europesays.com\/es\/wp-json\/wp\/v2\/media\/223947"}],"wp:attachment":[{"href":"https:\/\/www.europesays.com\/es\/wp-json\/wp\/v2\/media?parent=223946"}],"wp:term":[{"taxonomy":"category","embeddable":true,"href":"https:\/\/www.europesays.com\/es\/wp-json\/wp\/v2\/categories?post=223946"},{"taxonomy":"post_tag","embeddable":true,"href":"https:\/\/www.europesays.com\/es\/wp-json\/wp\/v2\/tags?post=223946"}],"curies":[{"name":"wp","href":"https:\/\/api.w.org\/{rel}","templated":true}]}}