{"id":223999,"date":"2025-11-07T21:02:14","date_gmt":"2025-11-07T21:02:14","guid":{"rendered":"https:\/\/www.europesays.com\/es\/223999\/"},"modified":"2025-11-07T21:02:14","modified_gmt":"2025-11-07T21:02:14","slug":"estilo-escandinavo-5-casas-luminosas-y-elegantes-que-confirman-por-que-sigue-siendo-el-rey-del-interiorismo","status":"publish","type":"post","link":"https:\/\/www.europesays.com\/es\/223999\/","title":{"rendered":"Estilo escandinavo: 5 casas luminosas y elegantes que confirman por qu\u00e9 sigue siendo el rey del interiorismo"},"content":{"rendered":"<p><strong>Estilo escandinavo: 5 pisos con que nos recuerdan por qu\u00e9 esta decoraci\u00f3n sigue siendo la reina del interiorismo.<\/strong><\/p>\n<p><strong>Los pa\u00edses n\u00f3rdicos llevan d\u00e9cadas marcando tendencia en el <a href=\"https:\/\/www.revistaad.es\/tags\/diseno\" isautogenerated=\"true\" rel=\"nofollow noopener\" target=\"_blank\">dise\u00f1o<\/a> de interiores<\/strong>. No es casualidad que algunas de las piezas m\u00e1s ic\u00f3nicas \u2013sillones, <a href=\"https:\/\/www.revistaad.es\/tags\/lamparas\" isautogenerated=\"true\" rel=\"nofollow noopener\" target=\"_blank\">l\u00e1mparas<\/a> o <a href=\"https:\/\/www.revistaad.es\/tags\/vajillas\" isautogenerated=\"true\" rel=\"nofollow noopener\" target=\"_blank\">vajillas<\/a>\u2013 hayan nacido en Dinamarca, Suecia o Finlandia. Firmas legendarias como Marimekko, Georg Jensen o Louis Poulsen han alcanzado el estatus de culto, mientras que <a href=\"https:\/\/www.revistaad.es\/tags\/marcas\" isautogenerated=\"true\" rel=\"nofollow noopener\" target=\"_blank\">marcas<\/a> m\u00e1s j\u00f3venes como Hay o Muuto contin\u00faan reinterpretando ese legado con un lenguaje contempor\u00e1neo. Y, por supuesto, <a href=\"https:\/\/www.revistaad.es\/tags\/ikea\" isautogenerated=\"true\" rel=\"nofollow noopener\" target=\"_blank\">IKEA<\/a>, que ha llevado el dise\u00f1o escandinavo a hogares de todo el mundo, convirti\u00e9ndolo en algo tan accesible como universal.<\/p>\n<p>\u00bfPero qu\u00e9 hace tan especial al estilo escandinavo? La respuesta est\u00e1 en su aparente sencillez. <strong>Espacios luminosos, l\u00edneas puras y materiales naturales<\/strong> son sus se\u00f1as de identidad. La paleta crom\u00e1tica se mueve entre los tonos neutros \u2013blancos, beiges, grises suaves\u2013, matizados a veces por ligeros acentos pastel. La madera, omnipresente, no solo aporta calidez: tambi\u00e9n estructura el espacio, recubre paredes y techos y crea esa sensaci\u00f3n de armon\u00eda tan caracter\u00edstica del norte.<\/p>\n<p><img decoding=\"async\" alt=\"Una lmpara vintage de Castiglioni y dos taburetes vintage Pin de Pascal Boyer dan carcter a la zona de la entrada en la...\" loading=\"lazy\" class=\"ResponsiveImageContainer-eNxvmU cfBbTk responsive-image__image\"   src=\"https:\/\/www.europesays.com\/es\/wp-content\/uploads\/2025\/11\/undefined.jpeg\"\/><\/p>\n<p>Una l\u00e1mpara vintage de Castiglioni y dos taburetes vintage Pin de Pascal Boyer dan car\u00e1cter a la zona de la entrada en la casa de Annalise Taft-Gerstens y James Gerstens. En el sal\u00f3n contiguo, dos obras gr\u00e1ficas de Sam Still destacan sobre la pared pintada en Silver Satin de Benjamin Moore.<\/p>\n<p><strong>5 interiores de estilo escandinavo que te encantar\u00e1n por su sencillez y calidez<\/strong><\/p>\n<p>Si hay algo que define al estilo escandinavo es su funcionalidad. <strong>Cada pieza cumple un prop\u00f3sito, sin exceso ni artificio<\/strong>, fiel a esa filosof\u00eda que apuesta por lo esencial frente a la ostentaci\u00f3n. Un modo de entender la vida \u2013y el dise\u00f1o\u2013 que ha conquistado hogares en todo el mundo. En esta selecci\u00f3n, AD recorre 5 viviendas de Europa y <a href=\"https:\/\/www.revistaad.es\/tags\/estados-unidos\" isautogenerated=\"true\" rel=\"nofollow noopener\" target=\"_blank\">Estados Unidos<\/a> que reinterpretan el esp\u00edritu n\u00f3rdico con elegancia y sencillez.<\/p>\n<p>1. La casa de verano de Annalise Taft-Gerstens y James Gerstens en Long Island<\/p>\n<p><img decoding=\"async\" alt=\"La casa de verano de los Hamptons est revestida de tejas de madera y se ha renovado de arriba abajo para transformarla...\" loading=\"lazy\" class=\"ResponsiveImageContainer-eNxvmU cfBbTk responsive-image__image\"   src=\"https:\/\/www.europesays.com\/es\/wp-content\/uploads\/2025\/11\/1762549334_68_undefined.jpeg\"\/><\/p>\n<p>La casa de verano de los Hamptons est\u00e1 revestida de tejas de madera y se ha renovado de arriba abajo para transformarla en la residencia principal de la pareja. La casa cuenta con una encantadora zona exterior con una hoguera, amueblada con tumbonas Adirondack de Loll Design.<\/p>\n","protected":false},"excerpt":{"rendered":"Estilo escandinavo: 5 pisos con que nos recuerdan por qu\u00e9 esta decoraci\u00f3n sigue siendo la reina del interiorismo.&hellip;\n","protected":false},"author":2,"featured_media":224000,"comment_status":"","ping_status":"","sticky":false,"template":"","format":"standard","meta":{"footnotes":""},"categories":[173],"tags":[229,233,231,230,1530,232,234,146,147,25,24,23],"class_list":{"0":"post-223999","1":"post","2":"type-post","3":"status-publish","4":"format-standard","5":"has-post-thumbnail","7":"category-arte-y-diseno","8":"tag-arte","9":"tag-arte-y-diseno","10":"tag-arts","11":"tag-arts-and-design","12":"tag-casas-ad","13":"tag-design","14":"tag-diseno","15":"tag-entertainment","16":"tag-entretenimiento","17":"tag-es","18":"tag-espana","19":"tag-spain"},"share_on_mastodon":{"url":"https:\/\/pubeurope.com\/@es\/115510440332409467","error":""},"_links":{"self":[{"href":"https:\/\/www.europesays.com\/es\/wp-json\/wp\/v2\/posts\/223999","targetHints":{"allow":["GET"]}}],"collection":[{"href":"https:\/\/www.europesays.com\/es\/wp-json\/wp\/v2\/posts"}],"about":[{"href":"https:\/\/www.europesays.com\/es\/wp-json\/wp\/v2\/types\/post"}],"author":[{"embeddable":true,"href":"https:\/\/www.europesays.com\/es\/wp-json\/wp\/v2\/users\/2"}],"replies":[{"embeddable":true,"href":"https:\/\/www.europesays.com\/es\/wp-json\/wp\/v2\/comments?post=223999"}],"version-history":[{"count":0,"href":"https:\/\/www.europesays.com\/es\/wp-json\/wp\/v2\/posts\/223999\/revisions"}],"wp:featuredmedia":[{"embeddable":true,"href":"https:\/\/www.europesays.com\/es\/wp-json\/wp\/v2\/media\/224000"}],"wp:attachment":[{"href":"https:\/\/www.europesays.com\/es\/wp-json\/wp\/v2\/media?parent=223999"}],"wp:term":[{"taxonomy":"category","embeddable":true,"href":"https:\/\/www.europesays.com\/es\/wp-json\/wp\/v2\/categories?post=223999"},{"taxonomy":"post_tag","embeddable":true,"href":"https:\/\/www.europesays.com\/es\/wp-json\/wp\/v2\/tags?post=223999"}],"curies":[{"name":"wp","href":"https:\/\/api.w.org\/{rel}","templated":true}]}}