{"id":224015,"date":"2025-11-07T21:12:10","date_gmt":"2025-11-07T21:12:10","guid":{"rendered":"https:\/\/www.europesays.com\/es\/224015\/"},"modified":"2025-11-07T21:12:10","modified_gmt":"2025-11-07T21:12:10","slug":"shein-se-libra-por-ahora-de-suspension-en-francia-pero-sigue-bajo-vigilancia","status":"publish","type":"post","link":"https:\/\/www.europesays.com\/es\/224015\/","title":{"rendered":"Shein se libra por ahora de suspensi\u00f3n en Francia, pero sigue bajo vigilancia"},"content":{"rendered":"<p>    <img src=\"https:\/\/www.europesays.com\/es\/wp-content\/uploads\/2025\/11\/2025-11-07T203A243A43Z-90299413.jpg\" width=\"1024\" height=\"682\" alt=\"\" loading=\"eager\" decoding=\"sync\" fetchpriority=\"high\"\/><\/p>\n<p>            afp_tickers        <\/p>\n<p>        Este contenido fue publicado en    <\/p>\n<p>        07 noviembre 2025 &#8211; 21:24\n<\/p>\n<p>La plataforma de comercio electr\u00f3nico Shein se libr\u00f3 hasta ahora de una suspensi\u00f3n en Francia tras eliminar todos los productos il\u00edcitos de su sitio web, aunque sigue bajo \u00abestrecha vigilancia\u00bb, anunci\u00f3 este viernes el gobierno franc\u00e9s.<\/p>\n<p>Las autoridades del pa\u00eds europeo dieron el mi\u00e9rcoles 48 horas a la plataforma para retirar productos \u00abprohibidos\u00bb de su portal, despu\u00e9s del descubrimiento de mu\u00f1ecas sexuales con apariencia infantil y armas de categor\u00eda A.<\/p>\n<p>El gobierno franc\u00e9s anunci\u00f3 el viernes en un comunicado que consigui\u00f3 \u00abla supresi\u00f3n por parte de Shein de todos los productos il\u00edcitos vendidos en su plataforma\u00bb.<\/p>\n<p>La plataforma asi\u00e1tica decidi\u00f3 para ello suspender su \u00abmarketplace\u00bb, donde terceras partes pueden ofrecer sus productos en l\u00ednea.<\/p>\n<p>La empresa, fundada en China y con sede en Singapur, abri\u00f3 el mi\u00e9rcoles en Par\u00eds su primera tienda f\u00edsica permanente en el mundo.<\/p>\n<p>Pero la compa\u00f1\u00eda se encuentra bajo presi\u00f3n en Francia. Una nueva reuni\u00f3n est\u00e1 prevista la pr\u00f3xima semana para evaluar la situaci\u00f3n a petici\u00f3n del primer ministro, S\u00e9bastien Lecornu.<\/p>\n<p>Shein no est\u00e1 fuera de peligro, ya que la plataforma sigue \u00abbajo estrecha vigilancia\u00bb de las autoridades p\u00fablicas, mientras contin\u00faan los procedimientos judiciales en su contra.<\/p>\n<p>El Ministerio del Interior franc\u00e9s recurri\u00f3 el viernes al tribunal judicial de Par\u00eds con el objetivo de \u00abponer fin a los graves da\u00f1os al orden p\u00fablico causados por las repetidas deficiencias de Shein\u00bb, anunci\u00f3 el gobierno.\u00a0<\/p>\n<p>La fiscal\u00eda de Par\u00eds tambi\u00e9n anunci\u00f3 el lunes que encarg\u00f3 investigaciones no solo sobre Shein, sino sobre las plataformas AliExpress, Temu y Wish.\u00a0<\/p>\n<p>Las investigaciones se centran en la \u00abdifusi\u00f3n de mensajes violentos, pornogr\u00e1ficos o contrarios a la dignidad accesibles a menores\u00bb.\u00a0<\/p>\n<p>En el caso de Shein y AliExpress, incluyen la \u00abdifusi\u00f3n de im\u00e1genes o representaciones de menores con car\u00e1cter pornogr\u00e1fico\u00bb.<\/p>\n<p>Francia tambi\u00e9n est\u00e1 tratando de actuar a nivel europeo y el jueves pidi\u00f3 a la Comisi\u00f3n Europea que sancionara a Shein.<\/p>\n<p>ac-ole-cnc-aor\/jbo\/sag\/an<\/p>\n","protected":false},"excerpt":{"rendered":"afp_tickers Este contenido fue publicado en 07 noviembre 2025 &#8211; 21:24 La plataforma de comercio electr\u00f3nico Shein se&hellip;\n","protected":false},"author":2,"featured_media":224016,"comment_status":"","ping_status":"","sticky":false,"template":"","format":"standard","meta":{"footnotes":""},"categories":[42],"tags":[33132,17,18,82,30343,2804,9396,7655,5797,83,84,7656,13,14,4437,11,61,62,85,63,14688,86,64,19,20,7657,7658,87,5798,9,10,15,16,4444,88,58158,36618,5603,7659,5799,2005,58159,90,12,21,22,51304,65,66,67],"class_list":{"0":"post-224015","1":"post","2":"type-post","3":"status-publish","4":"format-standard","5":"has-post-thumbnail","7":"category-internacional","8":"tag-antitrust-issue","9":"tag-breaking-news","10":"tag-breakingnews","11":"tag-business","12":"tag-children","13":"tag-civil","14":"tag-company-information","15":"tag-consumer-goods","16":"tag-culture","17":"tag-diplomacy","18":"tag-economy-general","19":"tag-electronic-commerce","20":"tag-featured-news","21":"tag-featurednews","22":"tag-government","23":"tag-headlines","24":"tag-internacional","25":"tag-international","26":"tag-international-foreign-trade","27":"tag-international-news","28":"tag-international-organisation","29":"tag-international-relations","30":"tag-internationalnews","31":"tag-latest-news","32":"tag-latestnews","33":"tag-law-and-order","34":"tag-laws","35":"tag-macro-economics","36":"tag-mass-media","37":"tag-news","38":"tag-noticias","39":"tag-noticias-destacadas","40":"tag-noticiasdestacadas","41":"tag-people","42":"tag-politics","43":"tag-pornography","44":"tag-process-industry","45":"tag-religion","46":"tag-retail","47":"tag-social-issues-general","48":"tag-society","49":"tag-textile-and-clothing","50":"tag-ticker","51":"tag-titulares","52":"tag-ultimas-noticias","53":"tag-ultimasnoticias","54":"tag-values","55":"tag-world","56":"tag-world-news","57":"tag-worldnews"},"share_on_mastodon":{"url":"","error":"Validation failed: Text character limit of 500 exceeded"},"_links":{"self":[{"href":"https:\/\/www.europesays.com\/es\/wp-json\/wp\/v2\/posts\/224015","targetHints":{"allow":["GET"]}}],"collection":[{"href":"https:\/\/www.europesays.com\/es\/wp-json\/wp\/v2\/posts"}],"about":[{"href":"https:\/\/www.europesays.com\/es\/wp-json\/wp\/v2\/types\/post"}],"author":[{"embeddable":true,"href":"https:\/\/www.europesays.com\/es\/wp-json\/wp\/v2\/users\/2"}],"replies":[{"embeddable":true,"href":"https:\/\/www.europesays.com\/es\/wp-json\/wp\/v2\/comments?post=224015"}],"version-history":[{"count":0,"href":"https:\/\/www.europesays.com\/es\/wp-json\/wp\/v2\/posts\/224015\/revisions"}],"wp:featuredmedia":[{"embeddable":true,"href":"https:\/\/www.europesays.com\/es\/wp-json\/wp\/v2\/media\/224016"}],"wp:attachment":[{"href":"https:\/\/www.europesays.com\/es\/wp-json\/wp\/v2\/media?parent=224015"}],"wp:term":[{"taxonomy":"category","embeddable":true,"href":"https:\/\/www.europesays.com\/es\/wp-json\/wp\/v2\/categories?post=224015"},{"taxonomy":"post_tag","embeddable":true,"href":"https:\/\/www.europesays.com\/es\/wp-json\/wp\/v2\/tags?post=224015"}],"curies":[{"name":"wp","href":"https:\/\/api.w.org\/{rel}","templated":true}]}}