{"id":224056,"date":"2025-11-07T21:59:14","date_gmt":"2025-11-07T21:59:14","guid":{"rendered":"https:\/\/www.europesays.com\/es\/224056\/"},"modified":"2025-11-07T21:59:14","modified_gmt":"2025-11-07T21:59:14","slug":"mvrdv-inicia-la-construccion-del-campus-de-inteligencia-artificial-del-parque-de-innovacion-en-heilbronn-alemania","status":"publish","type":"post","link":"https:\/\/www.europesays.com\/es\/224056\/","title":{"rendered":"MVRDV inicia la construcci\u00f3n del Campus de Inteligencia Artificial del Parque de Innovaci\u00f3n en Heilbronn, Alemania"},"content":{"rendered":"<p><a class=\"js-image-size__link \" href=\"https:\/\/www.archdaily.cl\/cl\/1035486\/mvrdv-inicia-la-construccion-del-campus-de-inteligencia-artificial-del-parque-de-innovacion-en-heilbronn-alemania\/68ff380c5fe9ba0188d9f719-mvrdv-breaks-ground-on-the-innovation-park-artificial-intelligence-campus-in-heilbronn-germany-photo\" rel=\"attachment nofollow noopener\" style=\"width: 100%; height: 100%;\" target=\"_blank\"><img decoding=\"async\" alt=\"MVRDV inicia la construcci\u00f3n del Campus de Inteligencia Artificial del Parque de Innovaci\u00f3n en Heilbronn, Alemania - Imagen 1 de 17\" data-nr-picture-id=\"68ff380c5fe9ba0188d9f719\" fetchpriority=\"high\" height=\"453\" itemprop=\"image\" loading=\"eager\" longdesc=\"https:\/\/www.archdaily.cl\/cl\/1035486\/mvrdv-inicia-la-construccion-del-campus-de-inteligencia-artificial-del-parque-de-innovacion-en-heilbronn-alemania\/68ff380c5fe9ba0188d9f719-mvrdv-breaks-ground-on-the-innovation-park-artificial-intelligence-campus-in-heilbronn-germany-photo\" src=\"https:\/\/www.europesays.com\/es\/wp-content\/uploads\/2025\/11\/mvrdv-breaks-ground-on-the-innovation-park-artificial-intelligence-campus-in-heilbronn-germany_3.jpg\" style=\"min-height: var(--featured-height, auto); aspect-ratio: auto 640 \/ 453\" width=\"640\"\/><\/a>Campus IPAI. Imagen \u00a9 IPAI \/ MVRDV \/ Vivid<\/p>\n<p>    Compartir<\/p>\n<p>Compartir<\/p>\n<ul class=\"afd-share__networks clearfix\">\n<li class=\"afd-share__social\"><a aria-label=\"Facebook\" class=\"afd-share__button\" data-insights-category=\"share\" data-insights-label=\"facebook_sharing_options\" data-insights-value=\"1035486\" data-social=\"facebook\" href=\"https:\/\/www.facebook.com\/sharer\/sharer.php?u=https:\/\/www.archdaily.cl\/cl\/1035486\/mvrdv-inicia-la-construccion-del-campus-de-inteligencia-artificial-del-parque-de-innovacion-en-heilbronn-alemania\" rel=\"nofollow noopener\" target=\"_blank\"><\/a>\n<p>Facebook<\/p>\n<\/li>\n<li class=\"afd-share__social\"><a aria-label=\"Twitter\" class=\"afd-share__button\" data-insights-category=\"share\" data-insights-label=\"twitter_sharing_options\" data-insights-value=\"1035486\" data-social=\"twitter\" href=\"https:\/\/twitter.com\/intent\/tweet?text=MVRDV%20inicia%20la%20construcci%C3%B3n%20del%20Campus%20de%20Inteligencia%20Artificial%20del%20Parque%20de%20Innovaci%C3%B3n%20en%20Heilbronn%2C%20Alemania&amp;url=https:\/\/www.archdaily.cl\/cl\/1035486\/mvrdv-inicia-la-construccion-del-campus-de-inteligencia-artificial-del-parque-de-innovacion-en-heilbronn-alemania&amp;via=parq\" rel=\"nofollow noopener\" target=\"_blank\"><\/a>\n<p>Twitter<\/p>\n<\/li>\n<li class=\"afd-share__social\"><a class=\"afd-share__button\" data-insights-category=\"share\" data-insights-label=\"email_sharing_options\" data-insights-value=\"1035486\" data-social=\"email\" href=\"mailto:?subject=MVRDV inicia la construcci\u00f3n del Campus de Inteligencia Artificial del Parque de Innovaci\u00f3n en Heilbronn, Alemania&amp;body=https:\/\/www.archdaily.cl\/cl\/1035486\/mvrdv-inicia-la-construccion-del-campus-de-inteligencia-artificial-del-parque-de-innovacion-en-heilbronn-alemania\"><\/a>\n<p>Mail<\/p>\n<\/li>\n<li class=\"afd-share__social\"><a aria-label=\"Pinterest\" class=\"afd-share__button\" data-insights-category=\"share\" data-insights-label=\"pinterest_sharing_options\" data-insights-value=\"1035486\" data-social=\"pinterest\" href=\"https:\/\/pinterest.com\/pin\/create\/button\/?url=https%3A%2F%2Fwww.archdaily.cl%2Fcl%2F1035486%2Fmvrdv-inicia-la-construccion-del-campus-de-inteligencia-artificial-del-parque-de-innovacion-en-heilbronn-alemania&amp;media=https%3A%2F%2Fimages.adsttc.com%2Fmedia%2Fimages%2F68ff%2F380c%2F5fe9%2Fba01%2F88d9%2Ff719%2Flarge_jpg%2Fmvrdv-breaks-ground-on-the-innovation-park-artificial-intelligence-campus-in-heilbronn-germany_3.jpg%3F1761556534&amp;description=MVRDV%20inicia%20la%20construcci%C3%B3n%20del%20Campus%20de%20Inteligencia%20Artificial%20del%20Parque%20de%20Innovaci%C3%B3n%20en%20Heilbronn%2C%20Alemania\" rel=\"nofollow noopener\" target=\"_blank\"><\/a>\n<p>Pinterest<\/p>\n<\/li>\n<li class=\"afd-share__social\"><a aria-label=\"Whatsapp\" class=\"afd-share__button\" data-action=\"share\/whatsapp\/share\" data-insights-category=\"share\" data-insights-label=\"whatsapp_sharing_options\" data-insights-value=\"1035486\" data-social=\"whatsapp\" href=\"whatsapp:\/\/send?text=MVRDV+inicia+la+construcci%C3%B3n+del+Campus+de+Inteligencia+Artificial+del+Parque+de+Innovaci%C3%B3n+en+Heilbronn%2C+Alemania+%7C+https%3A%2F%2Fwww.archdaily.cl%2Fcl%2F1035486%2Fmvrdv-inicia-la-construccion-del-campus-de-inteligencia-artificial-del-parque-de-innovacion-en-heilbronn-alemania%3Futm_source%3DWhatsapp%26utm_medium%3DIM%26utm_campaign%3Dshare-button\" rel=\"nofollow\"><\/a>\n<p>Whatsapp<\/p>\n<\/li>\n<\/ul>\n<p>O<\/p>\n<p>https:\/\/www.archdaily.cl\/cl\/1035486\/mvrdv-inicia-la-construccion-del-campus-de-inteligencia-artificial-del-parque-de-innovacion-en-heilbronn-alemania<\/p>\n<p>  Portapapeles<\/p>\n<p>              \u00abCOPY\u00bb<\/p>\n<p>Copiar<\/p>\n<p><a href=\"https:\/\/www.archdaily.com\/tag\/breaking-ground\" rel=\"nofollow noopener\" target=\"_blank\">La construcci\u00f3n ha comenzado<\/a> en <a href=\"https:\/\/www.archdaily.cl\/cl\/1002375\/mvrdv-gana-el-concurso-para-disenar-un-nuevo-campus-de-inteligencia-artificial-en-heilbronn-alemania\" target=\"_blank\" rel=\"noopener nofollow\">el Campus de Inteligencia Artificial del Parque de Innovaci\u00f3n (IPAI)<\/a> en <a href=\"https:\/\/www.archdaily.cl\/cl\/tag\/heilbronn\" target=\"_blank\" rel=\"noopener nofollow\">Heilbronn<\/a>, <a href=\"https:\/\/www.archdaily.cl\/cl\/country\/alemania\" target=\"_blank\" rel=\"noopener nofollow\">Alemania<\/a>, dise\u00f1ado por la firma de arquitectura <a href=\"https:\/\/www.archdaily.cl\/cl\/tag\/holanda\" target=\"_blank\" rel=\"noopener nofollow\">holandesa<\/a> <a href=\"https:\/\/www.archdaily.cl\/cl\/office\/mvrdv\" target=\"_blank\" rel=\"noopener nofollow\">MVRDV<\/a>. Desarrollado por el Konsortium IPAI, que incluye al Estado de Baden-W\u00fcrttemberg, la Fundaci\u00f3n Dieter Schwarz, Schwarz Gruppe y la Ciudad de <a href=\"https:\/\/www.archdaily.cl\/cl\/tag\/heilbronn\" target=\"_blank\" rel=\"noopener nofollow\">Heilbronn<\/a>, el campus de 30 hect\u00e1reas est\u00e1 concebido como un centro internacional para m\u00e1s de 5,000 profesionales que avanzan en soluciones innovadoras y responsables de <a href=\"https:\/\/www.archdaily.cl\/cl\/tag\/inteligencia-artificial\" target=\"_blank\" rel=\"noopener nofollow\">IA<\/a>. Centrado en principios de apertura, <a href=\"https:\/\/www.archdaily.cl\/cl\/tag\/colaboracion\" target=\"_blank\" rel=\"noopener nofollow\">colaboraci\u00f3n<\/a> y <a href=\"https:\/\/www.archdaily.cl\/cl\/tag\/sostenibilidad\" target=\"_blank\" rel=\"noopener nofollow\">sostenibilidad<\/a>, el proyecto busca integrar <a href=\"https:\/\/www.archdaily.cl\/cl\/tag\/espacios-de-trabajo\" target=\"_blank\" rel=\"noopener nofollow\">espacios de trabajo<\/a>, <a href=\"https:\/\/www.archdaily.cl\/cl\/tag\/espacios-publicos\" target=\"_blank\" rel=\"noopener nofollow\">espacios p\u00fablicos<\/a> e <a href=\"https:\/\/www.archdaily.cl\/cl\/tag\/investigacion\" target=\"_blank\" rel=\"noopener nofollow\">instalaciones de investigaci\u00f3n<\/a>, estableciendo un entorno donde <a href=\"https:\/\/www.archdaily.cl\/cl\/tag\/tecnologia\" target=\"_blank\" rel=\"noopener nofollow\">la tecnolog\u00eda<\/a> y la interacci\u00f3n humana coexistan.<\/p>\n<p class=\"thumbs afd-desktop-e clearfix\"><a class=\"thumbs__link\" data-nr-picture-id=\"68ff36ed5fe9ba0188d9f710\" href=\"https:\/\/www.archdaily.cl\/cl\/1035486\/mvrdv-inicia-la-construccion-del-campus-de-inteligencia-artificial-del-parque-de-innovacion-en-heilbronn-alemania\/68ff36ed5fe9ba0188d9f710-mvrdv-breaks-ground-on-the-innovation-park-artificial-intelligence-campus-in-heilbronn-germany-photo\" rel=\"attachment nofollow noopener\" target=\"_blank\"><img loading=\"lazy\" decoding=\"async\" alt=\"MVRDV inicia la construcci\u00f3n del Campus de Inteligencia Artificial del Parque de Innovaci\u00f3n en Heilbronn, Alemania - Imagen 2 de 17\" class=\"thumbs__img b-lazy\" data-nr-picture-id=\"68ff36ed5fe9ba0188d9f710\" data-pin-nopin=\"true\" src=\"https:\/\/www.europesays.com\/es\/wp-content\/uploads\/2025\/11\/mvrdv-breaks-ground-on-the-innovation-park-artificial-intelligence-campus-in-heilbronn-germany_11.jp.jpeg\" height=\"125\" longdesc=\"https:\/\/www.archdaily.cl\/cl\/1035486\/mvrdv-inicia-la-construccion-del-campus-de-inteligencia-artificial-del-parque-de-innovacion-en-heilbronn-alemania\/68ff36ed5fe9ba0188d9f710-mvrdv-breaks-ground-on-the-innovation-park-artificial-intelligence-campus-in-heilbronn-germany-photo\" title=\"Campus IPAI. Imagen \u00a9 IPAI \/ MVRDV\" width=\"125\"\/><\/a><a class=\"thumbs__link\" data-nr-picture-id=\"68ff38085fe9ba0188d9f718\" href=\"https:\/\/www.archdaily.cl\/cl\/1035486\/mvrdv-inicia-la-construccion-del-campus-de-inteligencia-artificial-del-parque-de-innovacion-en-heilbronn-alemania\/68ff38085fe9ba0188d9f718-mvrdv-breaks-ground-on-the-innovation-park-artificial-intelligence-campus-in-heilbronn-germany-photo\" rel=\"attachment nofollow noopener\" target=\"_blank\"><img loading=\"lazy\" decoding=\"async\" alt=\"MVRDV inicia la construcci\u00f3n del Campus de Inteligencia Artificial del Parque de Innovaci\u00f3n en Heilbronn, Alemania - Imagen 3 de 17\" class=\"thumbs__img b-lazy\" data-nr-picture-id=\"68ff38085fe9ba0188d9f718\" data-pin-nopin=\"true\" src=\"https:\/\/www.europesays.com\/es\/wp-content\/uploads\/2025\/11\/mvrdv-breaks-ground-on-the-innovation-park-artificial-intelligence-campus-in-heilbronn-germany_5.jpg\" height=\"125\" longdesc=\"https:\/\/www.archdaily.cl\/cl\/1035486\/mvrdv-inicia-la-construccion-del-campus-de-inteligencia-artificial-del-parque-de-innovacion-en-heilbronn-alemania\/68ff38085fe9ba0188d9f718-mvrdv-breaks-ground-on-the-innovation-park-artificial-intelligence-campus-in-heilbronn-germany-photo\" title=\"Campus IPAI. Imagen \u00a9 IPAI \/ MVRDV \/ Vivid\" width=\"125\"\/><\/a><a class=\"thumbs__link\" data-nr-picture-id=\"68ff38075fe9ba0188d9f717\" href=\"https:\/\/www.archdaily.cl\/cl\/1035486\/mvrdv-inicia-la-construccion-del-campus-de-inteligencia-artificial-del-parque-de-innovacion-en-heilbronn-alemania\/68ff38075fe9ba0188d9f717-mvrdv-breaks-ground-on-the-innovation-park-artificial-intelligence-campus-in-heilbronn-germany-photo\" rel=\"attachment nofollow noopener\" target=\"_blank\"><img loading=\"lazy\" decoding=\"async\" alt=\"MVRDV inicia la construcci\u00f3n del Campus de Inteligencia Artificial del Parque de Innovaci\u00f3n en Heilbronn, Alemania - Imagen 4 de 17\" class=\"thumbs__img b-lazy\" data-nr-picture-id=\"68ff38075fe9ba0188d9f717\" data-pin-nopin=\"true\" src=\"https:\/\/www.europesays.com\/es\/wp-content\/uploads\/2025\/11\/mvrdv-breaks-ground-on-the-innovation-park-artificial-intelligence-campus-in-heilbronn-germany_2.jpg\" height=\"125\" longdesc=\"https:\/\/www.archdaily.cl\/cl\/1035486\/mvrdv-inicia-la-construccion-del-campus-de-inteligencia-artificial-del-parque-de-innovacion-en-heilbronn-alemania\/68ff38075fe9ba0188d9f717-mvrdv-breaks-ground-on-the-innovation-park-artificial-intelligence-campus-in-heilbronn-germany-photo\" title=\"Campus IPAI. Imagen \u00a9 IPAI \/ MVRDV \/ Vivid\" width=\"125\"\/><\/a><a class=\"thumbs__link\" data-nr-picture-id=\"68ff38005fe9ba0188d9f715\" href=\"https:\/\/www.archdaily.cl\/cl\/1035486\/mvrdv-inicia-la-construccion-del-campus-de-inteligencia-artificial-del-parque-de-innovacion-en-heilbronn-alemania\/68ff38005fe9ba0188d9f715-mvrdv-breaks-ground-on-the-innovation-park-artificial-intelligence-campus-in-heilbronn-germany-photo\" rel=\"attachment nofollow noopener\" target=\"_blank\"><img loading=\"lazy\" decoding=\"async\" alt=\"MVRDV inicia la construcci\u00f3n del Campus de Inteligencia Artificial del Parque de Innovaci\u00f3n en Heilbronn, Alemania - Imagen 5 de 17\" class=\"thumbs__img b-lazy\" data-nr-picture-id=\"68ff38005fe9ba0188d9f715\" data-pin-nopin=\"true\" src=\"https:\/\/www.europesays.com\/es\/wp-content\/uploads\/2025\/11\/mvrdv-breaks-ground-on-the-innovation-park-artificial-intelligence-campus-in-heilbronn-germany_4.jpg\" height=\"125\" longdesc=\"https:\/\/www.archdaily.cl\/cl\/1035486\/mvrdv-inicia-la-construccion-del-campus-de-inteligencia-artificial-del-parque-de-innovacion-en-heilbronn-alemania\/68ff38005fe9ba0188d9f715-mvrdv-breaks-ground-on-the-innovation-park-artificial-intelligence-campus-in-heilbronn-germany-photo\" title=\"Campus IPAI. Imagen \u00a9 IPAI \/ MVRDV \/ Vivid\" width=\"125\"\/><\/a><a class=\"gallery-link afd-desktop-e\" href=\"https:\/\/www.archdaily.cl\/cl\/1035486\/mvrdv-inicia-la-construccion-del-campus-de-inteligencia-artificial-del-parque-de-innovacion-en-heilbronn-alemania\/68ff380c5fe9ba0188d9f719-mvrdv-breaks-ground-on-the-innovation-park-artificial-intelligence-campus-in-heilbronn-germany-photo\" rel=\"nofollow noopener\" target=\"_blank\"><img decoding=\"async\" alt=\"MVRDV inicia la construcci\u00f3n del Campus de Inteligencia Artificial del Parque de Innovaci\u00f3n en Heilbronn, Alemania - M\u00e1s Im\u00e1genes\" class=\"thumbs__img b-lazy\" src=\"https:\/\/www.europesays.com\/es\/wp-content\/uploads\/2025\/11\/mvrdv-breaks-ground-on-the-innovation-park-artificial-intelligence-campus-in-heilbronn-germany_3.jpg\" itemprop=\"image\" bad-src=\"data:image\/gif;base64,R0lGODlhAQABAIAAAAUEBAAAACwAAAAAAQABAAACAkQBADs=\"\/>+ 12<\/a><\/p>\n<p><a class=\"js-image-size__link lazy-anchor\" href=\"https:\/\/www.archdaily.cl\/cl\/1035486\/mvrdv-inicia-la-construccion-del-campus-de-inteligencia-artificial-del-parque-de-innovacion-en-heilbronn-alemania\/68ff36ed5fe9ba0188d9f710-mvrdv-breaks-ground-on-the-innovation-park-artificial-intelligence-campus-in-heilbronn-germany-photo\" rel=\"nofollow noopener\" target=\"_blank\"><img decoding=\"async\" alt=\"MVRDV inicia la construcci\u00f3n del Campus de Inteligencia Artificial del Parque de Innovaci\u00f3n en Heilbronn, Alemania - Imagen 2 de 17\" data-nr-picture-id=\"68ff36ed5fe9ba0188d9f710\" height=\"427\" itemprop=\"image\" loading=\"lazy\" longdesc=\"https:\/\/www.archdaily.cl\/cl\/1035486\/mvrdv-inicia-la-construccion-del-campus-de-inteligencia-artificial-del-parque-de-innovacion-en-heilbronn-alemania\/68ff36ed5fe9ba0188d9f710-mvrdv-breaks-ground-on-the-innovation-park-artificial-intelligence-campus-in-heilbronn-germany-photo\" src=\"https:\/\/www.europesays.com\/es\/wp-content\/uploads\/2025\/11\/1762552752_998_mvrdv-breaks-ground-on-the-innovation-park-artificial-intelligence-campus-in-heilbronn-germany_11.jp.jpeg\" width=\"640\"\/>Campus IPAI. Imagen \u00a9 IPAI \/ MVRDV<\/a><\/p>\n<p>El <a href=\"https:\/\/www.archdaily.cl\/cl\/tag\/plan-maestro\" target=\"_blank\" rel=\"noopener nofollow\">plan maestro<\/a> de <a href=\"https:\/\/www.archdaily.cl\/cl\/tag\/mvrdv\" target=\"_blank\" rel=\"noopener nofollow\">MVRDV<\/a> est\u00e1 estructurado en torno a un dise\u00f1o circular intersectado por dos ejes descentrados. Concibe un entorno <a href=\"https:\/\/www.archdaily.cl\/cl\/tag\/uso-mixto\" target=\"_blank\" rel=\"noopener nofollow\">de usos mixtos<\/a> con <a href=\"https:\/\/www.archdaily.cl\/cl\/tag\/laboratorios\" target=\"_blank\" rel=\"noopener nofollow\">laboratorios<\/a>, <a href=\"https:\/\/www.archdaily.cl\/cl\/tag\/oficinas\" target=\"_blank\" rel=\"noopener nofollow\">oficinas<\/a>, <a href=\"https:\/\/www.archdaily.cl\/cl\/tag\/viviendas\" target=\"_blank\" rel=\"noopener nofollow\">viviendas<\/a> y un centro cultural central dise\u00f1ado para involucrar al p\u00fablico. La primera fase de <a href=\"https:\/\/www.archdaily.cl\/cl\/tag\/construccion\" target=\"_blank\" rel=\"noopener nofollow\">construcci\u00f3n<\/a> establecer\u00e1 el n\u00facleo del <a href=\"https:\/\/www.archdaily.cl\/cl\/tag\/campus\" target=\"_blank\" rel=\"noopener nofollow\">campus<\/a>, con <a href=\"https:\/\/www.archdaily.cl\/cl\/tag\/edificios\" target=\"_blank\" rel=\"noopener nofollow\">edificios<\/a> clave como el centro de comunicaciones, <a href=\"https:\/\/www.archdaily.cl\/cl\/tag\/restaurant\" target=\"_blank\" rel=\"noopener nofollow\">restaurante<\/a>, centro de movilidad, centro de start-ups e innovaci\u00f3n, laboratorio y un edificio de oficinas de diez pisos. Estas instalaciones definir\u00e1n una plaza p\u00fablica situada en el futuro coraz\u00f3n del desarrollo.<\/p>\n<p><a class=\"js-image-size__link lazy-anchor\" href=\"https:\/\/www.archdaily.cl\/cl\/1035486\/mvrdv-inicia-la-construccion-del-campus-de-inteligencia-artificial-del-parque-de-innovacion-en-heilbronn-alemania\/68ff38085fe9ba0188d9f718-mvrdv-breaks-ground-on-the-innovation-park-artificial-intelligence-campus-in-heilbronn-germany-photo\" rel=\"nofollow noopener\" target=\"_blank\"><img decoding=\"async\" alt=\"MVRDV inicia la construcci\u00f3n del Campus de Inteligencia Artificial del Parque de Innovaci\u00f3n en Heilbronn, Alemania - Imagen 3 de 17\" data-nr-picture-id=\"68ff38085fe9ba0188d9f718\" height=\"427\" itemprop=\"image\" loading=\"lazy\" longdesc=\"https:\/\/www.archdaily.cl\/cl\/1035486\/mvrdv-inicia-la-construccion-del-campus-de-inteligencia-artificial-del-parque-de-innovacion-en-heilbronn-alemania\/68ff38085fe9ba0188d9f718-mvrdv-breaks-ground-on-the-innovation-park-artificial-intelligence-campus-in-heilbronn-germany-photo\" src=\"https:\/\/www.europesays.com\/es\/wp-content\/uploads\/2025\/11\/1762552753_121_mvrdv-breaks-ground-on-the-innovation-park-artificial-intelligence-campus-in-heilbronn-germany_5.jpg\" width=\"640\"\/>Campus IPAI. Imagen \u00a9 IPAI \/ MVRDV \/ Vivid<\/a><\/p>\n<p>Seg\u00fan <a href=\"https:\/\/www.archdaily.cl\/cl\/tag\/jacob-van-rijs\" target=\"_blank\" rel=\"noopener nofollow\">Jacob van Rijs<\/a>, socio fundador de <a href=\"https:\/\/www.archdaily.cl\/cl\/tag\/mvrdv\" target=\"_blank\" rel=\"noopener nofollow\">MVRDV<\/a>, el proyecto busca lograr un equilibrio entre la naturaleza t\u00e9cnica del trabajo de <a href=\"https:\/\/www.archdaily.cl\/cl\/tag\/inteligencia-artificial\" target=\"_blank\" rel=\"noopener nofollow\">IA<\/a> y el <a href=\"https:\/\/www.archdaily.cl\/cl\/tag\/diseno-centrado-en-las-personas\" target=\"_blank\" rel=\"noopener nofollow\">dise\u00f1o centrado en el ser humano<\/a>. El campus libre de autom\u00f3viles enfatiza la vegetaci\u00f3n, <a href=\"https:\/\/www.archdaily.cl\/cl\/tag\/materiales\" target=\"_blank\" rel=\"noopener nofollow\">materiales<\/a> t\u00e1ctiles y un <a href=\"https:\/\/www.archdaily.com\/tag\/microclimate\" rel=\"nofollow noopener\" target=\"_blank\">microclima<\/a> c\u00f3modo, logrado a trav\u00e9s de estudios ambientales. \u00abEs un dise\u00f1o que realmente enfatiza la parte &#8216;humana&#8217; de la misi\u00f3n de IPAI de ser el hogar global de la IA humana\u00bb, explica.<\/p>\n<p>  Art\u00edculo relacionado <a class=\"rel-article__link\" data-insights-category=\"related-article\" data-insights-label=\"3\" data-insights-value=\"1035486\" href=\"https:\/\/www.archdaily.cl\/cl\/1002375\/mvrdv-gana-el-concurso-para-disenar-un-nuevo-campus-de-inteligencia-artificial-en-heilbronn-alemania?ad_medium=widget&amp;ad_name=related-article&amp;ad_content=1035486\" rel=\"nofollow noopener\" target=\"_blank\">MVRDV dise\u00f1ar\u00e1 un nuevo Campus de Inteligencia Artificial en Heilbronn, Alemania<\/a>  <\/p>\n<p>Cada edificio dentro del <a href=\"https:\/\/www.archdaily.cl\/cl\/tag\/campus\" target=\"_blank\" rel=\"noopener nofollow\">campus<\/a> ha sido adaptado a su programa. El centro de comunicaciones cil\u00edndrico, con su <a href=\"https:\/\/www.archdaily.cl\/cl\/tag\/fachada\" target=\"_blank\" rel=\"noopener nofollow\">fachada<\/a> reflectante, servir\u00e1 como un lugar para <a href=\"https:\/\/www.archdaily.cl\/cl\/tag\/exhibiciones\" target=\"_blank\" rel=\"noopener nofollow\">exhibiciones<\/a>, <a href=\"https:\/\/www.archdaily.cl\/cl\/tag\/conferencias\" target=\"_blank\" rel=\"noopener nofollow\">conferencias<\/a> y seminarios. Frente a \u00e9l, el edificio del restaurante presenta \u00abgrotto facades\u00bb de color naranja en retroceso, que forman terrazas al aire libre. El centro de <a href=\"https:\/\/www.archdaily.cl\/cl\/tag\/movilidad\" target=\"_blank\" rel=\"noopener nofollow\">movilidad<\/a> ofrece un amplio <a href=\"https:\/\/www.archdaily.com\/tag\/atrium\" rel=\"nofollow noopener\" target=\"_blank\">atrium<\/a> para llegadas y log\u00edstica, mientras que el laboratorio combina espacios de oficina con un gran sal\u00f3n de laboratorio que da a la plaza central. El centro de start-ups e innovaci\u00f3n de un brillante color rojo promueve la colaboraci\u00f3n informal alrededor de un <a href=\"https:\/\/www.archdaily.cl\/cl\/tag\/patio\" target=\"_blank\" rel=\"noopener nofollow\">patio<\/a> verde, y el edificio de oficinas de diez pisos integra <a href=\"https:\/\/www.archdaily.cl\/cl\/tag\/paneles-fotovoltaicos\" target=\"_blank\" rel=\"noopener nofollow\">paneles fotovoltaicos<\/a> dentro de su <a href=\"https:\/\/www.archdaily.cl\/cl\/tag\/fachada\" target=\"_blank\" rel=\"noopener nofollow\">fachada<\/a> plisada, con \u00absalones\u00bb comunitarios de doble altura en cada piso.<\/p>\n<p><a class=\"js-image-size__link lazy-anchor\" href=\"https:\/\/www.archdaily.cl\/cl\/1035486\/mvrdv-inicia-la-construccion-del-campus-de-inteligencia-artificial-del-parque-de-innovacion-en-heilbronn-alemania\/68ff38005fe9ba0188d9f715-mvrdv-breaks-ground-on-the-innovation-park-artificial-intelligence-campus-in-heilbronn-germany-photo\" rel=\"nofollow noopener\" target=\"_blank\"><img decoding=\"async\" alt=\"MVRDV inicia la construcci\u00f3n del Campus de Inteligencia Artificial del Parque de Innovaci\u00f3n en Heilbronn, Alemania - Imagen 5 de 17\" data-nr-picture-id=\"68ff38005fe9ba0188d9f715\" height=\"427\" itemprop=\"image\" loading=\"lazy\" longdesc=\"https:\/\/www.archdaily.cl\/cl\/1035486\/mvrdv-inicia-la-construccion-del-campus-de-inteligencia-artificial-del-parque-de-innovacion-en-heilbronn-alemania\/68ff38005fe9ba0188d9f715-mvrdv-breaks-ground-on-the-innovation-park-artificial-intelligence-campus-in-heilbronn-germany-photo\" src=\"https:\/\/www.europesays.com\/es\/wp-content\/uploads\/2025\/11\/1762552753_186_mvrdv-breaks-ground-on-the-innovation-park-artificial-intelligence-campus-in-heilbronn-germany_4.jpg\" width=\"640\"\/>Campus IPAI. Imagen \u00a9 IPAI \/ MVRDV \/ Vivid<\/a><\/p>\n<p><a href=\"https:\/\/www.archdaily.cl\/cl\/1002375\/mvrdv-gana-el-concurso-para-disenar-un-nuevo-campus-de-inteligencia-artificial-en-heilbronn-alemania\" target=\"_blank\" rel=\"noopener nofollow\">Desde que gan\u00f3 el concurso de dise\u00f1o en 2023<\/a>, <a href=\"https:\/\/www.archdaily.cl\/cl\/tag\/mvrdv\" target=\"_blank\" rel=\"noopener nofollow\">MVRDV<\/a> ha colaborado estrechamente con el Konsortium IPAI para refinar el proyecto, teniendo la <a href=\"https:\/\/www.archdaily.cl\/cl\/tag\/sostenibilidad\" target=\"_blank\" rel=\"noopener nofollow\">sostenibilidad<\/a> como principio fundamental. Utilizando su <a href=\"https:\/\/www.archdaily.com\/1034783\/carbonspace-designing-with-carbon-from-the-first-sketch\" rel=\"nofollow noopener\" target=\"_blank\">herramienta CarbonSpace<\/a>, <a href=\"https:\/\/www.archdaily.cl\/cl\/tag\/mvrdv\" target=\"_blank\" rel=\"noopener nofollow\">MVRDV<\/a> rastre\u00f3 y redujo el <a href=\"https:\/\/www.archdaily.cl\/cl\/tag\/carbono\" target=\"_blank\" rel=\"noopener nofollow\">carbono<\/a> incorporado a lo largo del proceso de dise\u00f1o. Varias estructuras incorporan sistemas de <a href=\"https:\/\/www.archdaily.cl\/cl\/tag\/construccion\" target=\"_blank\" rel=\"noopener nofollow\">construcci\u00f3n<\/a> de madera liviana, de base biol\u00f3gica o h\u00edbrida, incluyendo el centro de start-ups e innovaci\u00f3n, el laboratorio y el edificio de oficinas. El campus y los edificios seleccionados, como el centro de comunicaciones y el edificio de oficinas, est\u00e1n apuntando a la certificaci\u00f3n <a href=\"https:\/\/www.archdaily.cl\/cl\/tag\/dgnb\" target=\"_blank\" rel=\"noopener nofollow\">DGNB Platinum<\/a> del Consejo Alem\u00e1n de Construcci\u00f3n Sostenible.<\/p>\n<p><a class=\"js-image-size__link lazy-anchor\" href=\"https:\/\/www.archdaily.cl\/cl\/1035486\/mvrdv-inicia-la-construccion-del-campus-de-inteligencia-artificial-del-parque-de-innovacion-en-heilbronn-alemania\/68ff38075fe9ba0188d9f717-mvrdv-breaks-ground-on-the-innovation-park-artificial-intelligence-campus-in-heilbronn-germany-photo\" rel=\"nofollow noopener\" target=\"_blank\"><img decoding=\"async\" alt=\"MVRDV inicia la construcci\u00f3n del Campus de Inteligencia Artificial del Parque de Innovaci\u00f3n en Heilbronn, Alemania - Imagen 4 de 17\" data-nr-picture-id=\"68ff38075fe9ba0188d9f717\" height=\"427\" itemprop=\"image\" loading=\"lazy\" longdesc=\"https:\/\/www.archdaily.cl\/cl\/1035486\/mvrdv-inicia-la-construccion-del-campus-de-inteligencia-artificial-del-parque-de-innovacion-en-heilbronn-alemania\/68ff38075fe9ba0188d9f717-mvrdv-breaks-ground-on-the-innovation-park-artificial-intelligence-campus-in-heilbronn-germany-photo\" src=\"https:\/\/www.europesays.com\/es\/wp-content\/uploads\/2025\/11\/1762552754_103_mvrdv-breaks-ground-on-the-innovation-park-artificial-intelligence-campus-in-heilbronn-germany_2.jpg\" width=\"640\"\/>Campus IPAI. Imagen \u00a9 IPAI \/ MVRDV \/ Vivid<\/a><\/p>\n<p>En otros proyectos recientes, <a href=\"https:\/\/www.archdaily.cl\/cl\/tag\/mvrdv\" target=\"_blank\" rel=\"noopener nofollow\">MVRDV<\/a> present\u00f3 dise\u00f1os para <a href=\"https:\/\/www.archdaily.com\/1033546\/mvrdv-design-masterplan-with-rock-inspired-tourist-facilities-for-jialeshui-taiwan?ad_campaign=normal-tag\" rel=\"nofollow noopener\" target=\"_blank\">instalaciones tur\u00edsticas con forma de roca en Jialeshui, Taiw\u00e1n<\/a>, integrando la arquitectura con el paisaje costero. La rama de innovaci\u00f3n de la firma, <a href=\"https:\/\/www.archdaily.com\/1034783\/carbonspace-designing-with-carbon-from-the-first-sketch?ad_medium=office_landing&amp;ad_name=article\" rel=\"nofollow noopener\" target=\"_blank\">MVRDV NEXT, lanz\u00f3 CarbonSpace, una herramienta de acceso abierto que incorpora la contabilidad de carbono en las primeras etapas de dise\u00f1o<\/a>. En <a href=\"https:\/\/www.archdaily.cl\/cl\/city\/shanghai\" target=\"_blank\" rel=\"noopener nofollow\">Shangh\u00e1i<\/a>, <a href=\"https:\/\/www.archdaily.com\/1032465\/mvrdv-transforms-former-cement-factory-on-shanghais-west-bund?ad_medium=office_landing&amp;ad_name=article\" rel=\"nofollow noopener\" target=\"_blank\">MVRDV complet\u00f3 el GATE M West Bund Dream Center<\/a>, <a href=\"https:\/\/www.archdaily.cl\/cl\/1032493\/gate-m-centro-de-suenos-west-bund-mvrdv\" target=\"_blank\" rel=\"noopener nofollow\">un proyecto de reutilizaci\u00f3n adaptativa<\/a> que transforma una antigua f\u00e1brica de cemento en un distrito cultural y de ocio.<\/p>\n<p><script async src=\"https:\/\/platform.twitter.com\/widgets.js\" charset=\"utf-8\"><\/script><\/p>\n","protected":false},"excerpt":{"rendered":"Campus IPAI. Imagen \u00a9 IPAI \/ MVRDV \/ Vivid Compartir Compartir Facebook Twitter Mail Pinterest Whatsapp O https:\/\/www.archdaily.cl\/cl\/1035486\/mvrdv-inicia-la-construccion-del-campus-de-inteligencia-artificial-del-parque-de-innovacion-en-heilbronn-alemania&hellip;\n","protected":false},"author":2,"featured_media":224057,"comment_status":"","ping_status":"","sticky":false,"template":"","format":"standard","meta":{"footnotes":""},"categories":[173],"tags":[1660,801,229,233,231,230,59313,59317,232,234,146,147,25,24,59312,9193,136,59314,59311,59316,59315,23,59318,120],"class_list":{"0":"post-224056","1":"post","2":"type-post","3":"status-publish","4":"format-standard","5":"has-post-thumbnail","7":"category-arte-y-diseno","8":"tag-alemania","9":"tag-arquitectura","10":"tag-arte","11":"tag-arte-y-diseno","12":"tag-arts","13":"tag-arts-and-design","14":"tag-campus-de-innovacion","15":"tag-carbono","16":"tag-design","17":"tag-diseno","18":"tag-entertainment","19":"tag-entretenimiento","20":"tag-es","21":"tag-espana","22":"tag-heilbronn","23":"tag-inauguracion","24":"tag-inteligencia-artificial","25":"tag-jacob-van-rijs","26":"tag-mvrdv","27":"tag-plan-maestro","28":"tag-rehabilitacion-arquitectonica","29":"tag-spain","30":"tag-sustentabilidad","31":"tag-tecnologia"},"share_on_mastodon":{"url":"https:\/\/pubeurope.com\/@es\/115510665271630991","error":""},"_links":{"self":[{"href":"https:\/\/www.europesays.com\/es\/wp-json\/wp\/v2\/posts\/224056","targetHints":{"allow":["GET"]}}],"collection":[{"href":"https:\/\/www.europesays.com\/es\/wp-json\/wp\/v2\/posts"}],"about":[{"href":"https:\/\/www.europesays.com\/es\/wp-json\/wp\/v2\/types\/post"}],"author":[{"embeddable":true,"href":"https:\/\/www.europesays.com\/es\/wp-json\/wp\/v2\/users\/2"}],"replies":[{"embeddable":true,"href":"https:\/\/www.europesays.com\/es\/wp-json\/wp\/v2\/comments?post=224056"}],"version-history":[{"count":0,"href":"https:\/\/www.europesays.com\/es\/wp-json\/wp\/v2\/posts\/224056\/revisions"}],"wp:featuredmedia":[{"embeddable":true,"href":"https:\/\/www.europesays.com\/es\/wp-json\/wp\/v2\/media\/224057"}],"wp:attachment":[{"href":"https:\/\/www.europesays.com\/es\/wp-json\/wp\/v2\/media?parent=224056"}],"wp:term":[{"taxonomy":"category","embeddable":true,"href":"https:\/\/www.europesays.com\/es\/wp-json\/wp\/v2\/categories?post=224056"},{"taxonomy":"post_tag","embeddable":true,"href":"https:\/\/www.europesays.com\/es\/wp-json\/wp\/v2\/tags?post=224056"}],"curies":[{"name":"wp","href":"https:\/\/api.w.org\/{rel}","templated":true}]}}