{"id":224074,"date":"2025-11-07T22:20:12","date_gmt":"2025-11-07T22:20:12","guid":{"rendered":"https:\/\/www.europesays.com\/es\/224074\/"},"modified":"2025-11-07T22:20:12","modified_gmt":"2025-11-07T22:20:12","slug":"santi-tarrio-es-el-mejro-espanol-en-el-inicio-de-la-final-de-la-escuela-dp-world-tour","status":"publish","type":"post","link":"https:\/\/www.europesays.com\/es\/224074\/","title":{"rendered":"Santi Tarrio es el mejro espa\u00f1ol en el inicio de la Final de la Escuela DP World Tour"},"content":{"rendered":"<p>&#13;<br \/>\n        &#13;<br \/>\n&#13;<br \/>\n        &#13;<\/p>\n<p>            <a href=\"https:\/\/ten-golf.com\/wp-content\/uploads\/2025\/05\/unnamed-1-scaled.webp\" data-caption=\"Santiago Tarr\u00edo. \u00a9 Getty Images \/ HotelPlanner Tour\" rel=\"nofollow noopener\" target=\"_blank\"><img decoding=\"async\" loading=\"lazy\" width=\"666\" height=\"444\" class=\"entry-thumb td-modal-image\" src=\"https:\/\/www.europesays.com\/es\/wp-content\/uploads\/2025\/11\/unnamed-1-666x444.webp.webp\"   alt=\"Santiago Tarr\u00edo. \u00a9 Getty Images \/ HotelPlanner Tour\" title=\"Santiago Tarr\u00edo. \u00a9 Getty Images \/ HotelPlanner Tour\"\/><\/a>Santiago Tarr\u00edo. \u00a9 Getty Images \/ HotelPlanner Tour<\/p>\n<p>            La Final de la Escuela del DP World Tour es una carrera de fondo y punto. Parece un t\u00f3pico, pero es la realidad. Son seis jornadas, cuatro antes del corte. Hay que cre\u00e9rselo. Mucho m\u00e1s despu\u00e9s de un inicio gris tirando a negro de los espa\u00f1oles. De los 12 representantes <\/p>\n<p>Para seguir leyendo, Suscr\u00edbete<\/p>\n<p>    Subscription OptionsMENSUAL<\/p>\n<p>Unlimited  Entradas<\/p>\n<p>Unlimited  Galer\u00edas<\/p>\n<p>Unlimited  \u00c1lbumes<\/p>\n<p>Unlimited  P\u00e1ginas<\/p>\n<p>ANUAL + LIBRO<\/p>\n<p>Unlimited  Entradas<\/p>\n<p>Unlimited  Galer\u00edas<\/p>\n<p>Unlimited  \u00c1lbumes<\/p>\n<p>Unlimited  P\u00e1ginas<\/p>\n<p>ANUAL<\/p>\n<p>Unlimited  Entradas<\/p>\n<p>Unlimited  Galer\u00edas<\/p>\n<p>Unlimited  \u00c1lbumes<\/p>\n<p>Unlimited  P\u00e1ginas<\/p>\n<p>    Recibe 30 mulligans para gastar en <a href=\"https:\/\/thegame.ten-golf.com\" target=\"_blank\" rel=\"nofollow noopener\">TheGame<\/a> junto a tu suscripci\u00f3n anual (al final de la temporada se quitar\u00e1n los mulligans no gastados)<\/p>\n<p>    Pincha <a href=\"https:\/\/ten-golf.com\/tengolf-pone-en-marcha-el-muro-de-pago-y-crea-el-club-tengolf\" target=\"_blank\" rel=\"nofollow noopener\">aqu\u00ed<\/a> para saber m\u00e1s sobre las distintas suscripciones<\/p>\n<p>        &#13;<br \/>\n&#13;<br \/>\n        &#13;<br \/>\n            &#13;<br \/>\n            &#13;<br \/>\n&#13;<\/p>\n<p class=\"join-telegram\"><img decoding=\"async\" class=\"loading\" src=\"https:\/\/www.europesays.com\/es\/wp-content\/uploads\/2025\/10\/telegram-icon.png\" alt=\"\"\/> S\u00edguenos tambi\u00e9n en <a href=\"https:\/\/telegram.org\/\" target=\"_blank\" style=\"font-weight: normal;\" rel=\"nofollow noopener\">Telegram<\/a> en el canal <a href=\"https:\/\/t.me\/tengolf\" target=\"_blank\" rel=\"nofollow\">@tengolf<\/a><\/p>\n<p>        &#13;<br \/>\n        <a class=\"will-load\" name=\"end-article\" data-id=\"post-211917\"\/>&#13;<\/p>\n","protected":false},"excerpt":{"rendered":"&#13; &#13; &#13; &#13; Santiago Tarr\u00edo. \u00a9 Getty Images \/ HotelPlanner Tour La Final de la Escuela del&hellip;\n","protected":false},"author":2,"featured_media":224075,"comment_status":"","ping_status":"","sticky":false,"template":"","format":"standard","meta":{"footnotes":""},"categories":[275],"tags":[168,25,56723,24,59322,329,59323,59171,59324,336,339,340,1909,1910,58014,23,167],"class_list":{"0":"post-224074","1":"post","2":"type-post","3":"status-publish","4":"format-standard","5":"has-post-thumbnail","7":"category-golf","8":"tag-deportes","9":"tag-es","10":"tag-escuela-dp-world-tour","11":"tag-espana","12":"tag-final-de-la-escuela","13":"tag-golf","14":"tag-hills-course","15":"tag-infinitum-golf","16":"tag-lakes-course","17":"tag-notificacion","18":"tag-portada-america","19":"tag-portada-global","20":"tag-portada-top","21":"tag-portada-top-america","22":"tag-santi-tarrio","23":"tag-spain","24":"tag-sports"},"share_on_mastodon":{"url":"https:\/\/pubeurope.com\/@es\/115510747536407919","error":""},"_links":{"self":[{"href":"https:\/\/www.europesays.com\/es\/wp-json\/wp\/v2\/posts\/224074","targetHints":{"allow":["GET"]}}],"collection":[{"href":"https:\/\/www.europesays.com\/es\/wp-json\/wp\/v2\/posts"}],"about":[{"href":"https:\/\/www.europesays.com\/es\/wp-json\/wp\/v2\/types\/post"}],"author":[{"embeddable":true,"href":"https:\/\/www.europesays.com\/es\/wp-json\/wp\/v2\/users\/2"}],"replies":[{"embeddable":true,"href":"https:\/\/www.europesays.com\/es\/wp-json\/wp\/v2\/comments?post=224074"}],"version-history":[{"count":0,"href":"https:\/\/www.europesays.com\/es\/wp-json\/wp\/v2\/posts\/224074\/revisions"}],"wp:featuredmedia":[{"embeddable":true,"href":"https:\/\/www.europesays.com\/es\/wp-json\/wp\/v2\/media\/224075"}],"wp:attachment":[{"href":"https:\/\/www.europesays.com\/es\/wp-json\/wp\/v2\/media?parent=224074"}],"wp:term":[{"taxonomy":"category","embeddable":true,"href":"https:\/\/www.europesays.com\/es\/wp-json\/wp\/v2\/categories?post=224074"},{"taxonomy":"post_tag","embeddable":true,"href":"https:\/\/www.europesays.com\/es\/wp-json\/wp\/v2\/tags?post=224074"}],"curies":[{"name":"wp","href":"https:\/\/api.w.org\/{rel}","templated":true}]}}