{"id":224076,"date":"2025-11-07T22:21:09","date_gmt":"2025-11-07T22:21:09","guid":{"rendered":"https:\/\/www.europesays.com\/es\/224076\/"},"modified":"2025-11-07T22:21:09","modified_gmt":"2025-11-07T22:21:09","slug":"sabalenka-y-la-lisiada-rybakina-lucharan-por-ser-maestra","status":"publish","type":"post","link":"https:\/\/www.europesays.com\/es\/224076\/","title":{"rendered":"Sabalenka y la \u2018lisiada\u2019 Rybakina luchar\u00e1n por ser Maestra"},"content":{"rendered":"<p class=\"\">Cosas del tenis, el t\u00edtulo de las <a href=\"https:\/\/as.com\/noticias\/masters-wta\/\" target=\"_blank\" rel=\"noreferrer nofollow noopener\" title=\"https:\/\/as.com\/noticias\/masters-wta\/\">WTA Finals<\/a> se lo jugar\u00e1n la primera tenista que logr\u00f3 clasificarse a la cita de Riad, <b>Aryna Sabalenka<\/b>, y la octava y \u00faltima en obtener plaza, <b>Elena Rybakina<\/b>. Bielorrusa y kazaja luchar\u00e1n este domingo (15:00, Tennis Channel) por ser Maestra y completar as\u00ed un torneo inmaculado, ya que <b>las dos llegan a la final imbatidas<\/b>, con el cuatro de cuatro firmado en Arabia Saud\u00ed. Este s\u00e1bado, Sabalenka se deshizo de una correosa <b>Amanda Anisimova (6-3, 3-6 y 6-3 en 2h23)<\/b>, mientras que Rybakina se sobrepuso a unas importantes molestias en el hombro para remontar a <b>Jessica Pegula (4-6, 6-4 y 6-3 en 2h07)<\/b>, y ambas pelear\u00e1n por conquistar las Finals por primera vez en sus carreras.<\/p>\n<p class=\"\">Llega lanzada Rybakina a su primer duelo por el t\u00edtulo en el torneo final de la temporada, con 10 victorias seguidas en su haber, aunque preocupa y mucho el estado del hombro derecho de la kazaja, que se quej\u00f3 en numerosas ocasiones durante su partido ante Pegula. \u201cEspero recuperarme para ma\u00f1ana, han sido muchos partidos y he tenido que ajustar el saque un poco. <b>Ahora estoy forzando, queda solo un partido m\u00e1s.<\/b> Intentar\u00e9 hacer todo lo posible para recuperar, pero no queremos que sea peor de cara a la pretemporada. Veremos, ahora lo estoy gestionando y espero que no sea peor ma\u00f1ana\u201d, asegur\u00f3 la ganadora de un Wimbledon, que a pesar de sus dolencias encontr\u00f3 la forma de endosarle<b> 15 saques directos (lleva 503 en 2025, la que m\u00e1s del circuito)<\/b> a Pegula, finalista en 2023, y de ganar el 73% de sus saques con primer servicio. La de este s\u00e1bado fue la 30\u00aa victoria de la carrera de Rybakina sobre top-10, y mejora a 4-6 su balance de este curso sobre top-5.<\/p>\n<p class=\"\">Sabalenka, por su parte, no lo tuvo nada sencillo ante una Anisimova que no se le da nada bien, y es que <b>el balance antes del encuentro era de 6-4 favorable a la estadounidense. <\/b>Supo sacar adelante el partido y as\u00ed romper la racha de dos derrotas consecutivas en las semifinales de las WTA Finals, en las que alcanz\u00f3 la final tan solo en 2022 (ah\u00ed cay\u00f3 ante Caroline Garcia). La n\u00famero uno del mundo jugar\u00e1 el domingo el 40\u00ba partido por el t\u00edtulo de su carrera, y sum\u00f3 su 63\u00aa victoria de 2025, desempatando con Iga Swiatek y convirti\u00e9ndose en la jugadora con m\u00e1s triunfos de la temporada. \u201cSer\u00e1 un partido intenso. Siento que hoy fue una gran preparaci\u00f3n para Elena.<b> Tengo muchas ganas de dejarlo todo en el \u00faltimo partido de la temporada<\/b> y luchar por este precioso trofeo\u201d, dijo la bielorrusa sobre su final ante una Rybakina a la que domina en el cara a cara por 8-5. Solo una podr\u00e1 ser maestra.<\/p>\n<p>Noticias relacionadas<\/p>\n<p class=\"\"><b>\u00a1Tus opiniones importan!<\/b> Comenta en los art\u00edculos y suscr\u00edbete gratis a nuestra <a href=\"https:\/\/asfan.as.com\/newsletters\/\" target=\"_blank\" rel=\"nofollow noopener\" title=\"https:\/\/asfan.as.com\/newsletters\/\">newsletter<\/a> y a las alertas informativas en la <a href=\"https:\/\/as.com\/aplicacion-de-as-n\/\" target=\"_blank\" rel=\"nofollow noopener\" title=\"https:\/\/as.com\/aplicacion-de-as-n\/\">App<\/a> o el canal de <a href=\"https:\/\/www.whatsapp.com\/channel\/0029VaAasdA7j6g745nz9M10\" target=\"_blank\" rel=\"nofollow noopener\" title=\"https:\/\/www.whatsapp.com\/channel\/0029VaAasdA7j6g745nz9M10\">WhatsApp<\/a>. <\/p>\n<p class=\"\">\u00bfBuscas licenciar contenido? Haz clic <a href=\"https:\/\/profesional.elpais.com\/soluciones-sindicacion?utm_medium=interno&amp;utm_source=crosslinking&amp;utm_campaign=sindicacion_as_pie_articulos\" target=\"_blank\" rel=\"nofollow noopener\" title=\"https:\/\/profesional.elpais.com\/soluciones-sindicacion?utm_medium=interno&amp;utm_source=crosslinking&amp;utm_campaign=sindicacion_as_pie_articulos\">aqu\u00ed<\/a><\/p>\n","protected":false},"excerpt":{"rendered":"Cosas del tenis, el t\u00edtulo de las WTA Finals se lo jugar\u00e1n la primera tenista que logr\u00f3 clasificarse&hellip;\n","protected":false},"author":2,"featured_media":224077,"comment_status":"","ping_status":"","sticky":false,"template":"","format":"standard","meta":{"footnotes":""},"categories":[274],"tags":[168,25,24,23,167,327,326],"class_list":{"0":"post-224076","1":"post","2":"type-post","3":"status-publish","4":"format-standard","5":"has-post-thumbnail","7":"category-tenis","8":"tag-deportes","9":"tag-es","10":"tag-espana","11":"tag-spain","12":"tag-sports","13":"tag-tenis","14":"tag-tennis"},"share_on_mastodon":{"url":"https:\/\/pubeurope.com\/@es\/115510750975692849","error":""},"_links":{"self":[{"href":"https:\/\/www.europesays.com\/es\/wp-json\/wp\/v2\/posts\/224076","targetHints":{"allow":["GET"]}}],"collection":[{"href":"https:\/\/www.europesays.com\/es\/wp-json\/wp\/v2\/posts"}],"about":[{"href":"https:\/\/www.europesays.com\/es\/wp-json\/wp\/v2\/types\/post"}],"author":[{"embeddable":true,"href":"https:\/\/www.europesays.com\/es\/wp-json\/wp\/v2\/users\/2"}],"replies":[{"embeddable":true,"href":"https:\/\/www.europesays.com\/es\/wp-json\/wp\/v2\/comments?post=224076"}],"version-history":[{"count":0,"href":"https:\/\/www.europesays.com\/es\/wp-json\/wp\/v2\/posts\/224076\/revisions"}],"wp:featuredmedia":[{"embeddable":true,"href":"https:\/\/www.europesays.com\/es\/wp-json\/wp\/v2\/media\/224077"}],"wp:attachment":[{"href":"https:\/\/www.europesays.com\/es\/wp-json\/wp\/v2\/media?parent=224076"}],"wp:term":[{"taxonomy":"category","embeddable":true,"href":"https:\/\/www.europesays.com\/es\/wp-json\/wp\/v2\/categories?post=224076"},{"taxonomy":"post_tag","embeddable":true,"href":"https:\/\/www.europesays.com\/es\/wp-json\/wp\/v2\/tags?post=224076"}],"curies":[{"name":"wp","href":"https:\/\/api.w.org\/{rel}","templated":true}]}}