{"id":224087,"date":"2025-11-07T22:30:09","date_gmt":"2025-11-07T22:30:09","guid":{"rendered":"https:\/\/www.europesays.com\/es\/224087\/"},"modified":"2025-11-07T22:30:09","modified_gmt":"2025-11-07T22:30:09","slug":"ed-sheeran-invita-a-aitana-un-momento-perfect","status":"publish","type":"post","link":"https:\/\/www.europesays.com\/es\/224087\/","title":{"rendered":"Ed Sheeran invita a Aitana&#8230; un momento &#8216;PERFECT&#8217;"},"content":{"rendered":"<p>LOS40 Music Awards Santander siempre guardan sorpresas y peque\u00f1as joyas musicales. Una de las de la edici\u00f3n de este a\u00f1o, celebrada en el Roig Arena de Valencia, es sin duda la actuaci\u00f3n de Ed Sheeran.\u00a0<\/p>\n<p>El artista brit\u00e1nico, que ya lleva ocho discos a sus espaldas, sorprendi\u00f3 a todos cuando, en plena actuaci\u00f3n exclam\u00f3: \u00abMake some noise for Aitana!\u00bb. Y hubo ruido, pero no porque lo pidiera, sino de la emoci\u00f3n de apaarecer ver a la cantante espa\u00f1ola junto a \u00e9l.<\/p>\n<p>Juntos, con \u00e9l a la guitarra, cantaron el que es uno de los mayores hits de Ed Sheeran, la balada\u00a0Perfect.<\/p>\n<p>La actuaci\u00f3n de ambos forma parte de los momentazos de la gala, que comenz\u00f3 con la primera actuaci\u00f3n de Rosal\u00eda tras lanzar horas antes su cuarto disco, Lux. La catalana, que tambi\u00e9n recibi\u00f3 el premio Global Icon, embeles\u00f3 con Reliquia.<\/p>\n<p>En el preshow, Aitana confes\u00f3 a Cristina Regatero, de LOS40, que estaba nerviosa: \u00abNo lo paso muy bien con esto, siempre lo digo, creo que no estoy tan hecha para estas cosas, pero despu\u00e9s con vosotros me siento en casa\u00bb.<\/p>\n<p>La superestrella tambi\u00e9n cont\u00f3 que va a viajar a Londres a ver a otros artistas: \u00abEstoy experimentado, quiero ver por d\u00f3nde quiero ir, probar cositas y darme mi tiempo\u00bb.<\/p>\n","protected":false},"excerpt":{"rendered":"LOS40 Music Awards Santander siempre guardan sorpresas y peque\u00f1as joyas musicales. Una de las de la edici\u00f3n de&hellip;\n","protected":false},"author":2,"featured_media":224088,"comment_status":"","ping_status":"","sticky":false,"template":"","format":"standard","meta":{"footnotes":""},"categories":[170],"tags":[3519,3067,146,147,25,24,52148,184,185,23],"class_list":{"0":"post-224087","1":"post","2":"type-post","3":"status-publish","4":"format-standard","5":"has-post-thumbnail","7":"category-musica","8":"tag-aitana","9":"tag-ed-sheeran","10":"tag-entertainment","11":"tag-entretenimiento","12":"tag-es","13":"tag-espana","14":"tag-los40-music-awards","15":"tag-music","16":"tag-musica","17":"tag-spain"},"share_on_mastodon":{"url":"https:\/\/pubeurope.com\/@es\/115510786527047203","error":""},"_links":{"self":[{"href":"https:\/\/www.europesays.com\/es\/wp-json\/wp\/v2\/posts\/224087","targetHints":{"allow":["GET"]}}],"collection":[{"href":"https:\/\/www.europesays.com\/es\/wp-json\/wp\/v2\/posts"}],"about":[{"href":"https:\/\/www.europesays.com\/es\/wp-json\/wp\/v2\/types\/post"}],"author":[{"embeddable":true,"href":"https:\/\/www.europesays.com\/es\/wp-json\/wp\/v2\/users\/2"}],"replies":[{"embeddable":true,"href":"https:\/\/www.europesays.com\/es\/wp-json\/wp\/v2\/comments?post=224087"}],"version-history":[{"count":0,"href":"https:\/\/www.europesays.com\/es\/wp-json\/wp\/v2\/posts\/224087\/revisions"}],"wp:featuredmedia":[{"embeddable":true,"href":"https:\/\/www.europesays.com\/es\/wp-json\/wp\/v2\/media\/224088"}],"wp:attachment":[{"href":"https:\/\/www.europesays.com\/es\/wp-json\/wp\/v2\/media?parent=224087"}],"wp:term":[{"taxonomy":"category","embeddable":true,"href":"https:\/\/www.europesays.com\/es\/wp-json\/wp\/v2\/categories?post=224087"},{"taxonomy":"post_tag","embeddable":true,"href":"https:\/\/www.europesays.com\/es\/wp-json\/wp\/v2\/tags?post=224087"}],"curies":[{"name":"wp","href":"https:\/\/api.w.org\/{rel}","templated":true}]}}