{"id":224091,"date":"2025-11-07T22:32:11","date_gmt":"2025-11-07T22:32:11","guid":{"rendered":"https:\/\/www.europesays.com\/es\/224091\/"},"modified":"2025-11-07T22:32:11","modified_gmt":"2025-11-07T22:32:11","slug":"real-federacion-espanola-gimnasia-5","status":"publish","type":"post","link":"https:\/\/www.europesays.com\/es\/224091\/","title":{"rendered":"Real Federaci\u00f3n Espa\u00f1ola Gimnasia"},"content":{"rendered":"<p style=\"text-align: justify;\" data-olk-copy-source=\"MessageBody\">Tres mujeres, Melania Rodr\u00edguez, Marta L\u00f3pez y Loreto Tu\u00f1\u00f3n han logrado el primer metal para la delegaci\u00f3n espa\u00f1ola en el Campeonato del Mundo de Trampol\u00edn. El bronce obtenido en la categor\u00eda femenina de la prueba de DMT ha hecho vibrar al Navarra Arena, las tres gimnastas han subido al p\u00f3dium s\u00f3lo por detr\u00e1s de Estados Unidos (oro) y Gran Breta\u00f1a (plata). Una destacada actuaci\u00f3n en una jornada donde se pon\u00edan en juego los primeros metales de la cita que se est\u00e1 celebrando por primera vez en Espa\u00f1a.<\/p>\n<p style=\"text-align: justify;\">En la competici\u00f3n de tumbling, Azerbaiy\u00e1n en categor\u00eda masculina y Francia en femenina han logrado encaramarse al primer lugar. El tr\u00edo cauc\u00e1sico formado por Mikhail Malkin, Togif Aliyev y Adil Hakizada ha liderado la prueba por delante de Estados Unidos y Dinamarca. Los norteamericanos han contado con West Fowler, Kaden Brown y Xavier Harper en sus filas, mientras que la bandera danesa ha estado defendida por Magnus Lindholmer, Martin Abildgaard y Marius Bundgaard.<\/p>\n<p style=\"text-align: justify;\">Anteriormente, hab\u00eda sido el combinado nacional femenino de Francia quien hab\u00eda inaugurado el medallero con el oro para Maelie Abadie, Candy Briere-Vetillard, Maelle Dumitru-Marin y Manon Morancais. La plata fue para Gran Breta\u00f1a con Megan Kealy, Jaeda-Lei Jeffers, Naana Oppon y Alisha Evanson, mientras que el bronce se lo colg\u00f3 B\u00e9lgica, gracias a Fran Renders, Sara Neyrinck, Lani Spiessens y Marth Renders.<\/p>\n<p style=\"text-align: justify;\"><strong>DOS OROS PARA EE.UU. EN DMT<\/strong><\/p>\n<p style=\"text-align: justify;\">El DMT ten\u00eda otra cita importante con la final por equipos masculina, donde el equipo de Estados Unidos formado por Trevor Harder, Simon Smith, Ruben Padilla y West Fowler se han subido a lo m\u00e1s alto del p\u00f3dium, flanqueados por Troy Sitkowski, Rohan Wilcox, Nicolas Diaz Ballas y Matthew French representando a Australia, mientras que en tercer puesto se ha colocado el equipo de atletas neutrales (2) formado por Mikhail Iurev, Mikhail Zalomin, Dmitrii Nartov y Kirill Panteleev. El equipo espa\u00f1ol integrado por Miguel C\u00f3rdoba, Carlos del Ser, Nu\u00f1o Fillafa\u00f1e y Nicolas Toribio ha finalizado en sexta posici\u00f3n.<\/p>\n<p style=\"text-align: justify;\">Por su parte, la final femenina ha encumbrado a las norteamericanas Aliah Raga, Kennedi Roberts y Grace Harder; que junto a las brit\u00e1nicas Kim Beattie, Kirsty Way y Molly McKenna han acompa\u00f1ado en el p\u00f3dium al equipo espa\u00f1ol.<\/p>\n<p style=\"text-align: justify;\"><strong>CLASIFICACIONES EN TRAMPOL\u00cdN SINCRONIZADO Y TUMBLING MASCULINO<\/strong>\u00a0<\/p>\n<p style=\"text-align: justify;\">Ocho parejas siguen adelante en la pelea por la gloria en la categor\u00eda de trampol\u00edn sincronizado. En hombres, Andrei Builou e Ivan Litvinovich han obtenido la mejor nota en las semifinales, mientras que en mujeres han sido las chinas Yicheng Hu y Xinxin Zhang. Por \u00faltimo, en mixto ha dominado la dupla formada por los estadounidenses Cheyenne Sarah Webster y Ryan Maccagnan.<\/p>\n<p style=\"text-align: justify;\">Una jornada de viernes que se ha abierto con el tumbling individual masculino, 24 nombres tienen ya acceso directo a las semifinales del s\u00e1bado; \u00a0el mismo d\u00eda que se decida el cape\u00f3n mundial. \u00a0Con los resultados obtenidos, Mikhail Malkin de Azerbayan se colocaba en cabeza con 59.200 puntos, seguido por el estadounidense Kaden Brown (58.100) y el tambi\u00e9n azer\u00ed Tofig Aliyev (57.600); tres gimnastas que unas horas m\u00e1s tarde se ba\u00f1ar\u00edan en oro y plata por equipos.<\/p>\n<p>\u00a0<\/p>\n","protected":false},"excerpt":{"rendered":"Tres mujeres, Melania Rodr\u00edguez, Marta L\u00f3pez y Loreto Tu\u00f1\u00f3n han logrado el primer metal para la delegaci\u00f3n espa\u00f1ola&hellip;\n","protected":false},"author":2,"featured_media":224092,"comment_status":"","ping_status":"","sticky":false,"template":"","format":"standard","meta":{"footnotes":""},"categories":[93],"tags":[26212,26213,1840,168,25,24,2501,2500,5152,13801,9843,26214,26210,23,167,26211],"class_list":{"0":"post-224091","1":"post","2":"type-post","3":"status-publish","4":"format-standard","5":"has-post-thumbnail","7":"category-deportes","8":"tag-acrobatica","9":"tag-aerobica","10":"tag-artistica","11":"tag-deportes","12":"tag-es","13":"tag-espana","14":"tag-espanola","15":"tag-federacion","16":"tag-femenina","17":"tag-gimnasia","18":"tag-masculina","19":"tag-rfeg","20":"tag-ritmica","21":"tag-spain","22":"tag-sports","23":"tag-trampolin"},"share_on_mastodon":{"url":"https:\/\/pubeurope.com\/@es\/115510794307571722","error":""},"_links":{"self":[{"href":"https:\/\/www.europesays.com\/es\/wp-json\/wp\/v2\/posts\/224091","targetHints":{"allow":["GET"]}}],"collection":[{"href":"https:\/\/www.europesays.com\/es\/wp-json\/wp\/v2\/posts"}],"about":[{"href":"https:\/\/www.europesays.com\/es\/wp-json\/wp\/v2\/types\/post"}],"author":[{"embeddable":true,"href":"https:\/\/www.europesays.com\/es\/wp-json\/wp\/v2\/users\/2"}],"replies":[{"embeddable":true,"href":"https:\/\/www.europesays.com\/es\/wp-json\/wp\/v2\/comments?post=224091"}],"version-history":[{"count":0,"href":"https:\/\/www.europesays.com\/es\/wp-json\/wp\/v2\/posts\/224091\/revisions"}],"wp:featuredmedia":[{"embeddable":true,"href":"https:\/\/www.europesays.com\/es\/wp-json\/wp\/v2\/media\/224092"}],"wp:attachment":[{"href":"https:\/\/www.europesays.com\/es\/wp-json\/wp\/v2\/media?parent=224091"}],"wp:term":[{"taxonomy":"category","embeddable":true,"href":"https:\/\/www.europesays.com\/es\/wp-json\/wp\/v2\/categories?post=224091"},{"taxonomy":"post_tag","embeddable":true,"href":"https:\/\/www.europesays.com\/es\/wp-json\/wp\/v2\/tags?post=224091"}],"curies":[{"name":"wp","href":"https:\/\/api.w.org\/{rel}","templated":true}]}}