{"id":224104,"date":"2025-11-07T22:44:08","date_gmt":"2025-11-07T22:44:08","guid":{"rendered":"https:\/\/www.europesays.com\/es\/224104\/"},"modified":"2025-11-07T22:44:08","modified_gmt":"2025-11-07T22:44:08","slug":"carlos-alcaraz-y-jannik-sinner-homenajean-a-nadal-y-federer-atp-tour","status":"publish","type":"post","link":"https:\/\/www.europesays.com\/es\/224104\/","title":{"rendered":"Carlos Alcaraz y Jannik Sinner \u2018homenajean\u2019 a Nadal y Federer | ATP Tour"},"content":{"rendered":"<p>        Nitto ATP Finals<br \/>\n    Alcaraz y Sinner \u2018homenajean\u2019 a Nadal y Federer<\/p>\n<p>El espa\u00f1ol y el italiano entrenaron este viernes en las Nitto ATP Finals, como Nadal y Federer hace 16 a\u00f1os<\/p>\n<p>November 07, 2025<\/p>\n<p>            <img decoding=\"async\" src=\"https:\/\/www.europesays.com\/es\/wp-content\/uploads\/2025\/11\/alcaraz-sinner-nitto-atp-finals-2025-trophy.jpg\" alt=\"Carlos Alcaraz y Jannik Sinner deciden el ATP Year-End No. 1 presented by PIF en las Nitto ATP Finals.\"\/><\/p>\n<p>Clive Brunskill\/Getty Images<\/p>\n<p>        Carlos Alcaraz y Jannik Sinner deciden el ATP Year-End No. 1 presented by PIF en las Nitto ATP Finals.<br \/>\n        By Redacci\u00f3n ATP <\/p>\n<p>Est\u00e1 muy lejos de ser una rutina habitual previa a un gran torneo.<\/p>\n<p> Ver entrenar juntos al No. 1 y No. 2 del PIF ATP Rankings es muy poco com\u00fan. Algo realmente excepcional. A\u00fan m\u00e1s a pocas horas de que este domingo, 9 de noviembre comiencen las <a href=\"https:\/\/www.atptour.com\/es\/tournaments\/nitto-atp-finals\/605\/overview\" rel=\"nofollow noopener\" target=\"_blank\">Nitto ATP Finals<\/a>, el prestigioso torneo de final de temporada que re\u00fane a los ocho mejores jugadores del a\u00f1o.<\/p>\n<p>Sin embargo, el Inalpi Arena vio al principal favorito, <a href=\"https:\/\/www.atptour.com\/es\/players\/carlos-alcaraz\/a0e2\/overview\" rel=\"nofollow noopener\" target=\"_blank\">Carlos Alcaraz<\/a>, y al vigente campe\u00f3n, <a href=\"https:\/\/www.atptour.com\/es\/players\/jannik-sinner\/s0ag\/overview\" rel=\"nofollow noopener\" target=\"_blank\">Jannik Sinner<\/a>, medir su nivel frente a frente antes de que arranque la competici\u00f3n en Tur\u00edn. Primero, en la pista Sebastopoli pudieron afinar sus raquetas en un intenso calentamiento durante una hora y, a continuaci\u00f3n, se trasladaron a la Pista Central para ponerse a prueba una hora m\u00e1s en un set que cay\u00f3 en manos del italiano por 6-3.<\/p>\n<p> \u201cNo es la primera vez que entreno con \u00e9l y seguramente no ser\u00e1 la \u00faltima\u201d, asegur\u00f3 el espa\u00f1ol con una sonrisa el mismo viernes por la tarde en el encuentro con la prensa espa\u00f1ola en Tur\u00edn. \u201cNo sacaremos ninguna informaci\u00f3n, ya que nos conocemos m\u00e1s que de sobra, pero nos damos ritmo mutuamente para empezar el torneo de una buena manera\u201d.<\/p>\n<p>Y es que no tienen nada que ocultarse. Sin ir m\u00e1s lejos, registran una rivalidad Lexus ATP Haed2Head de 10-5 favorable al espa\u00f1ol, que adem\u00e1s ha sido capaz de anotarse cuatro de los cinco partidos que han encarado cara a cara este curso. <\/p>\n<p>A pesar de que Alcaraz trate de restarle importancia a las dos horas que comparti\u00f3 con su gran rival, la escena cobra a\u00fan m\u00e1s relevancia si se tiene en cuenta que los dos protagonistas pelean en Tur\u00edn por ser la mejor raqueta de 2025. Las <a href=\"https:\/\/www.atptour.com\/es\/tournaments\/nitto-atp-finals\/605\/overview\" rel=\"nofollow noopener\" target=\"_blank\">Nitto ATP Finals<\/a>, adem\u00e1s del trofeo, tambi\u00e9n ponen en juego el No. 1 al final del a\u00f1o (ATP Year-End No. 1 presented by PIF).<\/p>\n<p>Aunque Sinner lidera esta semana el PIF ATP Rankings, su condici\u00f3n de defensor del t\u00edtulo permitir\u00e1 a Alcaraz arrebatarle el trono el pr\u00f3ximo lunes. No obstante, el espa\u00f1ol suma 11.050 puntos en la PIF ATP Live Race To Turin, o lo que es lo mismo, 1.050 m\u00e1s que su m\u00e1ximo perseguidor.<\/p>\n<p>Tambi\u00e9n Podr\u00eda Interesarle: <a href=\"https:\/\/www.atptour.com\/es\/news\/nitto-atp-finals-2025-alcaraz-sinner-entrenamiento-viernes\" rel=\"nofollow noopener\" target=\"_blank\">Sinner y Alcaraz comparten un entrenamiento especial en Tur\u00edn<\/a><\/p>\n<p>Eso s\u00ed, por raro que parezca, no es la primera vez que algo as\u00ed sucede en la historia de las <a href=\"https:\/\/www.atptour.com\/es\/tournaments\/nitto-atp-finals\/605\/overview\" rel=\"nofollow noopener\" target=\"_blank\">Nitto ATP Finals<\/a>. En cierto modo \u2014y sin saberlo\u2014 Alcaraz y Sinner \u2018honraron\u2019 a <a href=\"https:\/\/www.atptour.com\/es\/players\/roger-federer\/f324\/overview\" rel=\"nofollow noopener\" target=\"_blank\">Roger Federer<\/a> y <a href=\"https:\/\/www.atptour.com\/es\/players\/rafael-nadal\/n409\/overview\" rel=\"nofollow noopener\" target=\"_blank\">Rafael Nadal<\/a>. Hace diecis\u00e9is temporadas, en 2009, el No. 1 y el No. 2, respectivamente, se reunieron en la pista de entrenamiento antes de debutar en una edici\u00f3n que entonces se celebr\u00f3 en Londres.<\/p>\n<p> \u201c\u00a1Buah! La verdad que no lo sab\u00eda. \u00a1No ten\u00eda ni idea!\u201d, respondi\u00f3 sorprendido Alcaraz a la pregunta de ATPTour.com. \u201cCreo que tambi\u00e9n por esto el torneo es \u00fanico, al final est\u00e1n los ocho mejores y te permite entrenar con ellos\u201d.<\/p>\n<p> \u201cNo es mi caso, pero es verdad que hay ciertos jugadores que al ver el grupo no quieren entrenar con los que van a jugar despu\u00e9s\u201d, continu\u00f3 explicando el murciano enmarcado en el Grupo <a href=\"https:\/\/www.atptour.com\/es\/players\/jimmy-connors\/c044\/overview\" rel=\"nofollow noopener\" target=\"_blank\">Jimmy Connors<\/a>, junto a <a href=\"https:\/\/www.atptour.com\/es\/players\/novak-djokovic\/d643\/overview\" rel=\"nofollow noopener\" target=\"_blank\">Novak Djokovic<\/a>, <a href=\"https:\/\/www.atptour.com\/es\/players\/taylor-fritz\/fb98\/overview\" rel=\"nofollow noopener\" target=\"_blank\">Taylor Fritz<\/a> y Alex de Mi\u00f1aur. \u201cTambi\u00e9n es una gran oportunidad para poder entrenar con Jannik y con otros jugadores\u201d.<\/p>\n<p>Por cierto, \u00bfsaben c\u00f3mo acab\u00f3 el \u00fanico set que disputaron? Efectivamente, 6-3. En este caso, para Roger.<\/p>\n","protected":false},"excerpt":{"rendered":"Nitto ATP Finals Alcaraz y Sinner \u2018homenajean\u2019 a Nadal y Federer El espa\u00f1ol y el italiano entrenaron este&hellip;\n","protected":false},"author":2,"featured_media":224105,"comment_status":"","ping_status":"","sticky":false,"template":"","format":"standard","meta":{"footnotes":""},"categories":[274],"tags":[168,25,24,23,167,327,326],"class_list":{"0":"post-224104","1":"post","2":"type-post","3":"status-publish","4":"format-standard","5":"has-post-thumbnail","7":"category-tenis","8":"tag-deportes","9":"tag-es","10":"tag-espana","11":"tag-spain","12":"tag-sports","13":"tag-tenis","14":"tag-tennis"},"share_on_mastodon":{"url":"https:\/\/pubeurope.com\/@es\/115510841789200392","error":""},"_links":{"self":[{"href":"https:\/\/www.europesays.com\/es\/wp-json\/wp\/v2\/posts\/224104","targetHints":{"allow":["GET"]}}],"collection":[{"href":"https:\/\/www.europesays.com\/es\/wp-json\/wp\/v2\/posts"}],"about":[{"href":"https:\/\/www.europesays.com\/es\/wp-json\/wp\/v2\/types\/post"}],"author":[{"embeddable":true,"href":"https:\/\/www.europesays.com\/es\/wp-json\/wp\/v2\/users\/2"}],"replies":[{"embeddable":true,"href":"https:\/\/www.europesays.com\/es\/wp-json\/wp\/v2\/comments?post=224104"}],"version-history":[{"count":0,"href":"https:\/\/www.europesays.com\/es\/wp-json\/wp\/v2\/posts\/224104\/revisions"}],"wp:featuredmedia":[{"embeddable":true,"href":"https:\/\/www.europesays.com\/es\/wp-json\/wp\/v2\/media\/224105"}],"wp:attachment":[{"href":"https:\/\/www.europesays.com\/es\/wp-json\/wp\/v2\/media?parent=224104"}],"wp:term":[{"taxonomy":"category","embeddable":true,"href":"https:\/\/www.europesays.com\/es\/wp-json\/wp\/v2\/categories?post=224104"},{"taxonomy":"post_tag","embeddable":true,"href":"https:\/\/www.europesays.com\/es\/wp-json\/wp\/v2\/tags?post=224104"}],"curies":[{"name":"wp","href":"https:\/\/api.w.org\/{rel}","templated":true}]}}