{"id":224106,"date":"2025-11-07T22:45:16","date_gmt":"2025-11-07T22:45:16","guid":{"rendered":"https:\/\/www.europesays.com\/es\/224106\/"},"modified":"2025-11-07T22:45:16","modified_gmt":"2025-11-07T22:45:16","slug":"deja-el-movistar-team-y-anuncia-su-retirada-del-ciclismo-profesional","status":"publish","type":"post","link":"https:\/\/www.europesays.com\/es\/224106\/","title":{"rendered":"Deja el Movistar Team y anuncia su retirada del ciclismo profesional"},"content":{"rendered":"<p class=\"parrafo\"><strong>A diferencia de la temporada anterior, el Movistar Team adelant\u00f3 el nombre de todos sus fichajes cuando la temporada estaba a\u00fan en disputa y se abri\u00f3 la &#8216;veda&#8217; a partir del 1 de agosto<\/strong>. Y, a la finalizaci\u00f3n de la misma, anunci\u00f3 las renovaciones de golpe. Los nombres que no aparec\u00edan en esa lista, pese a no decirlo, era porque no seguir\u00edan en la campa\u00f1a venidera.<\/p>\n<p class=\"parrafo\">Esos nombres, m\u00e1s o menos, ya se conoc\u00edan desde semanas antes, pues se hab\u00edan ido filtrando y, de hecho, todos ellos acabaron la temporada en el Tour de Guangxi, en China, cuando la mayor\u00eda de sus compa\u00f1eros ya se hab\u00edan marchado de vacaciones porque apenas quince d\u00edas despu\u00e9s ten\u00edan prevista una primera concentraci\u00f3n para preparar la pr\u00f3xima temporada.<\/p>\n<p><a class=\"elementos-rel-t2\" href=\"https:\/\/www.estadiodeportivo.com\/ciclismo\/enric-mas-acaba-con-las-especulaciones-tras-reciente-operacion-rodilla-despues-llegada-nuevo-lider-movistar-team-20251106-519369.html\" title=\"Enric Mas acaba con las especulaciones tras su reciente operaci\u00f3n de rodilla y despu\u00e9s de la llegada de un nuevo l\u00edder al Movistar Team\" rel=\"nofollow noopener\" target=\"_blank\">Enric Mas acaba con las especulaciones tras su reciente operaci\u00f3n de rodilla y despu\u00e9s de la llegada de un nuevo l\u00edder al Movistar Team<img decoding=\"async\" src=\"https:\/\/www.europesays.com\/es\/wp-content\/uploads\/2025\/11\/7d68d86b-b65f-46d0-8bf6-9d37ffe8ed21_320x180.jpeg\" alt=\"Enric Mas acaba con las especulaciones tras su reciente operaci\u00f3n de rodilla y despu\u00e9s de la llegada de un nuevo l\u00edder al Movistar Team\"\/><\/a><\/p>\n<p class=\"parrafo\"><strong>En China estuvieron los Gregor M\u00fchlberger, que ya hab\u00eda confirmado su marcha al Decathlon, Antonio Pedrero, Fernando Gaviria o un Davide Cimolai que confirm\u00f3 su a\u00f1o nefasto, <\/strong>acabando el \u00faltimo de su equipo en Guangxi y cerrando la temporada 2025 sin sumar ni un punto UCI en todo el a\u00f1o.<\/p>\n<p><img decoding=\"async\" src=\"https:\/\/www.europesays.com\/es\/wp-content\/uploads\/2025\/11\/b8487218-f533-471b-a04a-be983b06c10b_800x453.jpeg\" loading=\"lazy\"\/><\/p>\n<p class=\"parrafo\"><strong>Cimolai, ex del Lampre, del Cofidis, etc. y uno de los m\u00e1s veteranos del equipo telef\u00f3nico dec\u00eda adi\u00f3s, a sus 36 a\u00f1os, tras dos temporadas en el Movistar Team<\/strong> y con unas perspectivas de futuro imprecisas que, salvo sorpresa, <strong>van a acabar en su retirada.<\/strong><\/p>\n<p>Apunta Cimolai al Marat\u00f3n de Nueva Tork<\/p>\n<p class=\"parrafo\">As\u00ed lo ha confirmado el propio ciclista italiano en tuttobiciweb, donde ha dejado claro que el Movistar ser\u00e1 su \u00faltimo equipo como profesional. \u00abA principios de a\u00f1o <strong>me hab\u00eda fijado el objetivo de correr tambi\u00e9n en 2026, pero me he encontrado con una temporada muy exigente, tanto f\u00edsica como mentalmente. <\/strong>Para divertirme y rendir al m\u00e1ximo, necesito estar al 100%, porque no soy un fen\u00f3meno y ya tengo una cierta edad, pero este a\u00f1o<strong> nunca he alcanzado el nivel que quer\u00eda\u00bb, se\u00f1alaba Davide Cimolai<\/strong>, que ha tenido oportunidades en muchas pruebas de &#8216;segunda&#8217; fila, pero cuyo mejor resultado ha sido un 14\u00ba puesto a principios de a\u00f1o en el UAE Tour.<\/p>\n<p><a class=\"elementos-rel-t2\" href=\"https:\/\/www.estadiodeportivo.com\/ciclismo\/ivan-romeo-sobre-caso-lazkano-nos-realizan-mas-controles-que-nadie-20251104-519058.html\" title=\"Iv\u00e1n Romeo, sobre el caso Lazkano: &quot;Nos realizan m\u00e1s controles que a nadie&quot;\" rel=\"nofollow noopener\" target=\"_blank\">Iv\u00e1n Romeo, sobre el caso Lazkano: \u00abNos realizan m\u00e1s controles que a nadie\u00bb<img decoding=\"async\" src=\"https:\/\/www.europesays.com\/es\/wp-content\/uploads\/2025\/11\/21e48253-83b4-4f2d-9d75-af9681eba1ad_320x180.jpeg\" alt=\"Iv\u00e1n Romeo, sobre el caso Lazkano: &quot;Nos realizan m\u00e1s controles que a nadie&quot;\"\/><\/a><\/p>\n<p class=\"parrafo\">Cimolai no ha dicho oficialmente adi\u00f3s, pero en sus palabras sobre lo que tiene pensado hacer este a\u00f1o pr\u00f3ximo ya se puede apreciar que es una retirada definitiva. <strong>\u00abSiempre me ha gustado -correr-, querr\u00eda empezar pronto a hacer alguna media marat\u00f3n, con el sue\u00f1o \u00faltimo de correr, alg\u00fan d\u00eda, la marat\u00f3n de Nueva York\u00bb, afirma sobre sus planes futuros.<\/strong> En cuanto a los inmediatos, tambi\u00e9n tiene opciones. \u00abEstoy valorando algunas propuestas del entorno, pero dir\u00eda que 2025 ha sido mi \u00faltimo a\u00f1o como profesional. A\u00fan as\u00ed, quiero sopesar bien mis opciones. <strong>Seguir es una posibilidad, sobre todo para ayudar a los j\u00f3venes\u00bb, admit\u00eda, no obstante Cimolai. <\/strong><\/p>\n<p class=\"parrafo\">\u00abCon el tiempo he desarrollado inter\u00e9s en otras cosas, como en la agricultura. Me gustar\u00eda probar a meterme en ello. Nac\u00ed y crec\u00ed en bicicleta, pero fuera hay m\u00e1s vida\u00bb, sentenciaba el ya ex del Movistar Team.<\/p>\n","protected":false},"excerpt":{"rendered":"A diferencia de la temporada anterior, el Movistar Team adelant\u00f3 el nombre de todos sus fichajes cuando la&hellip;\n","protected":false},"author":2,"featured_media":224107,"comment_status":"","ping_status":"","sticky":false,"template":"","format":"standard","meta":{"footnotes":""},"categories":[273],"tags":[313,312,168,25,24,284,8660,744,23,167],"class_list":{"0":"post-224106","1":"post","2":"type-post","3":"status-publish","4":"format-standard","5":"has-post-thumbnail","7":"category-ciclismo","8":"tag-ciclismo","9":"tag-cycling","10":"tag-deportes","11":"tag-es","12":"tag-espana","13":"tag-estadio-deportivo","14":"tag-movistar-team","15":"tag-polideportivo","16":"tag-spain","17":"tag-sports"},"share_on_mastodon":{"url":"https:\/\/pubeurope.com\/@es\/115510845515811473","error":""},"_links":{"self":[{"href":"https:\/\/www.europesays.com\/es\/wp-json\/wp\/v2\/posts\/224106","targetHints":{"allow":["GET"]}}],"collection":[{"href":"https:\/\/www.europesays.com\/es\/wp-json\/wp\/v2\/posts"}],"about":[{"href":"https:\/\/www.europesays.com\/es\/wp-json\/wp\/v2\/types\/post"}],"author":[{"embeddable":true,"href":"https:\/\/www.europesays.com\/es\/wp-json\/wp\/v2\/users\/2"}],"replies":[{"embeddable":true,"href":"https:\/\/www.europesays.com\/es\/wp-json\/wp\/v2\/comments?post=224106"}],"version-history":[{"count":0,"href":"https:\/\/www.europesays.com\/es\/wp-json\/wp\/v2\/posts\/224106\/revisions"}],"wp:featuredmedia":[{"embeddable":true,"href":"https:\/\/www.europesays.com\/es\/wp-json\/wp\/v2\/media\/224107"}],"wp:attachment":[{"href":"https:\/\/www.europesays.com\/es\/wp-json\/wp\/v2\/media?parent=224106"}],"wp:term":[{"taxonomy":"category","embeddable":true,"href":"https:\/\/www.europesays.com\/es\/wp-json\/wp\/v2\/categories?post=224106"},{"taxonomy":"post_tag","embeddable":true,"href":"https:\/\/www.europesays.com\/es\/wp-json\/wp\/v2\/tags?post=224106"}],"curies":[{"name":"wp","href":"https:\/\/api.w.org\/{rel}","templated":true}]}}