{"id":224114,"date":"2025-11-07T22:50:11","date_gmt":"2025-11-07T22:50:11","guid":{"rendered":"https:\/\/www.europesays.com\/es\/224114\/"},"modified":"2025-11-07T22:50:11","modified_gmt":"2025-11-07T22:50:11","slug":"entre-el-labrador-y-los-ilustres-el-abrazo","status":"publish","type":"post","link":"https:\/\/www.europesays.com\/es\/224114\/","title":{"rendered":"Entre el Labrador y los Ilustres, El Abrazo"},"content":{"rendered":"<p><a class=\"v-mdl-ath__fig-a\" href=\"https:\/\/www.larioja.com\/autor\/maria-jose-lumbreras-361.html\" title=\"Mar\u00eda Jos\u00e9 Lumbreras\" rel=\"nofollow noopener\" target=\"_blank\"><br \/>\n<img decoding=\"async\" class=\"v-mdl-ath__img\" src=\"https:\/\/www.europesays.com\/es\/wp-content\/uploads\/2025\/11\/firmas-53467a2c07f63-foto.jpg\" alt=\"Mar\u00eda Jos\u00e9 Lumbreras\"\/><br \/>\n<\/a><\/p>\n<p class=\"v-mdl-ath__p v-mdl-ath__p--6\">\nViernes, 7 de noviembre 2025, 20:52<\/p>\n<p class=\"v-p\">Entre el Monumento al Labrador y la Fuente de Los Riojanos Ilustres se encuentra desde este viernes El Abrazo, una obra escult\u00f3rica que firman Dalmati y Narvaiza, cedida por la familia de los artistas, y que permanecer\u00e1 indefinidamente en la plaza que lleva sus nombres. S\u00ed, la plaza sal\u00f3n de Gran V\u00eda se rebautiz\u00f3 para dedicarla a los escultores cuya obra se reparte por distintos lugares de la ciudad, incluso por el interior del Cubo del Revell\u00edn, aunque ni Google se hab\u00eda hecho eco a\u00fan del cambio de designaci\u00f3n de este espacio. Pero eso fue hasta este viernes. Solucionado, dijo el alcalde, Conrado Escobar, cuando, ante un buen n\u00famero de familiares de Dalmati y Narvaiza, quiso darles las gracias por hacer a la ciudad custodia de esta nueva pieza.<\/p>\n<p class=\"v-p\">El motivo, el abrazo, se quedar\u00e1 en un lugar donde se dieron muchos, de bienvenida y de adi\u00f3s porque en la plaza sal\u00f3n de la Gran V\u00eda, en la nueva plaza Dalmati y Narvaiza, estuvo durante a\u00f1os la estaci\u00f3n del ferrocarril hasta que fue trasladada a la plaza de Europa. As\u00ed lo recordaba la cronista de la ciudad Isabel Murillo, quien tambi\u00e9n particip\u00f3 en el acto organizado en el sitio a media tarde. \u00abCu\u00e1ntas despedidas se producir\u00edan aqu\u00ed mismo\u00bb, dec\u00eda.<\/p>\n<p class=\"v-p\">El concejal de Urbanismo, \u00cd\u00f1igo L\u00f3pez Araquistain, hac\u00eda hincapi\u00e9, por su parte, en el humanismo profundo y la energ\u00eda que rebosa la obra de t\u00edo y sobrino, chilenos de nacimiento, de familia riojana en cualquier caso.<\/p>\n<p>\n\u00abLos dos juntos, como siempre\u00bb, tambi\u00e9n en el espacio p\u00fablico que lleva sus nombres, afirm\u00f3 Mari Luz Mart\u00ednez, viuda de Narvaiza\n<\/p>\n<p class=\"v-p\">Mari Luz Mart\u00ednez, viuda de Alejandro Narvaiza, se refiri\u00f3 a la gran alegr\u00eda de la familia y el honor que representa la concesi\u00f3n del nombre de la plaza, as\u00ed como la conexi\u00f3n entre los dos artistas, tambi\u00e9n en este momento. \u00abLos dos juntos, como siempre\u00bb, dec\u00eda, para recordar que Dalmati y Narvaiza vivieron siempre en casas contiguas y que el sobrino siempre estuvo en el taller del t\u00edo, que fue quien m\u00e1s le influy\u00f3 y a quien consideraba un genio. \u00abSiempre dec\u00eda que ten\u00eda dos padres, el suyo y su t\u00edo\u00bb, recordaba quien fue su esposa.<\/p>\n<p class=\"v-p\">\u00abEllos eligieron esta ciudad para vivir y la embellecieron con sus obras\u00bb, cont\u00f3, para se\u00f1alar que la reci\u00e9n colocada ser\u00e1 \u00abpara el disfrute de todos los riojanos\u00bb. <\/p>\n<p><img decoding=\"async\" loading=\"lazy\" src=\"https:\/\/www.europesays.com\/es\/wp-content\/uploads\/2025\/11\/110187206-kT8F-U240160189829KQH-650x455@La Rioja.jpg\" class=\"v-a-img\" width=\"650\" height=\"455\" alt=\"Mari Luz Mart\u00ednez, viuda de Alejandro Narvaiza, durante su intervenci\u00f3n en el acto de este viernes.\" data-voc-vtm-id=\"in-text-traffic\"\/><\/p>\n<p>Mari Luz Mart\u00ednez, viuda de Alejandro Narvaiza, durante su intervenci\u00f3n en el acto de este viernes.<\/p>\n<p>Miguel Peche<\/p>\n<p><img loading=\"lazy\" decoding=\"async\" src=\"https:\/\/www.europesays.com\/es\/wp-content\/uploads\/2025\/11\/110187206.jpg\" class=\"v-mdl__img-z\" width=\"1920\" height=\"1344\" alt=\"\"\/><\/p>\n<p class=\"v-p\">El alcalde cerr\u00f3 la cita hablando de agradecimiento colectivo y de que la pieza reci\u00e9n colocada, de bronce con p\u00e1tina marr\u00f3n y con unas medidas de 39x37x81 cent\u00edmetros instalada sobre un pedestal de unos 45&#215;45 cent\u00edmetros, ser\u00e1 \u00abuna excusa m\u00e1s para acordarnos de quienes nos han hecho m\u00e1s universales\u00bb.<\/p>\n<p class=\"v-p\">Alejandro Narvaiza, el sobrino, el \u00faltimo del t\u00e1ndem, falleci\u00f3 hace ahora un a\u00f1o \u2013lo har\u00e1 el d\u00eda 12, exactamente\u2013, a los 83 a\u00f1os. Antes, Alejandro Rubio Dalmati nos hab\u00eda dejado en 2009 a los 96. Los dos desarrollaron juntos, mano a mano, una parte importante de su actividad profesional y dejaron un gran legado en la capital riojana con obras que han completado los espacios p\u00fablicos de la ciudad y que forman parte de sus estampas m\u00e1s ic\u00f3nicas.<\/p>\n<p class=\"v-p\">De familia riojana aunque nacidos en Chile, realizaron varias idas y venidas trasatl\u00e1nticas hasta que se produjo el regreso definitivo a La Rioja en 1964. Con los pasajes comprados, surgi\u00f3 el encargo de pintar un gran mural en un colegio salesiano en Concepci\u00f3n, en Chile, y fue entonces cuando decidieron hacerlo a medias, con Narvaiza con veinticuatro a\u00f1os. Empezaron cada uno por un extremo y, cuando se juntaron, parec\u00eda obra de un solo autor. As\u00ed comenz\u00f3 una firma que compartir\u00edan durante d\u00e9cadas.<\/p>\n<p class=\"v-p\">Al poco de llegar a Logro\u00f1o, Dalmati recibi\u00f3 el encargo del alcalde del momento, Julio Pernas, de un monumento a Franco, pero el artista propuso un trabajador, un artesano, un campesino&#8230; Y as\u00ed lleg\u00f3 el Monumento al Labrador (firmado por Dalmati, con Narvaiza en el proyecto), un bronce de casi tres metros de altura inaugurado en 1967. Aquella fue la primera. Este viernes Logro\u00f1o volvi\u00f3 a colocar una obra de esta pareja de artistas.<\/p>\n<p>Reporta un error<\/p>\n<p class=\"v-crt__t\"> L\u00edmite de sesiones alcanzadas<\/p>\n<p class=\"v-crt__p\">El acceso al contenido Premium est\u00e1 abierto por cortes\u00eda del establecimiento donde te encuentras, pero ahora mismo hay demasiados usuarios conectados a las vez.<\/p>\n<p class=\"v-crt__p\">Por favor, int\u00e9ntalo pasados unos minutos.<\/p>\n<p>\nVolver a intentar\n<\/p>\n<p class=\"v-crt__t\">Sesi\u00f3n cerrada<\/p>\n<p class=\"v-crt__p\">Al iniciar sesi\u00f3n desde un dispositivo distinto, por seguridad, se cerr\u00f3 la \u00faltima sesi\u00f3n en este.<\/p>\n<p class=\"v-crt__p\">Para continuar disfrutando de su suscripci\u00f3n digital, inicie sesi\u00f3n en este dispositivo.<\/p>\n<p>\nEste contenido es exclusivo para suscriptores\n<\/p>\n<p class=\"text\">\u00bfTienes una suscripci\u00f3n? <a href=\"https:\/\/secure.larioja.com\/identidad\/inicio#vca=suscribete&amp;vso=larioja&amp;vmc=on&amp;vli=cdn-ce-link-login\" class=\"login\" data-voc-vtm-id=\"comienzoSuscripcionON\" data-voc-vtm-info=\"cdn-ce-link-login\" rel=\"nofollow noopener\" target=\"_blank\">Inicia sesi\u00f3n<\/a><\/p>\n","protected":false},"excerpt":{"rendered":"Viernes, 7 de noviembre 2025, 20:52 Entre el Monumento al Labrador y la Fuente de Los Riojanos Ilustres&hellip;\n","protected":false},"author":2,"featured_media":224115,"comment_status":"","ping_status":"","sticky":false,"template":"","format":"standard","meta":{"footnotes":""},"categories":[173],"tags":[15919,229,233,231,230,232,234,146,147,25,24,13868,59326,23],"class_list":{"0":"post-224114","1":"post","2":"type-post","3":"status-publish","4":"format-standard","5":"has-post-thumbnail","7":"category-arte-y-diseno","8":"tag-abrazo","9":"tag-arte","10":"tag-arte-y-diseno","11":"tag-arts","12":"tag-arts-and-design","13":"tag-design","14":"tag-diseno","15":"tag-entertainment","16":"tag-entretenimiento","17":"tag-es","18":"tag-espana","19":"tag-ilustres","20":"tag-labrador","21":"tag-spain"},"share_on_mastodon":{"url":"https:\/\/pubeurope.com\/@es\/115510865381019932","error":""},"_links":{"self":[{"href":"https:\/\/www.europesays.com\/es\/wp-json\/wp\/v2\/posts\/224114","targetHints":{"allow":["GET"]}}],"collection":[{"href":"https:\/\/www.europesays.com\/es\/wp-json\/wp\/v2\/posts"}],"about":[{"href":"https:\/\/www.europesays.com\/es\/wp-json\/wp\/v2\/types\/post"}],"author":[{"embeddable":true,"href":"https:\/\/www.europesays.com\/es\/wp-json\/wp\/v2\/users\/2"}],"replies":[{"embeddable":true,"href":"https:\/\/www.europesays.com\/es\/wp-json\/wp\/v2\/comments?post=224114"}],"version-history":[{"count":0,"href":"https:\/\/www.europesays.com\/es\/wp-json\/wp\/v2\/posts\/224114\/revisions"}],"wp:featuredmedia":[{"embeddable":true,"href":"https:\/\/www.europesays.com\/es\/wp-json\/wp\/v2\/media\/224115"}],"wp:attachment":[{"href":"https:\/\/www.europesays.com\/es\/wp-json\/wp\/v2\/media?parent=224114"}],"wp:term":[{"taxonomy":"category","embeddable":true,"href":"https:\/\/www.europesays.com\/es\/wp-json\/wp\/v2\/categories?post=224114"},{"taxonomy":"post_tag","embeddable":true,"href":"https:\/\/www.europesays.com\/es\/wp-json\/wp\/v2\/tags?post=224114"}],"curies":[{"name":"wp","href":"https:\/\/api.w.org\/{rel}","templated":true}]}}