{"id":224118,"date":"2025-11-07T22:53:09","date_gmt":"2025-11-07T22:53:09","guid":{"rendered":"https:\/\/www.europesays.com\/es\/224118\/"},"modified":"2025-11-07T22:53:09","modified_gmt":"2025-11-07T22:53:09","slug":"180-grados-novedades-de-aqui","status":"publish","type":"post","link":"https:\/\/www.europesays.com\/es\/224118\/","title":{"rendered":"180 grados &#8211; Novedades de Aqu\u00ed"},"content":{"rendered":"<p>Rosal\u00eda encabeza con cuatro canciones de \u00abLux\u00bb, su cuarto disco, esta sesi\u00f3n que recoge algunas de las novedades nacionales de la \u00faltima temporada. <\/p>\n<p>ROSAL\u00cdA &#8211;  La Rumba Del Perd\u00f3n feat. Estrella Morente, Silvia P\u00e9rez Cruz<\/p>\n<p>ROSAL\u00cdA &#8211; Porcelana<\/p>\n<p>ROSAL\u00cdA &#8211; Dios Es Un Stalker<\/p>\n<p>ROSAL\u00cdA &#8211; La Perla<\/p>\n<p>MAR\u00cdA ARNAL &#8211; AMA<\/p>\n<p>RUFUS T FIREFLY &#8211; He Son\u0303ado que tocaba en Tri\u00e1ngulo de Amor Bizarro<\/p>\n<p>BUM MOTION CLUB &#8211; Distracciones<\/p>\n<p>CHIQUITA MOVIDA &#8211; Ojos Superocho<\/p>\n<p>RUB\u00c9N POZO &#8211; Ef\u00edmero<\/p>\n<p>QUIQUE GONZ\u00c1LEZ &#8211; De verdad lo siento (feat. Gorka Urbizu)<\/p>\n<p>GORKA URBIZU &#8211; Zilarra<\/p>\n<p>ONA MAFALDA &#8211; Rolling<\/p>\n<p>NI\u00d1OS BRAVOS &#8211; D\u00edas de Verano<\/p>\n<p>HIPERG\u00c9MINIS &#8211; Anabella<\/p>\n<p>RODHER &#8211; Para Volver A Empezar(me)<\/p>\n<p>REPION &#8211; X<\/p>\n","protected":false},"excerpt":{"rendered":"Rosal\u00eda encabeza con cuatro canciones de \u00abLux\u00bb, su cuarto disco, esta sesi\u00f3n que recoge algunas de las novedades&hellip;\n","protected":false},"author":2,"featured_media":224119,"comment_status":"","ping_status":"","sticky":false,"template":"","format":"standard","meta":{"footnotes":""},"categories":[170],"tags":[46052,146,147,25,24,184,185,59327,133,1448,1986,1987,23],"class_list":{"0":"post-224118","1":"post","2":"type-post","3":"status-publish","4":"format-standard","5":"has-post-thumbnail","7":"category-musica","8":"tag-180-grados","9":"tag-entertainment","10":"tag-entretenimiento","11":"tag-es","12":"tag-espana","13":"tag-music","14":"tag-musica","15":"tag-novedades-de-aqui","16":"tag-online","17":"tag-radio","18":"tag-rne","19":"tag-rtve-play","20":"tag-spain"},"share_on_mastodon":{"url":"https:\/\/pubeurope.com\/@es\/115510876968379896","error":""},"_links":{"self":[{"href":"https:\/\/www.europesays.com\/es\/wp-json\/wp\/v2\/posts\/224118","targetHints":{"allow":["GET"]}}],"collection":[{"href":"https:\/\/www.europesays.com\/es\/wp-json\/wp\/v2\/posts"}],"about":[{"href":"https:\/\/www.europesays.com\/es\/wp-json\/wp\/v2\/types\/post"}],"author":[{"embeddable":true,"href":"https:\/\/www.europesays.com\/es\/wp-json\/wp\/v2\/users\/2"}],"replies":[{"embeddable":true,"href":"https:\/\/www.europesays.com\/es\/wp-json\/wp\/v2\/comments?post=224118"}],"version-history":[{"count":0,"href":"https:\/\/www.europesays.com\/es\/wp-json\/wp\/v2\/posts\/224118\/revisions"}],"wp:featuredmedia":[{"embeddable":true,"href":"https:\/\/www.europesays.com\/es\/wp-json\/wp\/v2\/media\/224119"}],"wp:attachment":[{"href":"https:\/\/www.europesays.com\/es\/wp-json\/wp\/v2\/media?parent=224118"}],"wp:term":[{"taxonomy":"category","embeddable":true,"href":"https:\/\/www.europesays.com\/es\/wp-json\/wp\/v2\/categories?post=224118"},{"taxonomy":"post_tag","embeddable":true,"href":"https:\/\/www.europesays.com\/es\/wp-json\/wp\/v2\/tags?post=224118"}],"curies":[{"name":"wp","href":"https:\/\/api.w.org\/{rel}","templated":true}]}}