{"id":224128,"date":"2025-11-07T22:59:11","date_gmt":"2025-11-07T22:59:11","guid":{"rendered":"https:\/\/www.europesays.com\/es\/224128\/"},"modified":"2025-11-07T22:59:11","modified_gmt":"2025-11-07T22:59:11","slug":"wall-street-cierra-con-resultados-dispares-por-caida-en-el-indice-nasdaq","status":"publish","type":"post","link":"https:\/\/www.europesays.com\/es\/224128\/","title":{"rendered":"Wall Street Cierra Con Resultados Dispares Por Ca\u00edda En El \u00edNdice Nasdaq"},"content":{"rendered":"<p data-type=\"paragraph\" data=\"[object Object]\">La Bolsa de Nueva York cerr\u00f3 el viernes con resultados mixtos, al t\u00e9rmino de una semana marcada por preocupaciones sobre las altas valorizaciones de gigantes tecnol\u00f3gicos y la incertidumbre sobre el estado de la econom\u00eda estadounidense.<\/p>\n<p data-type=\"paragraph\" data=\"[object Object]\" class=\"emotion-1akm6h5-Paragraph e1e4oisd0\">El Dow Jones subi\u00f3 un 0,16% y el \u00edndice ampliado S&amp;P 500 gan\u00f3 un 0,13%. El tecnol\u00f3gico Nasdaq, en cambio, retrocedi\u00f3 un 0,21%, acumulando una p\u00e9rdida de m\u00e1s del 3% en la semana.<\/p>\n<p data-type=\"paragraph\" data=\"[object Object]\" class=\"emotion-1akm6h5-Paragraph e1e4oisd0\">\u00abEs muy desestabilizador (para el mercado, ndlr) no tener una visi\u00f3n global de la situaci\u00f3n econ\u00f3mica\u00bb, explic\u00f3 a la AFP Tom Cahill, de la firma Ventura Wealth Management.<\/p>\n<p data-type=\"paragraph\" data=\"[object Object]\" class=\"emotion-1akm6h5-Paragraph e1e4oisd0\">Debido a la par\u00e1lisis presupuestaria en Estados Unidos (\u00abshutdown\u00bb), que alcanz\u00f3 un r\u00e9cord de 38 d\u00edas, este viernes no se public\u00f3 el informe sobre empleo, un dato clave para los inversionistas.<\/p>\n<p data-type=\"paragraph\" data=\"[object Object]\" class=\"emotion-1akm6h5-Paragraph e1e4oisd0\">El \u00fanico indicador que se conoci\u00f3 fue el de confianza del consumidor en noviembre, que marc\u00f3 su nivel m\u00e1s bajo desde 2022, seg\u00fan una encuesta preliminar de la Universidad de Michigan.<\/p>\n<p data-type=\"paragraph\" data=\"[object Object]\" class=\"emotion-1akm6h5-Paragraph e1e4oisd0\">Tanto entre los consumidores como entre las empresas \u00abhay cierta preocupaci\u00f3n sobre la fecha en que el gobierno reanudar\u00e1 sus actividades\u00bb y sobre el hecho de \u00abque esto podr\u00eda afectar el crecimiento econ\u00f3mico\u00bb, agreg\u00f3 Cahill.<\/p>\n<p data-type=\"paragraph\" data=\"[object Object]\" class=\"emotion-1akm6h5-Paragraph e1e4oisd0\">El analista tambi\u00e9n explic\u00f3 que los inversionistas se alejaron durante la jornada de las acciones tecnol\u00f3gicas ante el \u00abtemor de que los gastos destinados\u00bb al desarrollo de la inteligencia artificial \u00abno sean rentables en un futuro cercano\u00bb.<\/p>\n<p data-type=\"paragraph\" data=\"[object Object]\" class=\"emotion-1akm6h5-Paragraph e1e4oisd0\">Sin embargo, son precisamente estas inversiones y el entusiasmo generalizado en torno a la IA los que han llevado a los principales \u00edndices de Wall Street a alcanzar m\u00e1ximos hist\u00f3ricos en los \u00faltimos meses.<\/p>\n<p data-type=\"paragraph\" data=\"[object Object]\" class=\"emotion-1akm6h5-Paragraph e1e4oisd0\">\u00abCuando los precios alcanzan o se acercan a sus m\u00e1ximos hist\u00f3ricos, los inversores encuentran razones para tomar ganancias\u00bb, indic\u00f3 Art Hogan, de B. Riley Wealth Management.<\/p>\n<p data-type=\"paragraph\" data=\"[object Object]\" class=\"emotion-1akm6h5-Paragraph e1e4oisd0\">El presidente de Estados Unidos, Donald Trump, afirm\u00f3 el viernes no estar preocupado por la posible existencia de una burbuja en los mercados financieros en torno a la IA y consider\u00f3 que esta tecnolog\u00eda \u00abser\u00e1 muy \u00fatil\u00bb.<\/p>\n<p data-type=\"paragraph\" data=\"[object Object]\" class=\"emotion-1akm6h5-Paragraph e1e4oisd0\">En la bolsa, la compa\u00f1\u00eda de veh\u00edculos el\u00e9ctricos Tesla retrocedi\u00f3 3,68% tras la aprobaci\u00f3n el jueves de un plan de remuneraci\u00f3n de 1 bill\u00f3n de d\u00f3lares del director ejecutivo de la empresa, Elon Musk, tras una votaci\u00f3n en la asamblea general de accionistas.<\/p>\n<p data-type=\"paragraph\" data=\"[object Object]\" class=\"emotion-1akm6h5-Paragraph e1e4oisd0\">tmc\/cr\/cjc\/cr\/dg<\/p>\n","protected":false},"excerpt":{"rendered":"La Bolsa de Nueva York cerr\u00f3 el viernes con resultados mixtos, al t\u00e9rmino de una semana marcada por&hellip;\n","protected":false},"author":2,"featured_media":123368,"comment_status":"","ping_status":"","sticky":false,"template":"","format":"standard","meta":{"footnotes":""},"categories":[80],"tags":[2300,82,95,94,115,25,24,114,23,116,113],"class_list":{"0":"post-224128","1":"post","2":"type-post","3":"status-publish","4":"format-standard","5":"has-post-thumbnail","7":"category-economia","8":"tag-bolsa","9":"tag-business","10":"tag-economia","11":"tag-economy","12":"tag-eeuu","13":"tag-es","14":"tag-espana","15":"tag-mercados","16":"tag-spain","17":"tag-synd","18":"tag-valores"},"share_on_mastodon":{"url":"https:\/\/pubeurope.com\/@es\/115510900540621799","error":""},"_links":{"self":[{"href":"https:\/\/www.europesays.com\/es\/wp-json\/wp\/v2\/posts\/224128","targetHints":{"allow":["GET"]}}],"collection":[{"href":"https:\/\/www.europesays.com\/es\/wp-json\/wp\/v2\/posts"}],"about":[{"href":"https:\/\/www.europesays.com\/es\/wp-json\/wp\/v2\/types\/post"}],"author":[{"embeddable":true,"href":"https:\/\/www.europesays.com\/es\/wp-json\/wp\/v2\/users\/2"}],"replies":[{"embeddable":true,"href":"https:\/\/www.europesays.com\/es\/wp-json\/wp\/v2\/comments?post=224128"}],"version-history":[{"count":0,"href":"https:\/\/www.europesays.com\/es\/wp-json\/wp\/v2\/posts\/224128\/revisions"}],"wp:featuredmedia":[{"embeddable":true,"href":"https:\/\/www.europesays.com\/es\/wp-json\/wp\/v2\/media\/123368"}],"wp:attachment":[{"href":"https:\/\/www.europesays.com\/es\/wp-json\/wp\/v2\/media?parent=224128"}],"wp:term":[{"taxonomy":"category","embeddable":true,"href":"https:\/\/www.europesays.com\/es\/wp-json\/wp\/v2\/categories?post=224128"},{"taxonomy":"post_tag","embeddable":true,"href":"https:\/\/www.europesays.com\/es\/wp-json\/wp\/v2\/tags?post=224128"}],"curies":[{"name":"wp","href":"https:\/\/api.w.org\/{rel}","templated":true}]}}