{"id":224131,"date":"2025-11-07T23:01:20","date_gmt":"2025-11-07T23:01:20","guid":{"rendered":"https:\/\/www.europesays.com\/es\/224131\/"},"modified":"2025-11-07T23:01:20","modified_gmt":"2025-11-07T23:01:20","slug":"si-hay-que-temer-algo-es-al-negacionismo-de-abascal-y-vox","status":"publish","type":"post","link":"https:\/\/www.europesays.com\/es\/224131\/","title":{"rendered":"\u201cSi hay que temer algo es al negacionismo de Abascal y Vox\u201d"},"content":{"rendered":"<p class=\"article-text\">\n        Ya lo hab\u00edan expresado miembros del Gobierno, pero este viernes, aprovechando adem\u00e1s su presencia en la cumbre internacional de lucha contra el cambio clim\u00e1tico  por antonomasia (la COP30 que se celebra en Brasil), el presidente ha querido dejar claro su temor a que un acuerdo entre PP y Vox en la Comunitat Valenciana ponga a\u00fan m\u00e1s en riesgo los esfuerzos por la lucha contra la emergencia clim\u00e1tica en esa regi\u00f3n, especialmente golpeada por fen\u00f3menos como la dana, que dej\u00f3 229 muertos hace un a\u00f1o. Pedro S\u00e1nchez ha reclamado elecciones: \u201cSi hay que temer algo es al negacionismo de Abascal y de Vox. Y lo que no hay que temer es a la voz de los ciudadanos y ciudadanas de la Comunitat Valenciana\u201d.\n    <\/p>\n<p>    <a href=\"https:\/\/www.eldiario.es\/comunitat-valenciana\/politica\/boe-publica-cese-carlos-mazon-presidente-generalitat-valenciana-marca-negociacion-pp-vox_1_12748850.html\" data-mrf-recirculation=\"saber-mas\" data-dl-event=\"saber-mas\" rel=\"nofollow noopener\" target=\"_blank\"><\/p>\n<p class=\"know-more__title\">El Gobierno publica el cese de Maz\u00f3n como presidente de la Generalitat sin agradecer los servicios prestados<\/p>\n<p>            <img decoding=\"async\" class=\"lazy\" loading=\"lazy\" data-src=\"https:\/\/static.eldiario.es\/clip\/50b02361-17d2-457f-b321-5b45da87684a_16-9-aspect-ratio_default_0.jpg\" src=\"data:image\/svg+xml,%3Csvg xmlns=\" http:=\"\" viewbox=\"0 0 880 495\" alt=\"El Gobierno publica el cese de Maz\u00f3n como presidente de la Generalitat sin agradecer los servicios prestados\"\/><\/p>\n<p>                        <\/a><\/p>\n<p class=\"article-text\">\n        \u201cComo presidente del Gobierno manifiesto mi preocupaci\u00f3n porque las negociaciones que se est\u00e1n produciendo y celebrando entre el Partido Popular y Vox deriven en un desmantelamiento de toda la agenda clim\u00e1tica, de toda la arquitectura institucional y presupuestaria para hacer frente a la emergencia clim\u00e1tica en una zona, el Mediterr\u00e1neo, en particular la Comunitat Valenciana, que claramente se ha visto afectada por las consecuencias de esta emergencia clim\u00e1tica\u201d, ha afirmado.\n    <\/p>\n<p class=\"article-text\">\n        \u201cEl problema no ha sido \u00fanicamente el expresidente Carlos Maz\u00f3n. El problema tambi\u00e9n ha sido una mayor\u00eda parlamentaria negacionista que ha banalizado, frivolizado y debilitado la respuesta desde la Comunitat Valenciana a los efectos de la emergencia clim\u00e1tica. Y ha sido m\u00e1s de 230 personas las que han sufrido las consecuencias de la negligencia, pero tambi\u00e9n de ese negacionismo\u201d, ha agregado S\u00e1nchez en referencia al acuerdo que Maz\u00f3n rubric\u00f3 con Vox en 2023 para hacerse con el poder y que, entre otras cosas, acababa con la reci\u00e9n creada Unidad de Emergencias Valenciana (UVE) que puso en marcha Ximo Puig.\n    <\/p>\n<p class=\"article-text\">\n        El presidente ha circunscrito esa petici\u00f3n de elecciones para \u201cromper esa mayor\u00eda negacionista y para que pueda haber un futuro diferente, m\u00e1s comprometido con la ciencia, con la raz\u00f3n, con pol\u00edticas p\u00fablicas que incrementen la seguridad de la Comunitat Valenciana ante un hecho evidente que son que es la emergencia clim\u00e1tica\u201d.\n    <\/p>\n<p class=\"article-text\">\n        Las palabras de S\u00e1nchez se producen en el marco de la COP30, a la que el tir\u00f3n antiecol\u00f3gico llega con cierta fuerza tras haber logrado descafeinar la posici\u00f3n de la UE, que mantiene, eso s\u00ed, el compromiso de reducir los gases de efecto invernadero en un 90% para 2040, y con la certeza de que Donald Trump har\u00e1 o\u00eddos sordos. El presidente, no obstante, ha evitado las cr\u00edticas directas a Trump. \u201cNo es noticia que la nueva Administraci\u00f3n de EEUU se est\u00e1 retirando de mucha de la agenda multilateral. Desde el punto de vista de otras potencias, el compromiso es firme\u201d, ha dicho el presidente, que se ha referido al acuerdo alcanzando en la UE: \u201cMe debo a lo que hace Europa, a lo que est\u00e1 liderando Espa\u00f1a y no opino sobre lo que puedan hacer otras administraciones\u201d.\n    <\/p>\n<p>    \u201cDi\u00e1logo\u201d como \u201creceta\u201d pese al portazo de Junts<\/p>\n<p class=\"article-text\">\n        S\u00e1nchez se reafirmado en que puede agotar la legislatura con los Presupuestos de 2023 prorrogados y se aferra a la \u201creceta\u201d del \u201cdi\u00e1logo, de comprensi\u00f3n, de compromiso, de voluntad, de llegar a acuerdos, de no imponer, sino de construir y compartir\u201d para seguir adelante pese al portazo que este jueves volvi\u00f3 a darle Junts al asegurar que rechazar\u00e1 todas las leyes que el Gobierno tenga o lleve al Congreso a partir de ahora. \u201cMe tomo muy en serio, l\u00f3gicamente, lo que dicen los grupos parlamentarios, pero creo que el esfuerzo merece la pena y que debemos perseverar en este empe\u00f1o porque los resultados est\u00e1n ah\u00ed\u201d, ha dicho el presidente sobre el crecimiento econ\u00f3mico y del empleo que le llevan a asegurar que Espa\u00f1a vive \u201csu mejor momento en los \u00faltimos 45 a\u00f1os\u201d.\n    <\/p>\n<p class=\"article-text\">\n        \u201cLo hemos logrado con mucho esfuerzo, con mucha convicci\u00f3n, con mucha tenacidad, con mucha capacidad de di\u00e1logo y de llegar a acuerdos\u201d, ha asegurado S\u00e1nchez en una rueda de prensa en Belem (Brasil) tras participar en la COP30. El presidente se ha referido a los datos macroecon\u00f3micos, pero tambi\u00e9n a la \u201cproyecci\u00f3n internacional\u201d de Espa\u00f1a, en un momento en el que saca pecho por el \u201cliderazgo\u201d en materia medioambiental, la \u201cpaz social\u201d, por los acuerdos alcanzados con sindicatos y empresarios, y \u201cpaz territorial\u201d, en referencia al conflicto pol\u00edtico en Catalunya.\n    <\/p>\n<p class=\"article-text\">\n        \u201cEl Gobierno de Espa\u00f1a va a ser el primero en arrimar el hombro, en tomarse en serio el cumplimiento de sus compromisos. Y lo que yo espero es que todos los grupos parlamentarios pongan de su parte, porque creo que el esfuerzo merece la pena\u201d, ha rematado.\n    <\/p>\n<p>    \u201cCon nuevos presupuestos, sin nuevos presupuestos\u201d hasta 2027<\/p>\n<p class=\"article-text\">\n        El mensaje que env\u00eda el presidente es que tiene margen para seguir gobernando, a pesar de que el &#8216;no&#8217; de los siete diputados de Junts a todas sus iniciativas provoque en la pr\u00e1ctica un bloqueo de la legislatura. De hecho, S\u00e1nchez ha admitido que seguir\u00e1 adelante aunque las cuentas p\u00fablicas no se aprueben. \u201cSobre los Presupuestos Generales del Estado hay tres certezas. La primera de ellas es que el Gobierno presentar\u00e1 los Presupuestos Generales del Estado. La segunda es que sudaremos la camiseta, como creo que la estamos sudando hoy todos aqu\u00ed por el calor que hace. Y en tercer lugar, que con nuevos presupuestos, sin nuevos presupuestos, Espa\u00f1a seguir\u00e1 avanzando y el Gobierno continuar\u00e1 con su hoja de ruta hasta que termine esta legislatura en el a\u00f1o 2027\u201d, ha respondido a las preguntas de los periodistas sobre si la legislatura est\u00e1 en v\u00eda muerta como dicen Junts y otros socios, entre ellos el PNV.\n    <\/p>\n<p class=\"article-text\">\n        Tambi\u00e9n se ha mostrado convencido de que se podr\u00e1n seguir empleando los fondos europeos del plan de recuperaci\u00f3n de la pandemia, que vencen en agosto de 2026.\n    <\/p>\n<p>    \u201cEl tiempo pondr\u00e1 las cosas en su lugar\u201d<\/p>\n<p class=\"article-text\">\n        Preguntado por la apertura de juicio oral para su hermano, que se sentar\u00e1 en banquillo entre el 9 y el 14 de febrero, acusados de prevaricaci\u00f3n y tr\u00e1fico de influencias junto con el actual secretario general del PSOE en Extremadura por su contrataci\u00f3n a trav\u00e9s de la Diputaci\u00f3n de Badajoz, S\u00e1nchez ha asegurado que \u201cel tiempo pondr\u00e1 las cosas en su sitio\u201d. \u201cEvidentemente, yo defender\u00e9 siempre la inocencia, en este caso de mi hermano, como defiendo tambi\u00e9n la inocencia de mi mujer\u201d, ha afirmado.\n    <\/p>\n<p>    <a href=\"https:\/\/www.eldiario.es\/politica\/gobierno-conjura-mantener-hoja-ruta-pese-bloqueo-practico-legislatura_1_12747742.html\" data-mrf-recirculation=\"saber-mas-abajo\" data-dl-event=\"saber-mas-abajo\" rel=\"nofollow noopener\" target=\"_blank\"><\/p>\n<p class=\"know-more__title\">El Gobierno se conjura para mantener su hoja de ruta pese al bloqueo pr\u00e1ctico de la legislatura<\/p>\n<p>            <img decoding=\"async\" class=\"lazy\" loading=\"lazy\" data-src=\"https:\/\/static.eldiario.es\/clip\/7a3a0faf-4830-435d-a531-75e938ac0bc0_16-9-aspect-ratio_default_0.jpg\" src=\"data:image\/svg+xml,%3Csvg xmlns=\" http:=\"\" viewbox=\"0 0 880 495\" alt=\"El Gobierno se conjura para mantener su hoja de ruta pese al bloqueo pr\u00e1ctico de la legislatura\"\/><\/p>\n<p>                        <\/a><\/p>\n<p class=\"article-text\">\n        El presidente ha dado una contestaci\u00f3n id\u00e9ntica para el caso del Fiscal General del Estado, \u00c1lvaro Garc\u00eda Ortiz, cuyo juicio se est\u00e1 celebrando estos d\u00edas por la filtraci\u00f3n del correo sobre el acuerdo que solicit\u00f3 la defensa de la pareja de Isabel D\u00edaz Ayuso, Alberto Gonz\u00e1lez Amador, por un fraude fiscal. \u201cCuenta con nuestra confianza. Creemos en su inocencia\u201d, ha dicho S\u00e1nchez, que ha mostrado el respeto por la labor de la Fiscal\u00eda General del Estado y del Tribunal Supremo. \u201cEspero que el tiempo ponga las cosas en su sitio\u201d, ha apostillado.\n    <\/p>\n","protected":false},"excerpt":{"rendered":"Ya lo hab\u00edan expresado miembros del Gobierno, pero este viernes, aprovechando adem\u00e1s su presencia en la cumbre internacional&hellip;\n","protected":false},"author":2,"featured_media":224132,"comment_status":"","ping_status":"","sticky":false,"template":"","format":"standard","meta":{"footnotes":""},"categories":[8],"tags":[686,17,18,10898,4374,25,24,13,14,1634,11,19,20,51020,9,10,15,16,17585,199,688,23,26641,12,21,22,11004,624],"class_list":{"0":"post-224131","1":"post","2":"type-post","3":"status-publish","4":"format-standard","5":"has-post-thumbnail","7":"category-espana","8":"tag-abascal","9":"tag-breaking-news","10":"tag-breakingnews","11":"tag-comunidad","12":"tag-elecciones","13":"tag-es","14":"tag-espana","15":"tag-featured-news","16":"tag-featurednews","17":"tag-hay","18":"tag-headlines","19":"tag-latest-news","20":"tag-latestnews","21":"tag-negacionismo","22":"tag-news","23":"tag-noticias","24":"tag-noticias-destacadas","25":"tag-noticiasdestacadas","26":"tag-reclama","27":"tag-sanchez","28":"tag-si","29":"tag-spain","30":"tag-temer","31":"tag-titulares","32":"tag-ultimas-noticias","33":"tag-ultimasnoticias","34":"tag-valenciana","35":"tag-vox"},"share_on_mastodon":{"url":"https:\/\/pubeurope.com\/@es\/115510908263913124","error":""},"_links":{"self":[{"href":"https:\/\/www.europesays.com\/es\/wp-json\/wp\/v2\/posts\/224131","targetHints":{"allow":["GET"]}}],"collection":[{"href":"https:\/\/www.europesays.com\/es\/wp-json\/wp\/v2\/posts"}],"about":[{"href":"https:\/\/www.europesays.com\/es\/wp-json\/wp\/v2\/types\/post"}],"author":[{"embeddable":true,"href":"https:\/\/www.europesays.com\/es\/wp-json\/wp\/v2\/users\/2"}],"replies":[{"embeddable":true,"href":"https:\/\/www.europesays.com\/es\/wp-json\/wp\/v2\/comments?post=224131"}],"version-history":[{"count":0,"href":"https:\/\/www.europesays.com\/es\/wp-json\/wp\/v2\/posts\/224131\/revisions"}],"wp:featuredmedia":[{"embeddable":true,"href":"https:\/\/www.europesays.com\/es\/wp-json\/wp\/v2\/media\/224132"}],"wp:attachment":[{"href":"https:\/\/www.europesays.com\/es\/wp-json\/wp\/v2\/media?parent=224131"}],"wp:term":[{"taxonomy":"category","embeddable":true,"href":"https:\/\/www.europesays.com\/es\/wp-json\/wp\/v2\/categories?post=224131"},{"taxonomy":"post_tag","embeddable":true,"href":"https:\/\/www.europesays.com\/es\/wp-json\/wp\/v2\/tags?post=224131"}],"curies":[{"name":"wp","href":"https:\/\/api.w.org\/{rel}","templated":true}]}}