{"id":224135,"date":"2025-11-07T23:07:22","date_gmt":"2025-11-07T23:07:22","guid":{"rendered":"https:\/\/www.europesays.com\/es\/224135\/"},"modified":"2025-11-07T23:07:22","modified_gmt":"2025-11-07T23:07:22","slug":"albacete-epicentro-mundial-del-golf","status":"publish","type":"post","link":"https:\/\/www.europesays.com\/es\/224135\/","title":{"rendered":"Albacete, epicentro mundial del golf"},"content":{"rendered":"<p>La ciudad de Albacete se convert\u00eda el pasado fin de semana en el epicentro mundial del golf. El Club de Golf \u2018Las Pinaillas\u2019 acog\u00eda la celebraci\u00f3n del Torneo Internacional de Golf \u2018DP World Tour\u2019, un evento que recalaba en la capital albacete\u00f1a por tercer a\u00f1o consecutivo.<\/p>\n<p><img loading=\"lazy\" decoding=\"async\" width=\"1200\" height=\"675\" src=\"https:\/\/www.europesays.com\/es\/wp-content\/uploads\/2025\/11\/GOLF_ALBACETE_7b22f14b-f6ac-49b7-ae9f-490b437d755f.jpeg\" alt=\"\" class=\"wp-image-1090959\"  \/>Torneo en el Club de Golf de Albacete \/ Foto cedida<\/p>\n<p>En concreto, m\u00e1s de 70 golfistas llegados de pa\u00edses de todo el mundo se daban cita nuevamente en Albacete desde el 30 de octubre, para formar parte de este circuito de clasificaci\u00f3n para la primera divisi\u00f3n del golf europeo.\u00a0<\/p>\n<p><img loading=\"lazy\" decoding=\"async\" width=\"1200\" height=\"675\" src=\"https:\/\/www.europesays.com\/es\/wp-content\/uploads\/2025\/11\/GOLF_ALBACETE_4b80432f-588f-4a9e-b3c8-b7789765dbab.jpeg\" alt=\"\" class=\"wp-image-1090957\"  \/>Torneo en el Club de Golf de Albacete \/ Foto cedida<\/p>\n<p>De este modo, estiman desde el Club de Golf \u2018Las Pinaillas\u2019 que este evento deportivo ha repercutido de forma muy positiva en la ciudad de Albacete. Una importante cita deportiva para la ciudad de Albacete que no se ha querido perder el concejal de Deportes, Francisco Villaescusa, quien subrayaba la importancia de un torneo que \u201cpone a Albacete en el mapa del golf mundial y adem\u00e1s tiene una importante repercusi\u00f3n econ\u00f3mica para la ciudad, donde los golfistas y sus acompa\u00f1antes han contratado m\u00e1s de 700 pernoctaciones que generar\u00e1n m\u00e1s de 100.000 euros y un gran impacto en la hosteler\u00eda y el comercio, adem\u00e1s de contribuir a la promoci\u00f3n tur\u00edstica de Albacete\u201d.<\/p>\n<p><img loading=\"lazy\" decoding=\"async\" width=\"1200\" height=\"675\" src=\"https:\/\/www.europesays.com\/es\/wp-content\/uploads\/2025\/11\/GOLF_ALBACETE_bd676dc7-382e-4868-8fd1-f19a83609ff1.jpeg\" alt=\"\" class=\"wp-image-1090965\"  \/>Torneo en el Club de Golf de Albacete \/ Foto cedida<\/p>\n<p>El concejal agradec\u00eda al Club de Golf este tipo de iniciativas \u201cdonde deporte y el turismo se unen para generar desarrollo en la ciudad, y se potencia un deporte muy completo que practican m\u00e1s de 6.000 federados en la regi\u00f3n y que ayuda a mejorar la salud mental y f\u00edsica de quienes lo practican en un entorno natural envidiable\u201d.<\/p>\n<p><img loading=\"lazy\" decoding=\"async\" width=\"1200\" height=\"675\" src=\"https:\/\/www.europesays.com\/es\/wp-content\/uploads\/2025\/11\/GOLF_ALBACETE_b556cd8f-596f-4b28-a53f-0bf1ac5eed4b.jpeg\" alt=\"\" class=\"wp-image-1090964\"  \/>Torneo en el Club de Golf de Albacete \/ Foto cedida<\/p>\n<p>Por todo ello, consideraban desde el club albacete\u00f1o que \u201cel golf en motivo de orgullo, no solo para los socios del Club de Golf Las Pinaillas, sino para todos los albacete\u00f1os\u201d. De este modo, pon\u00edan en valor desde el club que Albacete cuenta con \u201cun campo dise\u00f1ado por Seve Ballesteros\u201d, y que se encuentra al alcance de todos los ciudadanos\u201d. Un campo de golf \u00fanico, obra de uno de los mejores golfistas de nuestro tiempo que tambi\u00e9n atrae a deportivas de todo el mundo y que \u201ccontribuye de forma importante a la econom\u00eda local y a fortalecer la Marca Albacete\u201d, expresaban desde el Club de Golf \u2018Las Pinaillas\u2019.<\/p>\n<p><img loading=\"lazy\" decoding=\"async\" width=\"1200\" height=\"675\" src=\"https:\/\/www.europesays.com\/es\/wp-content\/uploads\/2025\/11\/GOLF_ALBACETE_f8e09e38-bc02-418d-924b-d94fbcae26ce.jpeg\" alt=\"\" class=\"wp-image-1090968\"  \/>Torneo en el Club de Golf de Albacete \/ Foto cedida<\/p>\n<p>El triunfo de esta importante cita golfista en Albacete ha sido para el franc\u00e9s Quentin Debove. Mientras que en el caso de la representaci\u00f3n espa\u00f1ola, el mejor clasificado ha sido Albert Boneta.<\/p>\n<p><a href=\"https:\/\/www.europesays.com\/es\/wp-content\/uploads\/2025\/11\/GOLF_ALBACETE_00c48faf-ae9a-4c70-927c-1909e52b3200.jpeg\" data-slb-active=\"1\" data-slb-asset=\"407441710\" data-slb-internal=\"0\" data-slb-group=\"slb\"><img loading=\"lazy\" decoding=\"async\" width=\"1200\" height=\"675\" data-id=\"1090956\" src=\"https:\/\/www.europesays.com\/es\/wp-content\/uploads\/2025\/11\/GOLF_ALBACETE_00c48faf-ae9a-4c70-927c-1909e52b3200.jpeg\" alt=\"\" class=\"wp-image-1090956\"  \/><\/a><\/p>\n<p><a href=\"https:\/\/www.europesays.com\/es\/wp-content\/uploads\/2025\/11\/GOLF_ALBACETE_4b80432f-588f-4a9e-b3c8-b7789765dbab.jpeg\" data-slb-active=\"1\" data-slb-asset=\"699306791\" data-slb-internal=\"0\" data-slb-group=\"slb\"><img loading=\"lazy\" decoding=\"async\" width=\"1200\" height=\"675\" data-id=\"1090957\" src=\"https:\/\/www.europesays.com\/es\/wp-content\/uploads\/2025\/11\/GOLF_ALBACETE_4b80432f-588f-4a9e-b3c8-b7789765dbab.jpeg\" alt=\"\" class=\"wp-image-1090957\"  \/><\/a><\/p>\n<p><a href=\"https:\/\/www.europesays.com\/es\/wp-content\/uploads\/2025\/11\/GOLF_ALBACETE_5b8d5069-060f-4fd4-bcbc-e2a5a65b7af5.jpeg\" data-slb-active=\"1\" data-slb-asset=\"1636799770\" data-slb-internal=\"0\" data-slb-group=\"slb\"><img loading=\"lazy\" decoding=\"async\" width=\"1200\" height=\"675\" data-id=\"1090958\" src=\"https:\/\/www.europesays.com\/es\/wp-content\/uploads\/2025\/11\/GOLF_ALBACETE_5b8d5069-060f-4fd4-bcbc-e2a5a65b7af5.jpeg\" alt=\"\" class=\"wp-image-1090958\"  \/><\/a><\/p>\n<p><a href=\"https:\/\/www.europesays.com\/es\/wp-content\/uploads\/2025\/11\/GOLF_ALBACETE_42ce45b5-5945-4ddd-b498-1703ba6d3c4f.jpeg\" data-slb-active=\"1\" data-slb-asset=\"203012179\" data-slb-internal=\"0\" data-slb-group=\"slb\"><img loading=\"lazy\" decoding=\"async\" width=\"1200\" height=\"675\" data-id=\"1090960\" src=\"https:\/\/www.europesays.com\/es\/wp-content\/uploads\/2025\/11\/GOLF_ALBACETE_42ce45b5-5945-4ddd-b498-1703ba6d3c4f.jpeg\" alt=\"\" class=\"wp-image-1090960\"  \/><\/a><\/p>\n<p><a href=\"https:\/\/www.europesays.com\/es\/wp-content\/uploads\/2025\/11\/GOLF_ALBACETE_54a77535-c804-4ad9-91b6-d696cfa99e3b.jpeg\" data-slb-active=\"1\" data-slb-asset=\"682403583\" data-slb-internal=\"0\" data-slb-group=\"slb\"><img loading=\"lazy\" decoding=\"async\" width=\"1200\" height=\"1600\" data-id=\"1090961\" src=\"https:\/\/www.europesays.com\/es\/wp-content\/uploads\/2025\/11\/GOLF_ALBACETE_54a77535-c804-4ad9-91b6-d696cfa99e3b.jpeg\" alt=\"\" class=\"wp-image-1090961\"  \/><\/a><\/p>\n<p><a href=\"https:\/\/www.europesays.com\/es\/wp-content\/uploads\/2025\/11\/GOLF_ALBACETE_603645a8-473e-4ae2-99dc-d58824b32b7d.jpeg\" data-slb-active=\"1\" data-slb-asset=\"10965079\" data-slb-internal=\"0\" data-slb-group=\"slb\"><img loading=\"lazy\" decoding=\"async\" width=\"1200\" height=\"675\" data-id=\"1090962\" src=\"https:\/\/www.europesays.com\/es\/wp-content\/uploads\/2025\/11\/GOLF_ALBACETE_603645a8-473e-4ae2-99dc-d58824b32b7d.jpeg\" alt=\"\" class=\"wp-image-1090962\"  \/><\/a><\/p>\n<p><a href=\"https:\/\/www.europesays.com\/es\/wp-content\/uploads\/2025\/11\/GOLF_ALBACETE_a0c30fda-61af-460e-83b4-03db0bf66b76.jpeg\" data-slb-active=\"1\" data-slb-asset=\"1311491948\" data-slb-internal=\"0\" data-slb-group=\"slb\"><img loading=\"lazy\" decoding=\"async\" width=\"1200\" height=\"675\" data-id=\"1090963\" src=\"https:\/\/www.europesays.com\/es\/wp-content\/uploads\/2025\/11\/GOLF_ALBACETE_a0c30fda-61af-460e-83b4-03db0bf66b76.jpeg\" alt=\"\" class=\"wp-image-1090963\"  \/><\/a><\/p>\n<p><a href=\"https:\/\/www.europesays.com\/es\/wp-content\/uploads\/2025\/11\/GOLF_ALBACETE_b556cd8f-596f-4b28-a53f-0bf1ac5eed4b.jpeg\" data-slb-active=\"1\" data-slb-asset=\"77148898\" data-slb-internal=\"0\" data-slb-group=\"slb\"><img loading=\"lazy\" decoding=\"async\" width=\"1200\" height=\"675\" data-id=\"1090964\" src=\"https:\/\/www.europesays.com\/es\/wp-content\/uploads\/2025\/11\/GOLF_ALBACETE_b556cd8f-596f-4b28-a53f-0bf1ac5eed4b.jpeg\" alt=\"\" class=\"wp-image-1090964\"  \/><\/a><\/p>\n<p><a href=\"https:\/\/www.europesays.com\/es\/wp-content\/uploads\/2025\/11\/GOLF_ALBACETE_bd676dc7-382e-4868-8fd1-f19a83609ff1.jpeg\" data-slb-active=\"1\" data-slb-asset=\"1531780996\" data-slb-internal=\"0\" data-slb-group=\"slb\"><img loading=\"lazy\" decoding=\"async\" width=\"1200\" height=\"675\" data-id=\"1090965\" src=\"https:\/\/www.europesays.com\/es\/wp-content\/uploads\/2025\/11\/GOLF_ALBACETE_bd676dc7-382e-4868-8fd1-f19a83609ff1.jpeg\" alt=\"\" class=\"wp-image-1090965\"  \/><\/a><\/p>\n<p><a href=\"https:\/\/www.europesays.com\/es\/wp-content\/uploads\/2025\/11\/GOLF_ALBACETE_e36fcbf4-bb70-4fe7-8e4f-4183d031ac8e.jpeg\" data-slb-active=\"1\" data-slb-asset=\"2144095143\" data-slb-internal=\"0\" data-slb-group=\"slb\"><img loading=\"lazy\" decoding=\"async\" width=\"1200\" height=\"902\" data-id=\"1090966\" src=\"https:\/\/www.europesays.com\/es\/wp-content\/uploads\/2025\/11\/GOLF_ALBACETE_e36fcbf4-bb70-4fe7-8e4f-4183d031ac8e.jpeg\" alt=\"\" class=\"wp-image-1090966\"  \/><\/a><\/p>\n<p><a href=\"https:\/\/www.europesays.com\/es\/wp-content\/uploads\/2025\/11\/GOLF_ALBACETE_f8a03409-84d2-4972-a453-29434787c0c1.jpeg\" data-slb-active=\"1\" data-slb-asset=\"544438028\" data-slb-internal=\"0\" data-slb-group=\"slb\"><img loading=\"lazy\" decoding=\"async\" width=\"1200\" height=\"675\" data-id=\"1090967\" src=\"https:\/\/www.europesays.com\/es\/wp-content\/uploads\/2025\/11\/GOLF_ALBACETE_f8a03409-84d2-4972-a453-29434787c0c1.jpeg\" alt=\"\" class=\"wp-image-1090967\"  \/><\/a><\/p>\n","protected":false},"excerpt":{"rendered":"La ciudad de Albacete se convert\u00eda el pasado fin de semana en el epicentro mundial del golf. El&hellip;\n","protected":false},"author":2,"featured_media":224136,"comment_status":"","ping_status":"","sticky":false,"template":"","format":"standard","meta":{"footnotes":""},"categories":[275],"tags":[2545,168,25,24,329,23,167],"class_list":{"0":"post-224135","1":"post","2":"type-post","3":"status-publish","4":"format-standard","5":"has-post-thumbnail","7":"category-golf","8":"tag-albacete","9":"tag-deportes","10":"tag-es","11":"tag-espana","12":"tag-golf","13":"tag-spain","14":"tag-sports"},"share_on_mastodon":{"url":"https:\/\/pubeurope.com\/@es\/115510932506745876","error":""},"_links":{"self":[{"href":"https:\/\/www.europesays.com\/es\/wp-json\/wp\/v2\/posts\/224135","targetHints":{"allow":["GET"]}}],"collection":[{"href":"https:\/\/www.europesays.com\/es\/wp-json\/wp\/v2\/posts"}],"about":[{"href":"https:\/\/www.europesays.com\/es\/wp-json\/wp\/v2\/types\/post"}],"author":[{"embeddable":true,"href":"https:\/\/www.europesays.com\/es\/wp-json\/wp\/v2\/users\/2"}],"replies":[{"embeddable":true,"href":"https:\/\/www.europesays.com\/es\/wp-json\/wp\/v2\/comments?post=224135"}],"version-history":[{"count":0,"href":"https:\/\/www.europesays.com\/es\/wp-json\/wp\/v2\/posts\/224135\/revisions"}],"wp:featuredmedia":[{"embeddable":true,"href":"https:\/\/www.europesays.com\/es\/wp-json\/wp\/v2\/media\/224136"}],"wp:attachment":[{"href":"https:\/\/www.europesays.com\/es\/wp-json\/wp\/v2\/media?parent=224135"}],"wp:term":[{"taxonomy":"category","embeddable":true,"href":"https:\/\/www.europesays.com\/es\/wp-json\/wp\/v2\/categories?post=224135"},{"taxonomy":"post_tag","embeddable":true,"href":"https:\/\/www.europesays.com\/es\/wp-json\/wp\/v2\/tags?post=224135"}],"curies":[{"name":"wp","href":"https:\/\/api.w.org\/{rel}","templated":true}]}}