{"id":224139,"date":"2025-11-07T23:09:12","date_gmt":"2025-11-07T23:09:12","guid":{"rendered":"https:\/\/www.europesays.com\/es\/224139\/"},"modified":"2025-11-07T23:09:12","modified_gmt":"2025-11-07T23:09:12","slug":"el-ef-education-easypost-llega-al-ciclocross-y-el-resto-de-equipos-world-tour-podrian-hacer-lo-mismo","status":"publish","type":"post","link":"https:\/\/www.europesays.com\/es\/224139\/","title":{"rendered":"El EF Education-EasyPost llega al ciclocross y el resto de equipos World Tour podr\u00edan hacer lo mismo"},"content":{"rendered":"<p>Aunque el enfoque multidisciplinar no es algo nuevo para el EF Education-EasyPost el fichaje del Campe\u00f3n del Mundo junior de ciclocross y el cambio de normativa por parte de la UCI para que los \u00e9xitos en otras disciplinas tambi\u00e9n concedan puntos a los equipos de carretera han hecho que la escuadra norteamericana se haya inscrito de forma oficial en la UCI como equipo de ciclocross.<\/p>\n<p><img class=\" lazyload\" border=\"0\" alt=\"El EF Education-EasyPost llega al ciclocross y el resto de equipos World Tour podr\u00edan hacer lo mismo\" width=\"2000\" height=\"1125\"  data-\/><\/p>\n<p>La publicaci\u00f3n de la lista oficial definitiva de equipos UCI de ciclocross para la presente campa\u00f1a 2025-26 y la aparici\u00f3n en ella del EF Educatiion-EasyPost ha sido toda una sorpresa. El segundo equipo de carretera, tras el ya asentado en la modalidad Alpecin-Deceuninck que opta por crear una estructura exclusiva para la disciplina del barro<\/p>\n<p>Una inscripci\u00f3n que tiene como objetivo permitir lucir los colores del equipo desde el primer momento al uno de sus \u00faltimos fichajes, el prometedor ciclista italiano Mattia Agostinacchio, vigente campe\u00f3n del mundo junior de la modalidad. Aparte, esto permite que parte de los puntos UCI que Agostinacchio logre sobre el barro repercutan tambi\u00e9n en la escuadra World Tour de carretera lo que siempre es bienvenido con una categor\u00eda World Tour cada vez m\u00e1s re\u00f1ida.<\/p>\n<p><img class=\" lazyload\" border=\"0\" alt=\"El EF Education-EasyPost llega al ciclocross y el resto de equipos World Tour podr\u00edan hacer lo mismo\" width=\"1260\" height=\"1266\"  data-\/><\/p>\n<p>No es nueva la apuesta de EF Education-EasyPost por otras modalidades como el gravel, disciplina en la que, en los \u00faltimos a\u00f1os, ha tenido Lachlan Morton como su mejor en embajador. Sin embargo, la creaci\u00f3n de un equipo UCI de ciclocross supone un salto adelante en el enfoque multidisciplinar del equipo.<\/p>\n<p>Tambi\u00e9n queda claro que, aunque el fichaje de Mattia Agostinacchio sea una apuesta de cara a la carretera, el equipo norteamericano no pretende privarle de la especialidad en la que ha crecido, con la creencia clara de que puede resultar beneficioso para su recorrido sobre la carretera a imagen de lo que ha ocurrido con ciclistas como Wout van Aert o Mathieu van der Poel.<\/p>\n<p><img class=\" lazyload\" border=\"0\" alt=\"El EF Education-EasyPost llega al ciclocross y el resto de equipos World Tour podr\u00edan hacer lo mismo\" width=\"698\" height=\"350\"  data-\/><\/p>\n<p>\u201cTodav\u00eda tiene mucho que demostrar, pero en su juventud fue excepcional en todas las disciplinas. Esperamos que se convierta en un ciclista de ruta muy bueno en las cl\u00e1sicas. Pero a\u00fan es muy joven, y creemos que el ciclocross puede ayudarle a crecer como ciclista de forma positiva. Hay muchos ejemplos donde funciona\u201d explicaba Jonathan Vaughters.<\/p>\n","protected":false},"excerpt":{"rendered":"Aunque el enfoque multidisciplinar no es algo nuevo para el EF Education-EasyPost el fichaje del Campe\u00f3n del Mundo&hellip;\n","protected":false},"author":2,"featured_media":224140,"comment_status":"","ping_status":"","sticky":false,"template":"","format":"standard","meta":{"footnotes":""},"categories":[273],"tags":[313,312,168,25,24,23,167],"class_list":{"0":"post-224139","1":"post","2":"type-post","3":"status-publish","4":"format-standard","5":"has-post-thumbnail","7":"category-ciclismo","8":"tag-ciclismo","9":"tag-cycling","10":"tag-deportes","11":"tag-es","12":"tag-espana","13":"tag-spain","14":"tag-sports"},"share_on_mastodon":{"url":"https:\/\/pubeurope.com\/@es\/115510939658976287","error":""},"_links":{"self":[{"href":"https:\/\/www.europesays.com\/es\/wp-json\/wp\/v2\/posts\/224139","targetHints":{"allow":["GET"]}}],"collection":[{"href":"https:\/\/www.europesays.com\/es\/wp-json\/wp\/v2\/posts"}],"about":[{"href":"https:\/\/www.europesays.com\/es\/wp-json\/wp\/v2\/types\/post"}],"author":[{"embeddable":true,"href":"https:\/\/www.europesays.com\/es\/wp-json\/wp\/v2\/users\/2"}],"replies":[{"embeddable":true,"href":"https:\/\/www.europesays.com\/es\/wp-json\/wp\/v2\/comments?post=224139"}],"version-history":[{"count":0,"href":"https:\/\/www.europesays.com\/es\/wp-json\/wp\/v2\/posts\/224139\/revisions"}],"wp:featuredmedia":[{"embeddable":true,"href":"https:\/\/www.europesays.com\/es\/wp-json\/wp\/v2\/media\/224140"}],"wp:attachment":[{"href":"https:\/\/www.europesays.com\/es\/wp-json\/wp\/v2\/media?parent=224139"}],"wp:term":[{"taxonomy":"category","embeddable":true,"href":"https:\/\/www.europesays.com\/es\/wp-json\/wp\/v2\/categories?post=224139"},{"taxonomy":"post_tag","embeddable":true,"href":"https:\/\/www.europesays.com\/es\/wp-json\/wp\/v2\/tags?post=224139"}],"curies":[{"name":"wp","href":"https:\/\/api.w.org\/{rel}","templated":true}]}}