{"id":224156,"date":"2025-11-07T23:20:20","date_gmt":"2025-11-07T23:20:20","guid":{"rendered":"https:\/\/www.europesays.com\/es\/224156\/"},"modified":"2025-11-07T23:20:20","modified_gmt":"2025-11-07T23:20:20","slug":"una-persona-con-obesidad-gasta-en-sanidad-casi-cuatro-veces-mas-que-la-media-de-una-familia-entera-espanola","status":"publish","type":"post","link":"https:\/\/www.europesays.com\/es\/224156\/","title":{"rendered":"Una persona con obesidad gasta en sanidad casi cuatro veces m\u00e1s que la media de una familia entera espa\u00f1ola"},"content":{"rendered":"<p id=\"paragraph_1\">Los datos son preocupantes. Una persona con obesidad gasta en sanidad casi cuatro veces m\u00e1s que la media de una familia entera espa\u00f1ola. Esto se refiere a los gastos privados, que son los que salen de los bolsillos de los hogares. De hecho, <a href=\"https:\/\/www.elespanol.com\/invertia\/observatorios\/sanidad\/20251104\/impacto-economico-obesidad-espana-alcanza-mil-millones-espera-gasto-eleve\/1003743998477_0.html?utm_cmp_rs=linksinline\" rel=\"nofollow noopener\" target=\"_blank\">si no se logra revertir esta tendencia:<\/a> <strong>los n\u00fameros pueden ir en ascenso de cara a los pr\u00f3ximos cinco a\u00f1os.<\/strong><\/p>\n<p class=\"paragraph\" id=\"paragraph_2\">Todo esto en un contexto donde cada vez hay m\u00e1s pacientes con esta enfermedad: actualmente, en Espa\u00f1a hay 7,4 millones de personas que la padecen. As\u00ed lo avalan las cifras del reciente informe<strong> sobre el impacto socioecon\u00f3mico de la obesidad en Espa\u00f1a elaborado por Lilly y la Fundaci\u00f3n Weber.<\/strong><\/p>\n<p class=\"paragraph\" id=\"paragraph_3\">Para ser exactos, el gasto anual de una persona con obesidad alcanza los 5.602 euros. Esto supone que el desembolso<strong> de estos pacientes representa el 14% de los ingresos del hogar.<\/strong><\/p>\n<p><img loading=\"lazy\" decoding=\"async\" alt=\"El impacto econ\u00f3mico de la obesidad en Espa\u00f1a alcanza los 130 mil millones y se espera que en 2030 el gasto se eleve un 23%\" height=\"180\" src=\"https:\/\/www.europesays.com\/es\/wp-content\/uploads\/2025\/11\/1003743998776_259740544_320x180.jpg\" width=\"320\" data-lazy-status=\"processed\" data-lazy-info=\"remove loading item 1\"\/><\/p>\n<p class=\"paragraph\" id=\"paragraph_4\">Principalmente, estos gastos<strong> van dirigidos al pago de dietistas, gimnasio, fisioterapia, medicamentos o de servicios psicol\u00f3gicos para tratar la enfermedad.<\/strong><\/p>\n<p class=\"paragraph\" id=\"paragraph_5\">Por su parte<a href=\"https:\/\/www.elespanol.com\/invertia\/economia\/20230703\/gasto-sanitario-familias-espanolas-eleva-consecuencia-pandemia\/775172755_0.html?utm_cmp_rs=linksinline\" rel=\"nofollow noopener\" target=\"_blank\">,<\/a> <a href=\"https:\/\/www.elespanol.com\/invertia\/economia\/20230703\/gasto-sanitario-familias-espanolas-eleva-consecuencia-pandemia\/775172755_0.html?utm_cmp_rs=linksinline\" rel=\"nofollow noopener\" target=\"_blank\">una familia desembolsaba en sanidad una media de 1.577 <\/a>euros en 2023 (alrededor de 631 euros por cada uno de sus miembros), seg\u00fan la Encuesta de Presupuestos Familiares (EPF) del Instituto Nacional de Estad\u00edstica (INE).<\/p>\n<p class=\"paragraph\" id=\"paragraph_6\">Una parte <a href=\"https:\/\/www.elespanol.com\/invertia\/observatorios\/sanidad\/20250518\/familias-madrid-baleares-rioja-encabezan-gasto-salud-bucodental\/1003743759990_0.html?utm_cmp_rs=linksinline\" rel=\"nofollow noopener\" target=\"_blank\">del presupuesto en sanidad de las familias est\u00e1 relacionado con los seguros de salud y la compra de aparatos y equipos terap\u00e9uticos<\/a> (gafas graduadas, aud\u00edfonos)<strong>. Y la otra mitad se emplea para la compra de productos farmac\u00e9uticos y para costear servicios m\u00e9dicos y hospitalarios, as\u00ed como dentales y otros auxiliares.<\/strong><\/p>\n<p class=\"paragraph\" id=\"paragraph_7\">De hecho, los seguros privados han ganado cinco puntos en el gasto en salud de las familias, hasta suponer un 20,7% del total.<\/p>\n<p>Otros costes<\/p>\n<p class=\"paragraph\" id=\"paragraph_8\">Adem\u00e1s del desembolso en atenci\u00f3n m\u00e9dica, una persona con obesidad y sobrepeso tiene otro tipo de gastos.<\/p>\n<p class=\"paragraph\" id=\"paragraph_9\">Los costes se dividen en: <strong>directos (aquellos que se incurren directamente a consecuencia de la enfermedad, y que pueden ser tanto de car\u00e1cter sanitario como no), indirectos<\/strong> (p\u00e9rdidas de productividad laboral de los pacientes por motivo de la enfermedad), o de calidad de vida e intangibles (son aquellos costes sociales y personales que no se pueden cuantificar en t\u00e9rminos econ\u00f3micos). <\/p>\n<p><img decoding=\"async\" alt=\"Silvia Meije Nadal, directora de Acceso al Mercado y Relaciones Institucionales de Novo Nordisk.\" height=\"180\" loading=\"lazy\" width=\"320\" data-lazy-status=\"processed\" id=\"eb34490706\" src=\"https:\/\/www.elespanol.com\/invertia\/observatorios\/sanidad\/20251106\/persona-obesidad-gasta-sanidad-veces-media-familia-entera-espanola\/[\" https:=\"\" data-lazy-info=\"changed src\"\/><\/p>\n<p class=\"paragraph\" id=\"paragraph_10\">\u00abDado que la carga total de la obesidad integra no s\u00f3lo los costes sanitarios directos, sino tambi\u00e9n las p\u00e9rdidas de productividad, los efectos sobre la educaci\u00f3n y el empleo, as\u00ed como las reducciones en el bienestar individual y comunitario,<strong> resulta imprescindible avanzar hacia estudios de an\u00e1lisis del valor social y de retorno social de la inversi\u00f3n<\/strong>\u00ab, a\u00f1adi\u00f3 \u00c1lvaro Hidalgo, presidente de la Fundaci\u00f3n Weber.<\/p>\n<p class=\"paragraph\" id=\"paragraph_11\">Por eso, aparte del impacto socioecon\u00f3mico que tiene la obesidad en Espa\u00f1a, el informe analiza los beneficios que tendr\u00edan la p\u00e9rdida de peso, sobre todo, en el ahorro.<\/p>\n<p>Ahorro<\/p>\n<p class=\"paragraph\" id=\"paragraph_12\">El estudio ha realizado un an\u00e1lisis espec\u00edfico teniendo en cuenta cuatro grados de la enfermedad:<strong> sobrepeso, obesidad I, II y III para los que se estima un ahorro concreto.<\/strong><\/p>\n<p class=\"paragraph\" id=\"paragraph_13\">Con todo<strong>, se calcula un ahorro de entre 671 euros y 3.355 euros por persona<\/strong>, asociados a la transici\u00f3n de sobrepeso a peso normal y de obesidad grado II a sobrepeso, respectivamente.<\/p>\n<p class=\"paragraph\" id=\"paragraph_14\">En concreto, si la poblaci\u00f3n espa\u00f1ola con obesidad perdiera entre el 5% y el 10% de su peso, se lograr\u00eda un ahorro de unos<strong> 25.000 millones de euros en 2030 y la cifra se elevar\u00eda a 84.000 millones si la p\u00e9rdida llegara al entorno de entre el 20% y el 25<\/strong>%.<\/p>\n<p class=\"paragraph\" id=\"paragraph_15\">A estas cifras se a\u00f1aden las derivadas de las mejoras en la calidad de vida e intangibles, que conllevar\u00edan un importe superior a los 7.353 millones de euros en 2025, considerando s\u00f3lo la franja de p\u00e9rdida de peso inferior.<\/p>\n<p><img decoding=\"async\" alt=\"Personal sanitario atendiendo a un paciente ingresado.\" height=\"180\" loading=\"lazy\" width=\"320\" data-lazy-status=\"processed\" id=\"9d2e227f7a\" src=\"https:\/\/www.elespanol.com\/invertia\/observatorios\/sanidad\/20251106\/persona-obesidad-gasta-sanidad-veces-media-familia-entera-espanola\/[\" https:=\"\" data-lazy-info=\"changed src\"\/><\/p>\n<p class=\"paragraph\" id=\"paragraph_16\">Esta cuant\u00eda se asocia con una mayor participaci\u00f3n en las distintas actividades contempladas<strong> que a d\u00eda de hoy las personas con obesidad manifiestan no realizar como consecuencia del exceso de peso.<\/strong><\/p>\n<p class=\"paragraph\" id=\"paragraph_17\">Para lograr estos beneficios, los expertos formularon varias demandas. Entre ellas, la necesidad de un plan de acci\u00f3n nacional de abordaje de la obesidad.<\/p>\n<p class=\"paragraph\" id=\"paragraph_18\"><strong>\u00abNos hace falta un plan de abordaje nacional que integre a los agentes sanitarios, tenemos una enorme complejidad, en Atenci\u00f3n Primaria necesitamos (que son el primer eslab\u00f3n) m\u00e1s recursos<\/strong> para tratar a estos pacientes\u00bb, reclam\u00f3 Diego Bellido, presidente de la Sociedad Espa\u00f1ola para el Estudio de la Obesidad (SEEDO).<\/p>\n","protected":false},"excerpt":{"rendered":"Los datos son preocupantes. Una persona con obesidad gasta en sanidad casi cuatro veces m\u00e1s que la media&hellip;\n","protected":false},"author":2,"featured_media":224157,"comment_status":"","ping_status":"","sticky":false,"template":"","format":"standard","meta":{"footnotes":""},"categories":[92],"tags":[25,24,21329,165,5693,8311,166,23],"class_list":{"0":"post-224156","1":"post","2":"type-post","3":"status-publish","4":"format-standard","5":"has-post-thumbnail","7":"category-salud","8":"tag-es","9":"tag-espana","10":"tag-gasto-familiar","11":"tag-health","12":"tag-obesidad","13":"tag-observatorio-de-la-sanidad","14":"tag-salud","15":"tag-spain"},"share_on_mastodon":{"url":"https:\/\/pubeurope.com\/@es\/115510984095985992","error":""},"_links":{"self":[{"href":"https:\/\/www.europesays.com\/es\/wp-json\/wp\/v2\/posts\/224156","targetHints":{"allow":["GET"]}}],"collection":[{"href":"https:\/\/www.europesays.com\/es\/wp-json\/wp\/v2\/posts"}],"about":[{"href":"https:\/\/www.europesays.com\/es\/wp-json\/wp\/v2\/types\/post"}],"author":[{"embeddable":true,"href":"https:\/\/www.europesays.com\/es\/wp-json\/wp\/v2\/users\/2"}],"replies":[{"embeddable":true,"href":"https:\/\/www.europesays.com\/es\/wp-json\/wp\/v2\/comments?post=224156"}],"version-history":[{"count":0,"href":"https:\/\/www.europesays.com\/es\/wp-json\/wp\/v2\/posts\/224156\/revisions"}],"wp:featuredmedia":[{"embeddable":true,"href":"https:\/\/www.europesays.com\/es\/wp-json\/wp\/v2\/media\/224157"}],"wp:attachment":[{"href":"https:\/\/www.europesays.com\/es\/wp-json\/wp\/v2\/media?parent=224156"}],"wp:term":[{"taxonomy":"category","embeddable":true,"href":"https:\/\/www.europesays.com\/es\/wp-json\/wp\/v2\/categories?post=224156"},{"taxonomy":"post_tag","embeddable":true,"href":"https:\/\/www.europesays.com\/es\/wp-json\/wp\/v2\/tags?post=224156"}],"curies":[{"name":"wp","href":"https:\/\/api.w.org\/{rel}","templated":true}]}}