{"id":224172,"date":"2025-11-07T23:32:12","date_gmt":"2025-11-07T23:32:12","guid":{"rendered":"https:\/\/www.europesays.com\/es\/224172\/"},"modified":"2025-11-07T23:32:12","modified_gmt":"2025-11-07T23:32:12","slug":"quiero-ser-recordado-como-alguien-que-elevo-el-nivel-del-juego","status":"publish","type":"post","link":"https:\/\/www.europesays.com\/es\/224172\/","title":{"rendered":"Quiero ser recordado como alguien que elev\u00f3 el nivel del juego"},"content":{"rendered":"<p data-mrf-recirculation=\"Links P\u00e1rrafos\" class=\"ue-c-article__paragraph paragraph ue-c-article--first-letter-highlighted\">Thibau <strong>Nys <\/strong>(Bonheiden, 2002)<strong> es una de las grandes figuras del ciclocross<\/strong>. <strong>Un corredor que no deja indiferente a nadie, tanto para lo bueno como para lo malo.<\/strong> Prueba de ello fue su particular \u2018Opening Weekend\u2019, el cual dio el pistoletazo de salida a la campa\u00f1a invernal del corredor belga.<\/p>\n<p data-mrf-recirculation=\"Links P\u00e1rrafos\" class=\"ue-c-article__paragraph paragraph\">El Koppenbergcross fue la prueba elegida por el ciclista del Baloise Glowi Lions para comenzar su temporada. <strong>All\u00ed, <a href=\"https:\/\/www.marca.com\/ciclismo\/2025\/10\/07\/thibau-nys-tratara-revalidar-titulo-benidorm.html\" target=\"_blank\" rel=\"nofollow noopener\">Thibau<\/a> llev\u00f3 a cabo un ejercicio de madurez impropio para su edad, mostrando una lectura de carrera notable que le permiti\u00f3 levantar los brazos por segunda vez en el Koppenberg<\/strong>, m\u00edtica colina donde su padre gan\u00f3 hasta en nueve ocasiones. Sin embargo, la otra cara de la moneda lleg\u00f3 al d\u00eda siguiente. En su condici\u00f3n de l\u00edder del X2O Trofee, <strong>\u2018Rufus\u2019<\/strong>, como le llaman sus compa\u00f1eros de equipo, <strong>llegaba a Lokeren como el claro aspirante a la victoria, pero una serie de problemas mec\u00e1nicos<\/strong> \u2014que acabaron provocando el enfado del belga\u2014 <strong>le privaron de pelear por un triunfo que cay\u00f3 en manos de Joris Nieuwenhuis<\/strong>.<\/p>\n<p data-mrf-recirculation=\"Links P\u00e1rrafos\" class=\"ue-c-article__paragraph paragraph\"><strong>El nueve de noviembre, Nys tendr\u00e1 la oportunidad de redimirse en un escenario inmejorable: el <a href=\"https:\/\/www.marca.com\/ciclismo\/2025\/10\/30\/convocatoria-seleccion-espanola-europeo-ciclocross-2025.html\" target=\"_blank\" rel=\"nofollow noopener\">Campeonato de Europa<\/a>.<\/strong> Una prueba que trae muy buenos recuerdos al corredor de Bonheiden, ya que el curso pasado se enfund\u00f3 por primera vez el maillot de campe\u00f3n continental.<\/p>\n<p data-mrf-recirculation=\"Links P\u00e1rrafos\" class=\"ue-c-article__paragraph paragraph\"><strong>PREGUNTA.\u00a0Tuvo un final de temporada complicado y no pudo competir mucho. \u00bfC\u00f3mo se encuentra?<\/strong><\/p>\n<p data-mrf-recirculation=\"Links P\u00e1rrafos\" class=\"ue-c-article__paragraph paragraph\"><strong>RESPUESTA.<\/strong> Me siento de vuelta a mi nivel, como si volviese a ser yo mismo. El final de la temporada de carretera fue muy duro, tanto f\u00edsicamente como mentalmente. Estaba al l\u00edmite y no pod\u00eda recuperarme de los entrenamientos, sent\u00eda que no era yo. Me tom\u00e9 dos semanas de completo descanso y empec\u00e9 a construir la forma poco a poco para la temporada de ciclocross.<\/p>\n<p data-mrf-recirculation=\"Links P\u00e1rrafos\" class=\"ue-c-article__paragraph paragraph\"><strong>P.\u00a0En sus dos primeras carreras de la temporada ha conseguido un triunfo. \u00bfCu\u00e1les fueron sus sensaciones sobre la bicicleta de CX?<\/strong><\/p>\n<p data-mrf-recirculation=\"Links P\u00e1rrafos\" class=\"ue-c-article__paragraph paragraph\"><strong>R.<\/strong> F\u00edsicamente estuve perfecto, pero ten\u00eda la sensaci\u00f3n de que ten\u00eda que mejorar un poco m\u00e1s en las partes m\u00e1s t\u00e9cnicas. En un recorrido s\u00faper duro, como el del Koppenberg, es \u00fanicamente estar bien f\u00edsicamente; fue ah\u00ed donde hice las diferencias. Ahora, de cara al Campeonato de Europa y a las pr\u00f3ximas semanas, tengo claro que la forma est\u00e1 ah\u00ed. Estoy corriendo correctamente, haciendo los movimientos correctos en el momento adecuado. Estoy seguro de que estoy preparado.<\/p>\n<blockquote class=\"ue-c-article__blockquote\">\n<p>El Tour de Francia me ha ayudado a ser m\u00e1s consistente<\/p>\n<p>Thibau Nys<\/p><\/blockquote>\n<p data-mrf-recirculation=\"Links P\u00e1rrafos\" class=\"ue-c-article__paragraph paragraph\"><strong>P.\u00a0Desde su salto a la categor\u00eda \u00c9lite no ha terminado de encontrar regularidad en sus resultados. \u00bfSe ha centrado en mejorar este aspecto respecto a la temporada pasada?<\/strong><\/p>\n<p data-mrf-recirculation=\"Links P\u00e1rrafos\" class=\"ue-c-article__paragraph paragraph\"><strong>R.<\/strong>\u00a0S\u00ed. El a\u00f1o pasado ya fue mejor que las temporadas anteriores y solo tuve un par de malos resultados. El Tour de Francia me ha ayudado a alcanzar un ritmo m\u00e1s elevado y a ser m\u00e1s consistente con mis resultados. Sin tener d\u00edas de completa desconexi\u00f3n. Mi cuerpo est\u00e1 empezando a acostumbrarse a adaptar ciertas sensaciones. Por supuesto, habr\u00e1 d\u00edas que no ser\u00e1n tan buenos como los otros, pero espero poder luchar cada d\u00eda por el p\u00f3dium.<\/p>\n<p data-mrf-recirculation=\"Links P\u00e1rrafos\" class=\"ue-c-article__paragraph paragraph\"><strong>P. \u00bfEst\u00e1 contento con c\u00f3mo llega al Europeo o le gustar\u00eda tener algo m\u00e1s de rodaje?<\/strong><\/p>\n<p data-mrf-recirculation=\"Links P\u00e1rrafos\" class=\"ue-c-article__paragraph paragraph\"><strong>R.\u00a0<\/strong>Estoy s\u00faper contento con mi forma. Todo est\u00e1 ah\u00ed para intentar volver a ganar el Campeonato de Europa. El Koppenberg fue una carrera muy lenta, en la que intent\u00e9 marcar el tempo y encontrar mi ritmo. La \u00fanica cosa que me hubiese gustado es haber tenido un poco m\u00e1s de ritmo de competici\u00f3n, haber corrido un poco m\u00e1s r\u00e1pido y haber estado algo mejor t\u00e1cticamente. Necesito confiar en el estado de forma que tengo y creer que todo es posible.<\/p>\n<p data-mrf-recirculation=\"Links P\u00e1rrafos\" class=\"ue-c-article__paragraph paragraph\"><strong>P.\u00a0En el circuito de Middelkerke, el tramo de arena jugar\u00e1 un papel clave. \u00bfEst\u00e1 entrenando espec\u00edficamente sobre esta superficie de cara al Europeo?<\/strong><\/p>\n<p data-mrf-recirculation=\"Links P\u00e1rrafos\" class=\"ue-c-article__paragraph paragraph\"><strong>R.\u00a0<\/strong>S\u00ed. Hice muchos m\u00e1s entrenamientos en la arena porque lo necesitaba. Tengo una relaci\u00f3n de amor-odio con esta superficie. Disfruto corriendo en la arena, pero no he tenido grandes resultados. Sigo creyendo que todav\u00eda puedo mejorar ah\u00ed en los pr\u00f3ximos a\u00f1os. Creo que he vuelto a dar otro paso adelante y espero poder ense\u00f1ar a todo el mundo este domingo que mis habilidades en la arena no son tan malas.<\/p>\n<p data-mrf-recirculation=\"Links P\u00e1rrafos\" class=\"ue-c-article__paragraph paragraph\"><strong>P.\u00a0Su padre no lleg\u00f3 a competir en el Campeonato de Europa y usted consigui\u00f3 la victoria en su segunda participaci\u00f3n. \u00bfC\u00f3mo recuerda ese triunfo en Pontevedra?<\/strong><\/p>\n<p data-mrf-recirculation=\"Links P\u00e1rrafos\" class=\"ue-c-article__paragraph paragraph\"><strong>R.\u00a0<\/strong>Fue muy bonito. Estaba en muy buena forma en un circuito en el que era muy complicado hacer diferencias. Sin embargo, pude controlar la carrera desde el primer minuto. Cada pieza del puzle parec\u00eda estar en el lugar adecuado. Espero volver a tener esa sensaci\u00f3n el domingo. Por supuesto, ser\u00e1 muy complicado ganar la carrera, pero quiero tener la percepci\u00f3n de que controlo la situaci\u00f3n. A partir de ah\u00ed, intentaremos ganar. Pero s\u00ed, recuerdo que en Pontevedra control\u00e9 siempre la situaci\u00f3n, es una gran sensaci\u00f3n en ciclocross.<\/p>\n<p data-mrf-recirculation=\"Links P\u00e1rrafos\" class=\"ue-c-article__paragraph paragraph\"><strong>P. Ha comentado que le gustar\u00eda dejar su propio legado en el CX. \u00bfC\u00f3mo le gustar\u00eda ser recordado cuando se retire?<\/strong><\/p>\n<p data-mrf-recirculation=\"Links P\u00e1rrafos\" class=\"ue-c-article__paragraph paragraph\"><strong>R.\u00a0<\/strong>Quiero ser recordado como alguien que elev\u00f3 el nivel del juego; pero no solo durante la carrera, sino tambi\u00e9n fuera de la competici\u00f3n. Dar show y espect\u00e1culo a los aficionados.<\/p>\n<blockquote class=\"ue-c-article__blockquote\">\n<p>Quiero dar show y espect\u00e1culo a los aficionados<\/p>\n<p>Thibau Nys<\/p><\/blockquote>\n<p data-mrf-recirculation=\"Links P\u00e1rrafos\" class=\"ue-c-article__paragraph paragraph\"><strong>P. \u00bfHa sentido mucha presi\u00f3n por ser hijo de Sven Nys?<\/strong><\/p>\n<p data-mrf-recirculation=\"Links P\u00e1rrafos\" class=\"ue-c-article__paragraph paragraph\"><strong>R.\u00a0<\/strong>S\u00ed, pero estoy acostumbrado a ello porque siempre tuve esa sensaci\u00f3n. Siempre digo que la presi\u00f3n que viene de m\u00ed mismo siempre va a ser mayor de la que viene de fuera. Hay cosas positivas y negativas sobre ello, pero la presi\u00f3n siempre estar\u00e1 ah\u00ed. No lo veo como algo negativo. De vez en cuando necesitas tener esa presi\u00f3n para rendir al m\u00e1ximo nivel.<\/p>\n<p data-mrf-recirculation=\"Links P\u00e1rrafos\" class=\"ue-c-article__paragraph paragraph\"><strong>P. \u00bfCu\u00e1l es el consejo m\u00e1s valioso que le ha dado?<\/strong><\/p>\n<p data-mrf-recirculation=\"Links P\u00e1rrafos\" class=\"ue-c-article__paragraph paragraph\"><strong>R.\u00a0<\/strong>Si trabajas m\u00e1s duro que cualquier otra persona, te tratar\u00e1n de la manera correcta.<\/p>\n<p><img decoding=\"async\" width=\"1980\" height=\"1320\" class=\"ue-c-article__image lazyload\" alt=\"Nys, bajo la atenta mirada de su padre\" loading=\"lazy\" src=\"https:\/\/www.europesays.com\/es\/wp-content\/uploads\/2025\/11\/690dc7c3cfb68.jpeg\"\/><\/p>\n<p>Nys, bajo la atenta mirada de su padre<\/p>\n<p data-mrf-recirculation=\"Links P\u00e1rrafos\" class=\"ue-c-article__paragraph paragraph\"><strong>P. Van der Poel y van Aert no han comenzado a\u00fan su temporada. \u00bfDe qu\u00e9 manera condiciona una carrera su presencia en la l\u00ednea de salida?<\/strong><\/p>\n<p data-mrf-recirculation=\"Links P\u00e1rrafos\" class=\"ue-c-article__paragraph paragraph\"><strong>R.\u00a0<\/strong>Cambia completamente. Todo depende de la forma en la que llegan a la primera carrera de su temporada de ciclocross, pero en la mayor parte de las pruebas tienen un rendimiento incre\u00edble. Es una carrera completamente diferente cuando compiten, pero me gustan este tipo de cambios porque la velocidad incrementa y se convierte en una carrera m\u00e1s f\u00edsica. Espero cada a\u00f1o dar un paso adelante para acercarme a Wout y Mathieu para finalmente acabar ganando.<\/p>\n<p data-mrf-recirculation=\"Links P\u00e1rrafos\" class=\"ue-c-article__paragraph paragraph\"><strong>P.\u00a0\u00bfC\u00f3mo se puede batir a van der Poel?<\/strong><\/p>\n<p data-mrf-recirculation=\"Links P\u00e1rrafos\" class=\"ue-c-article__paragraph paragraph\"><strong>R.\u00a0<\/strong>Pienso que necesitas estar en un recorrido correcto para mis caracter\u00edsticas. Que no est\u00e9 demasiado embarrado y que haya ciertas subidas, ah\u00ed es donde puedo sacar ventaja al ser m\u00e1s ligero. Quiz\u00e1 en un recorrido como el Koppenberg o Benidorm. Pero, por supuesto, para m\u00ed es importante que haya tramos de ascensi\u00f3n, y necesito estar al 100%. Quiz\u00e1 \u00e9l deba tener un d\u00eda un poco menos bueno tambi\u00e9n.<\/p>\n<p data-mrf-recirculation=\"Links P\u00e1rrafos\" class=\"ue-c-article__paragraph paragraph\"><strong>P. Precisamente, el a\u00f1o pasado subi\u00f3 al podio del Mundial junto a ellos. \u00bfCon qu\u00e9 resultado acabar\u00eda satisfecho este a\u00f1o en el Mundial?<\/strong><\/p>\n<p data-mrf-recirculation=\"Links P\u00e1rrafos\" class=\"ue-c-article__paragraph paragraph\"><strong>R.\u00a0<\/strong>El a\u00f1o pasado estuvo genial, recordar\u00e9 ese momento para siempre. Quiero repetirlo este a\u00f1o de nuevo. Por supuesto, siempre quieres estar en la l\u00ednea de salida siendo incluso mejor que la temporada pasada. Mi objetivo final es ganar el Mundial alguna vez en mi carrera deportiva, aunque no hay muchas oportunidades. As\u00ed que hay que aprovechar cualquier situaci\u00f3n que se presente.<\/p>\n<p data-mrf-recirculation=\"Links P\u00e1rrafos\" class=\"ue-c-article__paragraph paragraph\"><strong>P.\u00a0El a\u00f1o pasado gan\u00f3 en Benidorm. \u00bfLe gustan las modificaciones que han implementado para este a\u00f1o?<\/strong><\/p>\n<p data-mrf-recirculation=\"Links P\u00e1rrafos\" class=\"ue-c-article__paragraph paragraph\"><strong>R.\u00a0<\/strong>He escuchado algunas cosas sobre ello, pero no s\u00e9 al 100% los cambios que han hecho o c\u00f3mo va a ser. Tendremos la certeza cuando lleguemos all\u00ed y veamos el recorrido, pero creo que puede estar bien. La l\u00ednea de meta en la parte ascendente es interesante, tambi\u00e9n escuch\u00e9 que habr\u00e1 un arenero m\u00e1s grande. As\u00ed que tengo curiosidad. Me encanta la carrera, est\u00e1 en el lugar adecuado y en el momento adecuado. Creo que ha llegado para quedarse.<\/p>\n<p><img decoding=\"async\" width=\"1980\" height=\"1320\" class=\"ue-c-article__image lazyload\" alt=\"Nys celebrando la victoria en Benidorm\" loading=\"lazy\" src=\"https:\/\/www.europesays.com\/es\/wp-content\/uploads\/2025\/11\/690dc884b6166.jpeg\"\/><\/p>\n<p>Nys celebrando la victoria en Benidorm<\/p>\n<p data-mrf-recirculation=\"Links P\u00e1rrafos\" class=\"ue-c-article__paragraph paragraph\"><strong>P.\u00a0Saliendo un poco del ciclocross. \u00bfQu\u00e9 le parece la incorporaci\u00f3n de Juan Ayuso como nuevo compa\u00f1ero de equipo?<\/strong><\/p>\n<p data-mrf-recirculation=\"Links P\u00e1rrafos\" class=\"ue-c-article__paragraph paragraph\"><strong>R.\u00a0<\/strong>Est\u00e1 genial. Le conozco un poco porque estuvo en el podio conmigo cuando me convert\u00ed en campe\u00f3n de Europa en Trento. Es un talento incre\u00edble. Espero que pueda encontrar su nueva casa en nuestro equipo y que consiga grandes resultados. Estar\u00e9 ah\u00ed para ayudar si me necesita.<\/p>\n<p data-mrf-recirculation=\"Links P\u00e1rrafos\" class=\"ue-c-article__paragraph paragraph\"><strong>P.\u00a0La \u00faltima. Un deseo para la temporada 25-26<\/strong><\/p>\n<p data-mrf-recirculation=\"Links P\u00e1rrafos\" class=\"ue-c-article__paragraph paragraph\"><strong>R.\u00a0<\/strong>Quiero ganar m\u00e1s que el a\u00f1o pasado. Quiz\u00e1 tambi\u00e9n conseguir alg\u00fan t\u00edtulo, no importa si es el Europeo, el Nacional de B\u00e9lgica o el Mundial. Solo quiero llevar un maillot especial.<\/p>\n","protected":false},"excerpt":{"rendered":"Thibau Nys (Bonheiden, 2002) es una de las grandes figuras del ciclocross. Un corredor que no deja indiferente&hellip;\n","protected":false},"author":2,"featured_media":224173,"comment_status":"","ping_status":"","sticky":false,"template":"","format":"standard","meta":{"footnotes":""},"categories":[273],"tags":[313,312,168,25,24,23,167],"class_list":{"0":"post-224172","1":"post","2":"type-post","3":"status-publish","4":"format-standard","5":"has-post-thumbnail","7":"category-ciclismo","8":"tag-ciclismo","9":"tag-cycling","10":"tag-deportes","11":"tag-es","12":"tag-espana","13":"tag-spain","14":"tag-sports"},"share_on_mastodon":{"url":"https:\/\/pubeurope.com\/@es\/115511030189708907","error":""},"_links":{"self":[{"href":"https:\/\/www.europesays.com\/es\/wp-json\/wp\/v2\/posts\/224172","targetHints":{"allow":["GET"]}}],"collection":[{"href":"https:\/\/www.europesays.com\/es\/wp-json\/wp\/v2\/posts"}],"about":[{"href":"https:\/\/www.europesays.com\/es\/wp-json\/wp\/v2\/types\/post"}],"author":[{"embeddable":true,"href":"https:\/\/www.europesays.com\/es\/wp-json\/wp\/v2\/users\/2"}],"replies":[{"embeddable":true,"href":"https:\/\/www.europesays.com\/es\/wp-json\/wp\/v2\/comments?post=224172"}],"version-history":[{"count":0,"href":"https:\/\/www.europesays.com\/es\/wp-json\/wp\/v2\/posts\/224172\/revisions"}],"wp:featuredmedia":[{"embeddable":true,"href":"https:\/\/www.europesays.com\/es\/wp-json\/wp\/v2\/media\/224173"}],"wp:attachment":[{"href":"https:\/\/www.europesays.com\/es\/wp-json\/wp\/v2\/media?parent=224172"}],"wp:term":[{"taxonomy":"category","embeddable":true,"href":"https:\/\/www.europesays.com\/es\/wp-json\/wp\/v2\/categories?post=224172"},{"taxonomy":"post_tag","embeddable":true,"href":"https:\/\/www.europesays.com\/es\/wp-json\/wp\/v2\/tags?post=224172"}],"curies":[{"name":"wp","href":"https:\/\/api.w.org\/{rel}","templated":true}]}}