{"id":224178,"date":"2025-11-07T23:36:13","date_gmt":"2025-11-07T23:36:13","guid":{"rendered":"https:\/\/www.europesays.com\/es\/224178\/"},"modified":"2025-11-07T23:36:13","modified_gmt":"2025-11-07T23:36:13","slug":"bruce-willis-captado-de-paseo-por-los-angeles-llevado-de-la-mano-por-un-asistente","status":"publish","type":"post","link":"https:\/\/www.europesays.com\/es\/224178\/","title":{"rendered":"Bruce Willis, captado de paseo por Los \u00c1ngeles llevado de la mano por un asistente"},"content":{"rendered":"<p class=\"c-paragraph\">El actor <a href=\"https:\/\/www.20minutos.es\/tags\/temas\/bruce-willis.html\" title=\"Bruce Willis\" rel=\"nofollow noopener\" target=\"_blank\">Bruce Willis<\/a> se ha dejado ver de nuevo en p\u00fablico durante su enfermedad. El int\u00e9rprete de la saga La Jungla de Cristal, entre otros, ha sido captado <b>dando un paseo por la ciudad de Los \u00c1ngeles.<\/b><\/p>\n<p class=\"c-paragraph\">Willis iba de la mano de un asistente, que lo guiaba en todo momento. El actor<b> luc\u00eda gafas de sol y gorra<\/b> para protegerse del sol del sur de California, camiseta y zapatillas deportivas.<\/p>\n<p class=\"c-paragraph\">Las im\u00e1genes, seg\u00fan recoge el portal <a href=\"https:\/\/www.tmz.com\/2025\/11\/06\/bruce-willis-walks-los-angeles-beach\/\" rel=\"nofollow noreferrer noopener\" title=\"Bruce Willis Looks Great on Beach Outing ... Amid Dementia Battle\" target=\"_blank\">TMZ.com<\/a>, fueron captadas este jueves en una zona cercana a la playa y mostraron que pese a que Willis ha perdido la capacidad de hablar, <b>no ha perdido la movilidad.<\/b><\/p>\n<p class=\"c-paragraph\">En marzo de 2022, la familia del actor, que en marzo cumpli\u00f3 70 a\u00f1os, anunci\u00f3 que Willis hab\u00eda sido diagnosticado con <b>afasia<\/b>, un trastorno del lenguaje que afecta la capacidad de comunicarse.<\/p>\n<p class=\"c-paragraph\">Pero un a\u00f1o m\u00e1s tarde su esposa, Emma Heming, revel\u00f3 que el actor padec\u00eda <b>demencia frontotemporal<\/b>, un grupo de trastornos que afectan progresivamente los l\u00f3bulos frontal y temporal del cerebro que provocan cambios en el comportamiento, el lenguaje y las funciones ejecutivas.<\/p>\n","protected":false},"excerpt":{"rendered":"El actor Bruce Willis se ha dejado ver de nuevo en p\u00fablico durante su enfermedad. El int\u00e9rprete de&hellip;\n","protected":false},"author":2,"featured_media":224179,"comment_status":"","ping_status":"","sticky":false,"template":"","format":"standard","meta":{"footnotes":""},"categories":[174],"tags":[8166,59345,255,146,147,25,24,256,2755,5043,23,8167],"class_list":{"0":"post-224178","1":"post","2":"type-post","3":"status-publish","4":"format-standard","5":"has-post-thumbnail","7":"category-famosos","8":"tag-bruce","9":"tag-captado","10":"tag-celebrities","11":"tag-entertainment","12":"tag-entretenimiento","13":"tag-es","14":"tag-espana","15":"tag-famosos","16":"tag-paseo","17":"tag-por","18":"tag-spain","19":"tag-willis"},"share_on_mastodon":{"url":"https:\/\/pubeurope.com\/@es\/115511045943741276","error":""},"_links":{"self":[{"href":"https:\/\/www.europesays.com\/es\/wp-json\/wp\/v2\/posts\/224178","targetHints":{"allow":["GET"]}}],"collection":[{"href":"https:\/\/www.europesays.com\/es\/wp-json\/wp\/v2\/posts"}],"about":[{"href":"https:\/\/www.europesays.com\/es\/wp-json\/wp\/v2\/types\/post"}],"author":[{"embeddable":true,"href":"https:\/\/www.europesays.com\/es\/wp-json\/wp\/v2\/users\/2"}],"replies":[{"embeddable":true,"href":"https:\/\/www.europesays.com\/es\/wp-json\/wp\/v2\/comments?post=224178"}],"version-history":[{"count":0,"href":"https:\/\/www.europesays.com\/es\/wp-json\/wp\/v2\/posts\/224178\/revisions"}],"wp:featuredmedia":[{"embeddable":true,"href":"https:\/\/www.europesays.com\/es\/wp-json\/wp\/v2\/media\/224179"}],"wp:attachment":[{"href":"https:\/\/www.europesays.com\/es\/wp-json\/wp\/v2\/media?parent=224178"}],"wp:term":[{"taxonomy":"category","embeddable":true,"href":"https:\/\/www.europesays.com\/es\/wp-json\/wp\/v2\/categories?post=224178"},{"taxonomy":"post_tag","embeddable":true,"href":"https:\/\/www.europesays.com\/es\/wp-json\/wp\/v2\/tags?post=224178"}],"curies":[{"name":"wp","href":"https:\/\/api.w.org\/{rel}","templated":true}]}}