{"id":224180,"date":"2025-11-07T23:37:11","date_gmt":"2025-11-07T23:37:11","guid":{"rendered":"https:\/\/www.europesays.com\/es\/224180\/"},"modified":"2025-11-07T23:37:11","modified_gmt":"2025-11-07T23:37:11","slug":"las-tres-casas-de-la-semana-oda-a-la-arquitectura-abierta-y-el-lujo-en-ibiza-por-125-millones-negocios","status":"publish","type":"post","link":"https:\/\/www.europesays.com\/es\/224180\/","title":{"rendered":"Las tres casas de la semana: oda a la arquitectura abierta y el lujo en Ibiza por 12,5 millones | Negocios"},"content":{"rendered":"<p>Terrazas, vistas y lujo en el Mediterr\u00e1neo<\/p>\n<p class=\"\">Un ascensor de cristal proporciona f\u00e1cil acceso a las cuatro plantas y adem\u00e1s permite vistas al puerto de la localidad de Santa Eul\u00e0ria des Riu, en el noroeste de la isla de Ibiza. Por si esto fuera poco, hay 600 metros cuadrados de terrazas que persiguen el mismo fin. En 2020, un arquitecto alem\u00e1n dise\u00f1\u00f3 esta villa moderna, con seis dormitorios, siete ba\u00f1os y todo tipo de lujos y comodidades. La cocina abierta cuenta con una amplia isla central y las tres habitaciones de hu\u00e9spedes del piso superior tienen cada una su propio ba\u00f1o y cocina.<\/p>\n<p class=\"\">La casa, por calefacci\u00f3n por suelo radiante, es inteligente, es decir, se controla mediante un dispositivo m\u00f3vil. El exterior impresiona por su piscina infinita de 90 metros cuadrados con iluminaci\u00f3n led, gimnasio, bar, ba\u00f1o, \u00e1rea de barbacoa y un proyector para pel\u00edculas al aire libre. La terraza en la azotea cuenta con un jacuzzi. El garaje tiene capacidad para cuatro coches. <\/p>\n<p class=\"\">La villa pertenece a la urbanizaci\u00f3n Siesta, a unos cinco minutos de la ciudad de Ibiza y del puerto deportivo de Botafoch, y a 25 minutos del aeropuerto, se\u00f1ala Lucas Fox, que comercializa la villa por 12,5 millones de euros. <\/p>\n<ul>\n<li>Situaci\u00f3n: Santa Eul\u00e0ria des Riu (Ibiza)<\/li>\n<li>Superficie: parcela de 1.496 metros cuadrados y 1.013 construidos<\/li>\n<li>Estado: bueno<\/li>\n<li>Precio: 12,5 millones de euros<\/li>\n<li>Tel\u00e9fono: 971 59 06 30<\/li>\n<\/ul>\n<p>Molino rehabilitado a orillas del Duero<\/p>\n<p class=\"\">Un molino del siglo XV situado a orillas del r\u00edo Duero es el origen de esta residencia que ha sido rehabilitada hace pocos a\u00f1os por el arquitecto vallisoletano Roberto Valle y que cuenta con varios premios por la combinaci\u00f3n de arquitectura hist\u00f3rica y contempor\u00e1nea. Un patio con adoquines centenarios conduce a un estudio de arquitectura, a la vivienda y al garaje. La casa, de dos plantas, cuenta con sal\u00f3n, cocina, seis dormitorios, estudio y biblioteca. La segunda planta, con vigas de madera, podr\u00eda convertirse en otra casa al tener su propio acceso. Se halla en el municipio de Tudela de Duero, indican en Engel &amp; V\u00f6lkers.<\/p>\n<ul>\n<li>Situaci\u00f3n: Tudela de Duero (Valladolid)<\/li>\n<li>Superficie: 554 metros construidos<\/li>\n<li>Estado: bueno<\/li>\n<li>Precio: 1 mill\u00f3n de euros<\/li>\n<li>Tel\u00e9fono: 983 66 90 79<\/li>\n<\/ul>\n<p>Dos casas en Llanes<\/p>\n<p class=\"\">En el coraz\u00f3n de Llanes se levanta esta construcci\u00f3n de principios del siglo XX que incluye dos viviendas independientes que conservan su encanto original. La primera consta de cocina equipada, comedor, sal\u00f3n y cinco dormitorios, galer\u00eda y dos ba\u00f1os. La segunda casa alberga las mismas estancias, adem\u00e1s de bodega y seis dormitorios. Pero la joya de esta casona de techos altos y orientaci\u00f3n sur tambi\u00e9n est\u00e1 fuera, en el jard\u00edn de 1.700 metros cuadrados que incorpora porche cubierto, barbacoa de obra y un cenador, explican en Veri Corral Inmobiliaria.<\/p>\n<ul>\n<li>Situaci\u00f3n: Llanes (Asturias)<\/li>\n<li>Superficie: parcela de 1.700 metros cuadrados y 500 construidos<\/li>\n<li>Estado: bueno<\/li>\n<li>Precio: 4 millones de euros<\/li>\n<li>Tel\u00e9fono: 985 40 15 15 <\/li>\n<\/ul>\n","protected":false},"excerpt":{"rendered":"Terrazas, vistas y lujo en el Mediterr\u00e1neo Un ascensor de cristal proporciona f\u00e1cil acceso a las cuatro plantas&hellip;\n","protected":false},"author":2,"featured_media":224181,"comment_status":"","ping_status":"","sticky":false,"template":"","format":"standard","meta":{"footnotes":""},"categories":[173],"tags":[229,233,231,230,40733,232,234,95,146,147,25,24,7181,1531,3634,24483,2733,8692,23,3633],"class_list":{"0":"post-224180","1":"post","2":"type-post","3":"status-publish","4":"format-standard","5":"has-post-thumbnail","7":"category-arte-y-diseno","8":"tag-arte","9":"tag-arte-y-diseno","10":"tag-arts","11":"tag-arts-and-design","12":"tag-casas-singulares","13":"tag-design","14":"tag-diseno","15":"tag-economia","16":"tag-entertainment","17":"tag-entretenimiento","18":"tag-es","19":"tag-espana","20":"tag-estilo-vida","21":"tag-lujo","22":"tag-mercado-inmobiliario","23":"tag-molinos","24":"tag-negocios","25":"tag-principado-de-asturias","26":"tag-spain","27":"tag-vivienda"},"share_on_mastodon":{"url":"https:\/\/pubeurope.com\/@es\/115511049759127487","error":""},"_links":{"self":[{"href":"https:\/\/www.europesays.com\/es\/wp-json\/wp\/v2\/posts\/224180","targetHints":{"allow":["GET"]}}],"collection":[{"href":"https:\/\/www.europesays.com\/es\/wp-json\/wp\/v2\/posts"}],"about":[{"href":"https:\/\/www.europesays.com\/es\/wp-json\/wp\/v2\/types\/post"}],"author":[{"embeddable":true,"href":"https:\/\/www.europesays.com\/es\/wp-json\/wp\/v2\/users\/2"}],"replies":[{"embeddable":true,"href":"https:\/\/www.europesays.com\/es\/wp-json\/wp\/v2\/comments?post=224180"}],"version-history":[{"count":0,"href":"https:\/\/www.europesays.com\/es\/wp-json\/wp\/v2\/posts\/224180\/revisions"}],"wp:featuredmedia":[{"embeddable":true,"href":"https:\/\/www.europesays.com\/es\/wp-json\/wp\/v2\/media\/224181"}],"wp:attachment":[{"href":"https:\/\/www.europesays.com\/es\/wp-json\/wp\/v2\/media?parent=224180"}],"wp:term":[{"taxonomy":"category","embeddable":true,"href":"https:\/\/www.europesays.com\/es\/wp-json\/wp\/v2\/categories?post=224180"},{"taxonomy":"post_tag","embeddable":true,"href":"https:\/\/www.europesays.com\/es\/wp-json\/wp\/v2\/tags?post=224180"}],"curies":[{"name":"wp","href":"https:\/\/api.w.org\/{rel}","templated":true}]}}