{"id":224184,"date":"2025-11-07T23:40:13","date_gmt":"2025-11-07T23:40:13","guid":{"rendered":"https:\/\/www.europesays.com\/es\/224184\/"},"modified":"2025-11-07T23:40:13","modified_gmt":"2025-11-07T23:40:13","slug":"los-valencianos-bombai-brillan-en-su-barrio-durante-los-40-music-awards","status":"publish","type":"post","link":"https:\/\/www.europesays.com\/es\/224184\/","title":{"rendered":"Los valencianos Bombai brillan en su barrio durante LOS 40 Music Awards"},"content":{"rendered":"<p><img fetchpriority=\"high\" class=\"v-a-img\" src=\"https:\/\/www.europesays.com\/es\/wp-content\/uploads\/2025\/11\/bombai-ktg-U240160867965K3G-1200x840@Las Provincias.jpeg\" loading=\"eager\" decoding=\"async\" alt=\"Los valencianos Bombai recogen su premio en Los40 Music Awards.\"  width=\"1200\" height=\"840\"\/><\/p>\n<p>Los valencianos Bombai recogen su premio en Los40 Music Awards.          LP        <\/p>\n<p>\u00abSomos un grupo de chavales de Monteolivete que hemos demostrado que si se quiere se puede\u00bb, han afirmado al recibir su galard\u00f3n<\/p>\n<p><a class=\"v-mdl-ath__fig-a\" href=\"https:\/\/www.lasprovincias.es\/autor\/moises-rodriguez-838.html\" title=\"Mois\u00e9s Rodr\u00edguez\" rel=\"nofollow noopener\" target=\"_blank\"><br \/>\n<img decoding=\"async\" class=\"v-mdl-ath__img\" src=\"https:\/\/www.europesays.com\/es\/wp-content\/uploads\/2025\/11\/autor-838-foto-2.jpeg\" alt=\"Mois\u00e9s Rodr\u00edguez\"\/><br \/>\n<\/a><\/p>\n<p class=\"v-mdl-ath__p v-mdl-ath__p--6\">\nViernes, 7 de noviembre 2025, 23:08<\/p>\n<p class=\"v-p\">Uno de los grupos galardonados en la vig\u00e9sima edici\u00f3n de <a href=\"https:\/\/www.lasprovincias.es\/culturas\/musica\/rosalia-dedica-premio-valencia-afectados-dana-solos-20251107213141-nt.html\" data-voc-vtm-id=\"in-text-traffic\" title=\"LOS 40 Music Awards by Santander \" rel=\"nofollow noopener\" target=\"_blank\">LOS 40 Music Awards by Santander <\/a>han sido los valencianos Bombai. Los j\u00f3venes han tenido, como casi todos los artistas, un gui\u00f1o hacia los afectados hacia la dana. Tambi\u00e9n han mandado un mensaje a todas ls personas que persigan un sue\u00f1o: \u00abSomos un grupo de chavales que hemos demostrado que si se quiere, se puede\u00bb. <\/p>\n<p class=\"v-p\">\u00abNosotros nos conocimos en el instituto y crecimos por Monteolivete y Russafa\u00bb, han incidido. Bombai no ha actuado, pero han tarareado junto al p\u00fablico una parte de su famoso tema &#8216;S\u00f3lo si es contigo&#8217;. Pero cuando se han metido definitivamente en el bolsillo a la grada del Roig Arena cuando han coreado el final del Himno Regional: &#8216;Visca Val\u00e8ncia, visca, visca!&#8217;. Claro est\u00e1, la gente se les ha unido y la simbiosis ha generado un sonido atronador. <\/p>\n<p><a class=\"v-a-link\" href=\"https:\/\/www.lasprovincias.es\/culturas\/musica\/mejores-imagenes-actuacion-rosalia-roig-arena-20251107215222-ga.html\" data-voc-vtm-id=\"in-text-traffic\" title=\"\" aria-label=\"Imagen\" rel=\"nofollow noopener\" target=\"_blank\"><br \/>\n<img decoding=\"async\" loading=\"lazy\" src=\"https:\/\/www.europesays.com\/es\/wp-content\/uploads\/2025\/11\/rosalia-actuacion-efe-kMDI-U21001032327gmq-366x256@Las Provincias-LasProvincias.jpg\" class=\"v-a-img\" width=\"258\" height=\"180\" alt=\"\" data-voc-vtm-id=\"in-text-traffic\"\/><\/p>\n<p><\/a><\/p>\n<p class=\"v-p\">Tambi\u00e9n lo ha sido el respaldo mostrado a Valeria Castro, que deb\u00eda actuar este 7 de noviembre en Valencia y, de hecho, estaba confirmada. Sin embargo, ha sido v\u00edctima de feroces cr\u00edticas en redes tras su actuaci\u00f3n en OT 2025, y ha suspendido temporalmente su gira.<\/p>\n<p>Reporta un error<\/p>\n","protected":false},"excerpt":{"rendered":"Los valencianos Bombai recogen su premio en Los40 Music Awards. LP \u00abSomos un grupo de chavales de Monteolivete&hellip;\n","protected":false},"author":2,"featured_media":224185,"comment_status":"","ping_status":"","sticky":false,"template":"","format":"standard","meta":{"footnotes":""},"categories":[170],"tags":[13360,1626,59302,24653,146,147,25,24,184,185,23,17077],"class_list":{"0":"post-224184","1":"post","2":"type-post","3":"status-publish","4":"format-standard","5":"has-post-thumbnail","7":"category-musica","8":"tag-awards","9":"tag-barrio","10":"tag-bombai","11":"tag-brillan","12":"tag-entertainment","13":"tag-entretenimiento","14":"tag-es","15":"tag-espana","16":"tag-music","17":"tag-musica","18":"tag-spain","19":"tag-valencianos"},"share_on_mastodon":{"url":"https:\/\/pubeurope.com\/@es\/115511061949601880","error":""},"_links":{"self":[{"href":"https:\/\/www.europesays.com\/es\/wp-json\/wp\/v2\/posts\/224184","targetHints":{"allow":["GET"]}}],"collection":[{"href":"https:\/\/www.europesays.com\/es\/wp-json\/wp\/v2\/posts"}],"about":[{"href":"https:\/\/www.europesays.com\/es\/wp-json\/wp\/v2\/types\/post"}],"author":[{"embeddable":true,"href":"https:\/\/www.europesays.com\/es\/wp-json\/wp\/v2\/users\/2"}],"replies":[{"embeddable":true,"href":"https:\/\/www.europesays.com\/es\/wp-json\/wp\/v2\/comments?post=224184"}],"version-history":[{"count":0,"href":"https:\/\/www.europesays.com\/es\/wp-json\/wp\/v2\/posts\/224184\/revisions"}],"wp:featuredmedia":[{"embeddable":true,"href":"https:\/\/www.europesays.com\/es\/wp-json\/wp\/v2\/media\/224185"}],"wp:attachment":[{"href":"https:\/\/www.europesays.com\/es\/wp-json\/wp\/v2\/media?parent=224184"}],"wp:term":[{"taxonomy":"category","embeddable":true,"href":"https:\/\/www.europesays.com\/es\/wp-json\/wp\/v2\/categories?post=224184"},{"taxonomy":"post_tag","embeddable":true,"href":"https:\/\/www.europesays.com\/es\/wp-json\/wp\/v2\/tags?post=224184"}],"curies":[{"name":"wp","href":"https:\/\/api.w.org\/{rel}","templated":true}]}}