{"id":224186,"date":"2025-11-07T23:41:13","date_gmt":"2025-11-07T23:41:13","guid":{"rendered":"https:\/\/www.europesays.com\/es\/224186\/"},"modified":"2025-11-07T23:41:13","modified_gmt":"2025-11-07T23:41:13","slug":"en-marcha-la-secuela-de-jurassic-world-el-renacer-con-gareth-edwards-y-sus-tres-protagonistas","status":"publish","type":"post","link":"https:\/\/www.europesays.com\/es\/224186\/","title":{"rendered":"En marcha la secuela de &#8216;Jurassic World: El renacer&#8217; con Gareth Edwards y sus tres protagonistas"},"content":{"rendered":"<p>. Estrenada en verano de 2025, &#8216;<a href=\"https:\/\/www.ecartelera.com\/peliculas\/jurassic-world-4\/\" data-mention-type=\"pelicula\" data-mention-id=\"9159\" rel=\"nofollow noopener\" target=\"_blank\">Jurassic World: El renacer<\/a>&#8216; alcanz\u00f3 los 92 millones de d\u00f3lares en el mercado dom\u00e9stico en su primer fin de semana y el total de su recaudaci\u00f3n global acab\u00f3 ascendiendo, al final de su carrera comercial, <strong>a los 868 millones de d\u00f3lares.<\/strong> Es cierto que las cr\u00edticas fueron <a href=\"https:\/\/www.ecartelera.com\/noticias\/jurassic-world-renacer-no-resurge-cenizas-rotten-tomatoes-81117\/\" target=\"_blank\" rel=\"nofollow noopener\">mixtas<\/a> (no en eCartelera, que <a href=\"https:\/\/www.ecartelera.com\/noticias\/critica-jurassic-world-el-renacer-81086\/\" rel=\"nofollow noopener\" target=\"_blank\">nos encant\u00f3<\/a>), pero sabemos que a los estudios lo que le importa es la atenci\u00f3n del p\u00fablico y la pel\u00edcula de <a href=\"https:\/\/www.ecartelera.com\/personas\/gareth-edwards\/\" data-mention-type=\"persona\" data-mention-id=\"5045\" rel=\"nofollow noopener\" target=\"_blank\">Gareth Edwards<\/a> le devolvi\u00f3 frescor a la saga as\u00ed que es normal que Universal quiera seguir explotando la franquicia.<\/p>\n<p>Tr\u00e1iler espa\u00f1ol &#8216;Jurassic World: El renacer&#8217;<\/p>\n<p><video id=\"vid-35318\" class=\"video-js vjs-default-skin\" data-title=\"Tr\u00e1iler espa\u00f1ol 'Jurassic World: El renacer'\" poster=\"https:\/\/www.ecartelera.com\/images\/videos\/35300\/f35318.jpg\" controls=\"\" preload=\"auto\" width=\"640\" height=\"360\" playsinline=\"\" data-vtt=\"\/\/v1.ecartelera.com\/video\/35300\/35318_sprite.vtt\" data-stream=\"1\">El navegador no soporta el tag de v\u00eddeo.<\/video><\/p>\n<p>X<br \/>\nSeg\u00fan recoge en su bolet\u00edn el insider Jeff Sneider, el estudio estar\u00eda ya en conversaciones tanto con Edwards y <strong>se espera que regrese tambi\u00e9n el tr\u00edo protagonista: <a href=\"https:\/\/www.ecartelera.com\/personas\/scarlett-johansson\/\" data-mention-type=\"persona\" data-mention-id=\"555\" rel=\"nofollow noopener\" target=\"_blank\">Scarlett Johansson<\/a>, <a href=\"https:\/\/www.ecartelera.com\/personas\/mahershalalhashbaz-ali\/\" data-mention-type=\"persona\" data-mention-id=\"3195\" rel=\"nofollow noopener\" target=\"_blank\">Mahershala Ali<\/a> y <a href=\"https:\/\/www.ecartelera.com\/personas\/jonathan-bailey\/\" data-mention-type=\"persona\" data-mention-id=\"11125\" rel=\"nofollow noopener\" target=\"_blank\">Jonathan Bailey<\/a>.<\/strong> A\u00fan no se sabe qui\u00e9n escribir\u00e1 el guion, pero podr\u00eda ser de nuevo <a href=\"https:\/\/www.ecartelera.com\/personas\/david-koepp\/\" data-mention-type=\"persona\" data-mention-id=\"2098\" rel=\"nofollow noopener\" target=\"_blank\">David Koepp<\/a>, quien tambi\u00e9n firm\u00f3 &#8216;El renacer&#8217;.<\/p>\n<p>Cuando se puso en marcha la producci\u00f3n de &#8216;Jurassic World: El renacer&#8217;, retomando los eventos de &#8216;<a href=\"https:\/\/www.ecartelera.com\/peliculas\/jurassic-world-3\/\" data-mention-type=\"pelicula\" data-mention-id=\"13909\" rel=\"nofollow noopener\" target=\"_blank\">Jurassic World: Dominion<\/a>&#8216; pero ambientando a historia cinco a\u00f1os despu\u00e9s, <strong><a href=\"https:\/\/www.ecartelera.com\/personas\/david-leitch\/\" data-mention-type=\"persona\" data-mention-id=\"11351\" rel=\"nofollow noopener\" target=\"_blank\">David Leitch<\/a> era el director asociado all proyecto y abandon\u00f3 la pel\u00edcula alegando \u00abdiferencias creativas\u00bb. <\/strong>Es entonces cuando se incorpor\u00f3 Edwards, que ya ten\u00eda experiencia en franquicias de esta magnitud tras dirigir la magn\u00edfica &#8216;<a href=\"https:\/\/www.ecartelera.com\/peliculas\/star-wars-rogue-one\/\" data-mention-type=\"pelicula\" data-mention-id=\"9660\" rel=\"nofollow noopener\" target=\"_blank\">Rogue One: Una historia de Star Wars<\/a>&#8216;.<\/p>\n<p>\t\t\t\t\t\t\t<img decoding=\"async\" loading=\"lazy\" src=\"https:\/\/www.europesays.com\/es\/wp-content\/uploads\/2025\/11\/238357_gareth-edwards-en-jurassic-world-el-renacer-h.jpg\" alt=\"Gareth Edwards en el rodaje de 'Jurassic World: El renacer'\" width=\"1200\" height=\"800\"\/>\t<\/p>\n<p>\t\t\t\t\t\tGareth Edwards en el rodaje de &#8216;Jurassic World: El renacer&#8217; (Universal)<br \/>\n\t\t\t\t\t\tUna larga sombraDurante la promoci\u00f3n de &#8216;Jurassic World: El renacer&#8217; tuvimos la oportunidad de hablar tanto con Edwards como con <a href=\"https:\/\/www.ecartelera.com\/personas\/alexandre-desplat\/\" data-mention-type=\"persona\" data-mention-id=\"31671\" rel=\"nofollow noopener\" target=\"_blank\">Alexandre Desplat<\/a>, compositor de su BSO. El director <a href=\"https:\/\/www.ecartelera.com\/noticias\/entrevista-gareth-edwards-jurassic-world-el-renacer-80846\/\" target=\"_blank\" rel=\"nofollow noopener\">nos cont\u00f3<\/a> que lo que m\u00e1s le gust\u00f3 del guion es que hab\u00eda dentro de la pel\u00edcula \u00abpeque\u00f1os como cortometrajes de diferentes dinosaurios o situaciones\u00bb, lo que, como director, le dio la oportunidad de ir cambiando de tono y estilo. <strong>Tambi\u00e9n mencion\u00f3 a <a href=\"https:\/\/www.ecartelera.com\/personas\/steven-spielberg\/\" data-mention-type=\"persona\" data-mention-id=\"177\" rel=\"nofollow noopener\" target=\"_blank\">Steven Spielberg<\/a>como fuente de inspiraci\u00f3n y de inseguridades <\/strong>y a su respeto por intentar ser fieles a la verdad hasta cuando est\u00e1s haciendo una pel\u00edcula de dinosaurios:<\/p>\n<blockquote><p>\u00abCuando hicimos los efectos especiales, nadie pod\u00eda animar nada si no ten\u00eda la referencia de un animal comport\u00e1ndose de esa manera. Era nuestra regla de oro porque no quer\u00edamos antropomorfizar ni inventar comportamientos\u00bb.<\/p><\/blockquote>\n<p>\t\t\t\t\t\t\t<img decoding=\"async\" loading=\"lazy\" src=\"https:\/\/www.europesays.com\/es\/wp-content\/uploads\/2025\/11\/238186_jurassic-world-el-renacer.jpg\" alt=\"Alexandre Desplat y Gareth Edwards durante una sesi\u00f3n de grabaci\u00f3n de la BSO de 'Jurassic World: El renacer\" width=\"1200\" height=\"800\"\/>\t<\/p>\n<p>\t\t\t\t\t\tAlexandre Desplat y Gareth Edwards durante una sesi\u00f3n de grabaci\u00f3n de la BSO de &#8216;Jurassic World: El renacer (Universal)<br \/>\n\t\t\t\t\t\tPor su <a href=\"https:\/\/www.ecartelera.com\/noticias\/visita-sesion-bso-jurassis-world-el-renacer-80792\/\" target=\"_blank\" rel=\"nofollow noopener\">parte Desplat<\/a> ten\u00eda la presi\u00f3n de estar a la altura del gran <a href=\"https:\/\/www.ecartelera.com\/personas\/john-williams-compositor\/\" data-mention-type=\"persona\" data-mention-id=\"18600\" rel=\"nofollow noopener\" target=\"_blank\">John Williams<\/a>: \u00abHay un momento de p\u00e1nico [cuando te enfrentas a seguir sus pasos] porque sabes que te est\u00e1s apoderando de su trabajo. Como cuando hice las dos \u00faltimas pel\u00edculas de &#8216;Harry Potter&#8217; me llev\u00f3 unas semanas decidir qu\u00e9 iba a escribir. \u00bfC\u00f3mo puedo salir de ah\u00ed? Porque, s\u00ed, es un genio y es dif\u00edcil ir despu\u00e9s de \u00e9l\u00bb; y describi\u00f3 la pel\u00edcula como \u00abnuevo cap\u00edtulo que a la vez se remonta m\u00e1s al material original\u00bb. <strong>En Espa\u00f1a, &#8216;Jurassic World: El renacer&#8217; est\u00e1 disponible para alquiler o compra en Prime Video.<\/strong><\/p>\n","protected":false},"excerpt":{"rendered":". Estrenada en verano de 2025, &#8216;Jurassic World: El renacer&#8216; alcanz\u00f3 los 92 millones de d\u00f3lares en el&hellip;\n","protected":false},"author":2,"featured_media":224187,"comment_status":"","ping_status":"","sticky":false,"template":"","format":"standard","meta":{"footnotes":""},"categories":[169],"tags":[1014,1015,1013,177,1011,146,147,25,24,782,176,1019,1016,175,753,1012,23,1017,1018],"class_list":{"0":"post-224186","1":"post","2":"type-post","3":"status-publish","4":"format-standard","5":"has-post-thumbnail","7":"category-cine","8":"tag-actores","9":"tag-actrices","10":"tag-cartelera","11":"tag-cine","12":"tag-ecartelera","13":"tag-entertainment","14":"tag-entretenimiento","15":"tag-es","16":"tag-espana","17":"tag-estrellas","18":"tag-film","19":"tag-fotogramas","20":"tag-fotos","21":"tag-movies","22":"tag-peliculas","23":"tag-pelis","24":"tag-spain","25":"tag-trailers","26":"tag-videos"},"share_on_mastodon":{"url":"https:\/\/pubeurope.com\/@es\/115511065574500150","error":""},"_links":{"self":[{"href":"https:\/\/www.europesays.com\/es\/wp-json\/wp\/v2\/posts\/224186","targetHints":{"allow":["GET"]}}],"collection":[{"href":"https:\/\/www.europesays.com\/es\/wp-json\/wp\/v2\/posts"}],"about":[{"href":"https:\/\/www.europesays.com\/es\/wp-json\/wp\/v2\/types\/post"}],"author":[{"embeddable":true,"href":"https:\/\/www.europesays.com\/es\/wp-json\/wp\/v2\/users\/2"}],"replies":[{"embeddable":true,"href":"https:\/\/www.europesays.com\/es\/wp-json\/wp\/v2\/comments?post=224186"}],"version-history":[{"count":0,"href":"https:\/\/www.europesays.com\/es\/wp-json\/wp\/v2\/posts\/224186\/revisions"}],"wp:featuredmedia":[{"embeddable":true,"href":"https:\/\/www.europesays.com\/es\/wp-json\/wp\/v2\/media\/224187"}],"wp:attachment":[{"href":"https:\/\/www.europesays.com\/es\/wp-json\/wp\/v2\/media?parent=224186"}],"wp:term":[{"taxonomy":"category","embeddable":true,"href":"https:\/\/www.europesays.com\/es\/wp-json\/wp\/v2\/categories?post=224186"},{"taxonomy":"post_tag","embeddable":true,"href":"https:\/\/www.europesays.com\/es\/wp-json\/wp\/v2\/tags?post=224186"}],"curies":[{"name":"wp","href":"https:\/\/api.w.org\/{rel}","templated":true}]}}