{"id":224189,"date":"2025-11-07T23:44:10","date_gmt":"2025-11-07T23:44:10","guid":{"rendered":"https:\/\/www.europesays.com\/es\/224189\/"},"modified":"2025-11-07T23:44:10","modified_gmt":"2025-11-07T23:44:10","slug":"aitana-y-ed-sheeran-triunfadores-de-los40-music-awards-en-una-gala-donde-brillo-rosalia-cultura","status":"publish","type":"post","link":"https:\/\/www.europesays.com\/es\/224189\/","title":{"rendered":"Aitana y Ed Sheeran, triunfadores de LOS40 Music Awards en una gala donde brill\u00f3 Rosal\u00eda | Cultura"},"content":{"rendered":"<p class=\"\">La noche promet\u00eda desde el inicio. Rosal\u00eda encendi\u00f3 la gala con la primera puesta en directo de una de las canciones de Lux, su reci\u00e9n estrenado cuarto \u00e1lbum. Acompa\u00f1ada por una orquesta, el tema Reliquia reson\u00f3 en el Roig Arena de Valencia, que acogi\u00f3 por primera vez LOS40 Music Awards Santander. Los dos triunfadores de la noche fueron Ed Sheraan, con tres galardones, mejor artista internacional, mejor disco por Play y Global Icon; y Aitana, con dos de los premios gordos, mejor artista espa\u00f1ola y mejor gira por <a href=\"https:\/\/elpais.com\/espana\/catalunya\/2025-11-06\/rosalia-presenta-su-nuevo-disco-lux-en-una-fiesta-privada-en-barcelona.html\" target=\"_self\" rel=\"nofollow noopener\" title=\"https:\/\/elpais.com\/espana\/catalunya\/2025-11-06\/rosalia-presenta-su-nuevo-disco-lux-en-una-fiesta-privada-en-barcelona.html\">Metamorfosis Season<\/a> \u2014que concluy\u00f3 con tres conciertos abarrotados el pasado julio\u2014. \u201cEste premio se lo quiero dedicar a Valencia, a todos los afectados por la dana\u201d, expres\u00f3 Aitana. Tambi\u00e9n hicieron doblete Dani Fern\u00e1ndez, Dani Mart\u00edn o Emilia. <\/p>\n<p>M\u00e1s informaci\u00f3n<\/p>\n<p class=\"\">Despu\u00e9s del inicio de gala con Rosal\u00eda, la segunda sorpresa de la noche sucedi\u00f3 una hora despu\u00e9s. <a href=\"https:\/\/elpais.com\/noticias\/ed-sheeran\/\" target=\"_self\" rel=\"nofollow noopener\" title=\"https:\/\/elpais.com\/noticias\/ed-sheeran\/\">Ed Sheeran<\/a> apareci\u00f3 solo con su guitarra y su \u00e9xito Perfect. Cuando, inesperadamente, Aitana se sum\u00f3 a mitad de la canci\u00f3n. Los dos grandes triunfadores de la noche juntos en el escenario. Durante la alfombra roja, la cantante admiti\u00f3 \u201cestar nerviosa\u201d. Apenas se not\u00f3: cant\u00f3 con mucha confianza junto a Sheeran. Aitana suma 31 nominaciones en LOS40 Music Awards, un r\u00e9cord entre los m\u00fasicos en la velada de anoche.<\/p>\n<p><img decoding=\"auto\" class=\"_re lazyload a_m-h\" height=\"259\"  width=\"414\"  src=\"https:\/\/www.europesays.com\/es\/wp-content\/uploads\/2025\/11\/FCXH626LRRJVPNR666VTZEBIZ4.jpg\" loading=\"lazy\"\/>Rosal\u00eda durante la interpretaci\u00f3n de &#8216;Reliquia&#8217; en el Roig Arena.Los40 (EFE)<\/p>\n<p class=\"\">Otro momento a destacar fue el homenaje audiovisual que le hicieron a Rosal\u00eda por su trayectoria en la m\u00fasica: \u201cNo es casualidad, ni suerte\u201d, se escuch\u00f3 en el v\u00eddeo <a href=\"https:\/\/elpais.com\/espana\/catalunya\/2025-11-06\/rosalia-presenta-su-nuevo-disco-lux-en-una-fiesta-privada-en-barcelona.html\" target=\"_self\" rel=\"nofollow noopener\" title=\"https:\/\/elpais.com\/espana\/catalunya\/2025-11-06\/rosalia-presenta-su-nuevo-disco-lux-en-una-fiesta-privada-en-barcelona.html\">musicalizado con su \u00e1lbum Lux<\/a>: \u201cEs inconformista, generosa y un ejemplo para sus compa\u00f1eros. Siempre con el objetivo de superarse\u201d. Tras estas palabras, le entregaron el primer Global Icon de la gala el cual dedic\u00f3, al igual que muchos de los premiados, a las v\u00edctimas de la dana: \u201cSeguimos pensando en vosotros\u201d, exclam\u00f3. Antes de la actuaci\u00f3n, la artista catalana ya acapar\u00f3 toda la atenci\u00f3n. Rosal\u00eda transform\u00f3 la alfombra roja en una masiva petici\u00f3n de aut\u00f3grafos. No hubo duda alguna cuando lleg\u00f3: el caos la anunci\u00f3. Vestida, contra todo pron\u00f3stico, completamente de negro, opuesta a aquella imagen de la monja vestida de blanco que protagoniza la portada de su nuevo \u00e1lbum, el cual, confes\u00f3 en ese breve tiempo, le \u201cha sorprendido por las ganas que la gente ten\u00eda de escucharlo\u201d. <\/p>\n<p class=\"\">Durante cuatro horas, el escenario del Roig Arena \u2014inaugurado hace solo unos meses <a href=\"https:\/\/elpais.com\/deportes\/baloncesto\/2025-09-02\/un-millon-de-personas-pasaran-por-el-roig-arena-de-valencia-en-el-primer-ano.html\" target=\"_self\" rel=\"nofollow noopener\" title=\"https:\/\/elpais.com\/deportes\/baloncesto\/2025-09-02\/un-millon-de-personas-pasaran-por-el-roig-arena-de-valencia-en-el-primer-ano.html\">tras una inversi\u00f3n de 400 millones de euros por el presidente de Mercadona<\/a>, Juan Roig\u2014 alberg\u00f3 las actuaciones de Morat, Rels B, Feid, Dani Mart\u00edn, Pablo Albor\u00e1n, Nicky Jam, Be\u00e9le, Emilia, Dani Fern\u00e1ndez, Nil Moliner, Danny Ocean, Kapo y otros artistas. La coraza multicolor del recinto acogi\u00f3 a 18.000 personas que disfrutaron en directo la vig\u00e9sima edici\u00f3n de los premios.<\/p>\n<p><img decoding=\"auto\" class=\"_re lazyload a_m-h\" height=\"302\"  width=\"414\"  src=\"https:\/\/www.europesays.com\/es\/wp-content\/uploads\/2025\/11\/XZ3CYB24GZBCZOVRURKGUVPFDE.JPG\" loading=\"lazy\"\/>Dani Mart\u00edn, que interpret\u00f3 &#8216;Zapatillas&#8217;, de su etapa en El Canto del Loco, anoche en Valencia. Alberto Saiz<\/p>\n<p class=\"\">En la categor\u00eda Global Latina, Feid se consagr\u00f3 como fen\u00f3meno del a\u00f1o en Colombia y su gira Fastest Tour fue premiada como la mejor. Al subir a recoger el primer galard\u00f3n de la noche, prometi\u00f3: \u201cVamos a cantar, a perrear y a llorar\u201d. La cantante argentina Emilia tambi\u00e9n celebr\u00f3 dos galardones: mejor artista latina y mejor canci\u00f3n urbana con Blackout. <a href=\"https:\/\/elpais.com\/us\/entretenimiento\/2025-09-29\/bad-bunny-actuara-en-el-intermedio-de-la-super-bowl-lx-en-febrero.html\" target=\"_self\" rel=\"nofollow noopener\" title=\"https:\/\/elpais.com\/us\/entretenimiento\/2025-09-29\/bad-bunny-actuara-en-el-intermedio-de-la-super-bowl-lx-en-febrero.html\">Bad Bunny gan\u00f3 el \u00e1lbum urbano<\/a> en esta categor\u00eda, sin embargo no estuvo presente: \u201cNo hay quien lo saque de Puerto Rico\u201d, dijeron entre risas. Otro premio importante se lo llev\u00f3 Mora por mejor artista urbano: \u201cValencia, esto es por ustedes\u201d.<\/p>\n<p class=\"\">Dani Mart\u00edn se llev\u00f3 los galardones a mejor artista en directo y mejor canci\u00f3n por<a href=\"https:\/\/www.youtube.com\/watch?v=Zj2p3njVgng&amp;list=RDZj2p3njVgng&amp;start_radio=1\" rel=\"nofollow noopener\" target=\"_blank\"> El \u00faltimo d\u00eda de nuestras vidas<\/a>. Momentos antes corr\u00eda con la energ\u00eda de un adolescente al interpretar el \u00e9xito Zapatillas \u2014de su anterior banda El Canto del Loco\u2014. El p\u00fablico estall\u00f3 con tan solo escuchar su nombre. El exvocalista de la exitosa banda cant\u00f3 su nuevo tema, Veinticinco, que hace referencia a los a\u00f1os que pronto cumple en la m\u00fasica.\u201cVivo un \u00e9xito que no est\u00e1 de moda. Cuando casi tienes 50 a\u00f1os, este premio vale m\u00e1s que los del principio\u201d, expres\u00f3 el cantante. Y a\u00f1adi\u00f3: \u201cPara m\u00ed es muy importante ver en los escenarios a gente como Dani Fern\u00e1ndez, que llevan ese ADN que me representa\u201d. Fern\u00e1ndez fue reconocido con el premio a mejor \u00e1lbum por La jaur\u00eda y su canci\u00f3n \u00bfY si lo hacemos?, junto a Valeria Castro, le vali\u00f3 para ganar el galard\u00f3n a mejor colaboraci\u00f3n. \u201cLa m\u00fasica es un refugio, espero que para Valencia sea igual por todo lo sufrido el a\u00f1o pasado\u201d, dijo Fern\u00e1ndez al recibir el premio y aprovech\u00f3 para dedicarlo a Valeria Castro, quien estaba ausente.<\/p>\n<p><img decoding=\"auto\" class=\"_re lazyload a_m-h\" height=\"276\"  width=\"414\"  src=\"https:\/\/www.europesays.com\/es\/wp-content\/uploads\/2025\/11\/XIGDZ4L6AZDYNEUQBNQ6MNNVHU.JPG\" loading=\"lazy\"\/>Los colombianos Morat durante su actuaci\u00f3n en Los40 Music Awards. <\/p>\n<p class=\"\">Las entradas al evento se agotaron en tan solo 90 minutos. La edici\u00f3n anterior llen\u00f3 por completo el Palau Sant Jordi en Barcelona, en una gala que se volc\u00f3 en el apoyo a los afectados por la dana. Esta noche, apenas a unos pocos kil\u00f3metros de lo que <a href=\"https:\/\/elpais.com\/espana\/2025-10-26\/como-donde-y-a-que-hora-murieron-las-229-victimas-de-la-dana.html\" target=\"_self\" rel=\"nofollow noopener\" title=\"https:\/\/elpais.com\/espana\/2025-10-26\/como-donde-y-a-que-hora-murieron-las-229-victimas-de-la-dana.html\">hace un a\u00f1o todo era cat\u00e1strofe<\/a>, el Roig Arena se convirti\u00f3 en un acto de solidaridad y s\u00edmbolo de resiliencia. La primera edici\u00f3n de los LOS40 Music Awards fue en 2006, en lo que hoy es el Movistar Arena, en Madrid. Dos d\u00e9cadas despu\u00e9s, los galardones se consolidan como uno de los grandes escenarios de la m\u00fasica en espa\u00f1ol. La gala anual, organizada por la emisora musical del grupo PRISA \u2014editora de EL PA\u00cdS\u2014, es capaz de unir a distintas generaciones de artistas y p\u00fablico bajo una misma celebraci\u00f3n.<\/p>\n<p class=\"\">La gala, conducida por Tony Aguilar, Cristina Bosc\u00e1 y Dani Moreno El Gallo, se emiti\u00f3 en directo por la web, la app y el canal de YouTube de LOS40, adem\u00e1s de la plataforma Divinity y Mediaset Infinity. Horas antes de la gala, pasaron por la alfombra roja y el programa especial El Preshow varios artistas de los cuales destacaron <a href=\"https:\/\/elpais.com\/eps\/2025-03-21\/de-viaje-con-morat-la-gran-banda-colombiana-esta-gira-nos-ha-recordado-que-vivimos-un-sueno.html\" target=\"_self\" rel=\"nofollow noopener\" title=\"https:\/\/elpais.com\/eps\/2025-03-21\/de-viaje-con-morat-la-gran-banda-colombiana-esta-gira-nos-ha-recordado-que-vivimos-un-sueno.html\">el grupo colombiano Morat<\/a>, donde Cris Regatero, Karin Herrero, Aitana Jerez y David \u00c1lvarez entrevistaron a su llegada al recinto.<\/p>\n<p class=\"\">Pasaba de la medianoche cuando el Roig Arena se transform\u00f3 en un cuarto azul gigante. A\u00edtana apareci\u00f3 en al menos cinco pantallas, cuando una c\u00e1mara comenz\u00f3 a seguirla mientras todos esperaban a que apareciera sobre el escenario. Miles de pulseras a lo largo de las gradas se iluminaban como estrellas durante la tan esperada actuaci\u00f3n de la barcelonesa, que cerr\u00f3 la gala de LOS40 Music Awards con su \u00e9xito Superestrella. Rodeada de una veintena de bailarines, Aitana desped\u00eda la velada acompa\u00f1ada con la euforia del p\u00fablico.<\/p>\n<p>Ganadores de LOS40 Awards<\/p>\n<p class=\"\">En la categor\u00eda Espa\u00f1a, los premios grandes se los llev\u00f3 Aitana como Mejor Artista y Gira por Metamorfosis Season. Dani Mart\u00edn levant\u00f3 las estatuillas por Mejor Canci\u00f3n con El \u00faltimo d\u00eda de nuestras vidas y Mejor Artista en directo. La ganadora de Artista Revelaci\u00f3n fue la compositora Naiara. Dani Fern\u00e1ndez se hizo con los premios de Mejor \u00c1lbum con La jaur\u00eda y Mejor Colaboraci\u00f3n por \u00bfY si lo hacemos? junto a Valeria Castro. El mejor v\u00eddeo musical fue para Haz lo que quieras conmigo de Walls. El evento o festival musical del a\u00f1o se lo llev\u00f3 Love the twenties (Share Music). Mientras Nil Moliner gan\u00f3 el premio Artista \u201cDel 40 al 1\u201d y Bombai se llev\u00f3 el galard\u00f3n de Artista LOS40 Summer Live.<\/p>\n<p class=\"\">En la categor\u00eda internacional, Ed Sheeran gan\u00f3 Mejor Artista y Mejor \u00c1lbum por Play. Myles Smith se hizo con el premio de Mejor Canci\u00f3n por Stargazing. Mientras el Mejor Artista Revelaci\u00f3n se lo llev\u00f3 HUNTR\/X.<\/p>\n<p class=\"\">En la categor\u00eda Global Latina, Emilia se hizo con dos premios por Mejor Artista y Mejor Canci\u00f3n Urbana por Blackout junto a Tini y Nicky Nicole. El Mejor Artista Revelaci\u00f3n fue para De la rose. El premio al Mejor \u00c1lbum Latino se lo llev\u00f3 Beele por Borondo. Bad Bunny se har\u00eda con el galard\u00f3n al Mejor \u00c1lbum Urbano con Deb\u00ed tirar m\u00e1s fotos. La Mejor Canci\u00f3n Latina fue Capaz de Alleh y Yorghaki. Rauw Alejandro gan\u00f3 Mejor V\u00eddeo Musical con Carita Linda. El mejor artista en directo fue Morat. Mientras Feid gan\u00f3 como Mejor Gira con Fastest Tour. La mejor colaboraci\u00f3n urbana se la llevaron Nicky Jam y Beele por Heikka. <\/p>\n<p class=\"\">Los Global Icon de la noche fueron para Ed Sheeran, Rosal\u00eda, Nicky Jam y Pablo Albor\u00e1n.<\/p>\n","protected":false},"excerpt":{"rendered":"La noche promet\u00eda desde el inicio. Rosal\u00eda encendi\u00f3 la gala con la primera puesta en directo de una&hellip;\n","protected":false},"author":2,"featured_media":224190,"comment_status":"","ping_status":"","sticky":false,"template":"","format":"standard","meta":{"footnotes":""},"categories":[91],"tags":[5521,209,3067,146,147,25,24,59346,52148,185,3673,1448,2915,4147,23,235],"class_list":{"0":"post-224189","1":"post","2":"type-post","3":"status-publish","4":"format-standard","5":"has-post-thumbnail","7":"category-entretenimiento","8":"tag-aitana-ocana","9":"tag-cultura","10":"tag-ed-sheeran","11":"tag-entertainment","12":"tag-entretenimiento","13":"tag-es","14":"tag-espana","15":"tag-locutores-radio","16":"tag-los40-music-awards","17":"tag-musica","18":"tag-musica-en-vivo","19":"tag-radio","20":"tag-roig-arena","21":"tag-rosalia","22":"tag-spain","23":"tag-valencia"},"share_on_mastodon":{"url":"https:\/\/pubeurope.com\/@es\/115511077667507254","error":""},"_links":{"self":[{"href":"https:\/\/www.europesays.com\/es\/wp-json\/wp\/v2\/posts\/224189","targetHints":{"allow":["GET"]}}],"collection":[{"href":"https:\/\/www.europesays.com\/es\/wp-json\/wp\/v2\/posts"}],"about":[{"href":"https:\/\/www.europesays.com\/es\/wp-json\/wp\/v2\/types\/post"}],"author":[{"embeddable":true,"href":"https:\/\/www.europesays.com\/es\/wp-json\/wp\/v2\/users\/2"}],"replies":[{"embeddable":true,"href":"https:\/\/www.europesays.com\/es\/wp-json\/wp\/v2\/comments?post=224189"}],"version-history":[{"count":0,"href":"https:\/\/www.europesays.com\/es\/wp-json\/wp\/v2\/posts\/224189\/revisions"}],"wp:featuredmedia":[{"embeddable":true,"href":"https:\/\/www.europesays.com\/es\/wp-json\/wp\/v2\/media\/224190"}],"wp:attachment":[{"href":"https:\/\/www.europesays.com\/es\/wp-json\/wp\/v2\/media?parent=224189"}],"wp:term":[{"taxonomy":"category","embeddable":true,"href":"https:\/\/www.europesays.com\/es\/wp-json\/wp\/v2\/categories?post=224189"},{"taxonomy":"post_tag","embeddable":true,"href":"https:\/\/www.europesays.com\/es\/wp-json\/wp\/v2\/tags?post=224189"}],"curies":[{"name":"wp","href":"https:\/\/api.w.org\/{rel}","templated":true}]}}