{"id":224194,"date":"2025-11-07T23:48:08","date_gmt":"2025-11-07T23:48:08","guid":{"rendered":"https:\/\/www.europesays.com\/es\/224194\/"},"modified":"2025-11-07T23:48:08","modified_gmt":"2025-11-07T23:48:08","slug":"gabriel-rufian-es-tajante-con-aquellos-que-dicen-que-el-bloqueo-de-junts-no-afectara-a-cataluna-o-los-catalanes","status":"publish","type":"post","link":"https:\/\/www.europesays.com\/es\/224194\/","title":{"rendered":"Gabriel Rufi\u00e1n es tajante con aquellos que dicen que el bloqueo de Junts no afectar\u00e1 a Catalu\u00f1a o los catalanes"},"content":{"rendered":"<p>Este jueves Junts anunci\u00f3 que presentar\u00eda enmiendas a las 25 leyes presentadas en el Congreso por el Gobierno, as\u00ed como que no votar\u00e1 a favor de las 21 que est\u00e1n en tr\u00e1mite. Adem\u00e1s, tambi\u00e9n afirm\u00f3 que vetar\u00e1 las nuevas propuestas que ya han pasado por el Consejo de Ministros una vez lleguen al Parlamento. <b>Esto supondr\u00eda que ninguna de estas normas conseguir\u00edan salir adelante al no contar con el apoyo del partido independentista.\u00a0<\/b><\/p>\n<p><a href=\"https:\/\/www.huffingtonpost.es\/virales\/la-pregunta-le-silvia-intxaurrondo-miriam-nogueras-sobre-bloqueo-junts-deja-portavoz-palabras-segundos.html\" title=\"La pregunta que le hace Silvia Intxaurrondo a Miriam Nogueras sobre el bloqueo de Junts deja a la portavoz sin palabras por unos segundos\" rel=\"nofollow noopener\" target=\"_blank\">El bloqueo<\/a> ha supuesto todo un terremoto en la pol\u00edtica. Una de las voces que se ha pronunciado al respecto ha sido el l\u00edder de ERC, <a href=\"https:\/\/www.huffingtonpost.es\/virales\/la-pregunta-le-silvia-intxaurrondo-miriam-nogueras-sobre-bloqueo-junts-deja-portavoz-palabras-segundos.html\" title=\"Rufi\u00e1n describe con tres palabras la dimisi\u00f3n de Maz\u00f3n y se queja de lo que ha dicho en solo cinco segundos\" rel=\"nofollow noopener\" target=\"_blank\">Gabriel Rufi\u00e1n<\/a>, quien<b> ha querido desmentir <\/b>a aquellos que aseguran que esta postura no afectar\u00e1 a los catalanes.\u00a0<\/p>\n<p>\u00abUna cosa. Junts lleva 24h repitiendo que ninguna de las 25 leyes que van a vetar afectan a Catalunya o a los catalanes. Y a menos que en Catalunya no haya familias, salud, consumidores, alcoholismo, personas con discapacidad, emergencia clim\u00e1tica, universidades o libertad de expresi\u00f3n, esto es absolutamente falso\u00bb, ha recordado el pol\u00edtico en &#8216;X&#8217; (antes conocido como Twitter).<\/p>\n<p>\u00abLo digo para que no se le compre la mercader\u00eda t\u00f3xica y m\u00e1gica a esta gente como siempre acaba pasando. Sobre todo los medios. Y sobre todo los medios catalanes. Que ya nos conocemos\u00bb, ha escrito finalmente. <b>La publicaci\u00f3n lleva ya m\u00e1s de 130.000 reproducciones y 5.000 &#8216;me gusta&#8217;.\u00a0<\/b><\/p>\n","protected":false},"excerpt":{"rendered":"Este jueves Junts anunci\u00f3 que presentar\u00eda enmiendas a las 25 leyes presentadas en el Congreso por el Gobierno,&hellip;\n","protected":false},"author":2,"featured_media":224195,"comment_status":"","ping_status":"","sticky":false,"template":"","format":"standard","meta":{"footnotes":""},"categories":[8],"tags":[17,18,25,24,13,14,5394,11,19,20,9,10,15,16,23,12,21,22],"class_list":{"0":"post-224194","1":"post","2":"type-post","3":"status-publish","4":"format-standard","5":"has-post-thumbnail","7":"category-espana","8":"tag-breaking-news","9":"tag-breakingnews","10":"tag-es","11":"tag-espana","12":"tag-featured-news","13":"tag-featurednews","14":"tag-gabriel-rufian","15":"tag-headlines","16":"tag-latest-news","17":"tag-latestnews","18":"tag-news","19":"tag-noticias","20":"tag-noticias-destacadas","21":"tag-noticiasdestacadas","22":"tag-spain","23":"tag-titulares","24":"tag-ultimas-noticias","25":"tag-ultimasnoticias"},"share_on_mastodon":{"url":"https:\/\/pubeurope.com\/@es\/115511093127010188","error":""},"_links":{"self":[{"href":"https:\/\/www.europesays.com\/es\/wp-json\/wp\/v2\/posts\/224194","targetHints":{"allow":["GET"]}}],"collection":[{"href":"https:\/\/www.europesays.com\/es\/wp-json\/wp\/v2\/posts"}],"about":[{"href":"https:\/\/www.europesays.com\/es\/wp-json\/wp\/v2\/types\/post"}],"author":[{"embeddable":true,"href":"https:\/\/www.europesays.com\/es\/wp-json\/wp\/v2\/users\/2"}],"replies":[{"embeddable":true,"href":"https:\/\/www.europesays.com\/es\/wp-json\/wp\/v2\/comments?post=224194"}],"version-history":[{"count":0,"href":"https:\/\/www.europesays.com\/es\/wp-json\/wp\/v2\/posts\/224194\/revisions"}],"wp:featuredmedia":[{"embeddable":true,"href":"https:\/\/www.europesays.com\/es\/wp-json\/wp\/v2\/media\/224195"}],"wp:attachment":[{"href":"https:\/\/www.europesays.com\/es\/wp-json\/wp\/v2\/media?parent=224194"}],"wp:term":[{"taxonomy":"category","embeddable":true,"href":"https:\/\/www.europesays.com\/es\/wp-json\/wp\/v2\/categories?post=224194"},{"taxonomy":"post_tag","embeddable":true,"href":"https:\/\/www.europesays.com\/es\/wp-json\/wp\/v2\/tags?post=224194"}],"curies":[{"name":"wp","href":"https:\/\/api.w.org\/{rel}","templated":true}]}}